{"id":823371,"date":"2026-02-25T01:37:58","date_gmt":"2026-02-25T01:37:58","guid":{"rendered":"https:\/\/www.europesays.com\/de\/823371\/"},"modified":"2026-02-25T01:37:58","modified_gmt":"2026-02-25T01:37:58","slug":"einfach-des-beste-levo-emtb-news-de","status":"publish","type":"post","link":"https:\/\/www.europesays.com\/de\/823371\/","title":{"rendered":"Einfach des beste Levo? \u2013 eMTB-News.de"},"content":{"rendered":"<p>Inhaltsverzeichnis<\/p>\n<p>Specialized Levo 4 R \u2013 Infos und Preise<\/p>\n<tr>Einsatzbereich<\/p>\n<td>Cross-Country, Trail, All-Mountain<\/td>\n<\/tr>\n<tr>Federweg<\/p>\n<td>140 mm\/130 mm<\/td>\n<\/tr>\n<tr>Laufradgr\u00f6\u00dfe<\/p>\n<td>29\u02ba<\/td>\n<\/tr>\n<tr>Rahmenmaterial<\/p>\n<td>Carbon<\/td>\n<\/tr>\n<tr>Motor<\/p>\n<td>Specialized<\/td>\n<\/tr>\n<tr>Akkukapazit\u00e4t<\/p>\n<td>600-1120 Wh<\/td>\n<\/tr>\n<tr>Gewicht (o. Pedale)<\/p>\n<td>21,1 kg<\/td>\n<\/tr>\n<tr>max. Systemgewicht<\/p>\n<td>150,0 kg<\/td>\n<\/tr>\n<tr>Rahmengr\u00f6\u00dfen<\/p>\n<td>S1, S2, S3, S4, S5, S6 (im Test: S4)<\/td>\n<\/tr>\n<tr>Website<\/p>\n<td><a href=\"https:\/\/www.specialized.com\/de\/de\/shop\/fahrrader\/e-bikes\/e-mountainbikes\" rel=\"nofollow noopener\" target=\"_blank\">www.specialized.com<\/a><\/td>\n<\/tr>\n<tr>Preisspanne<\/p>\n<td>7.999 Euro &#8211; 13.999 Euro<\/td>\n<\/tr>\n<p>Die amerikanische Bikebrand Specialized bringt eine neue Version des bekannten Levo heraus. Leichterer Rahmen \u2013 Specialized gibt hier minus 530 g gegen\u00fcber dem normalen, aktuellen <a href=\"https:\/\/www.emtb-news.de\/news\/post_tag\/specialized-turbo-levo\" rel=\"nofollow noopener\" target=\"_blank\">Turbo Levo<\/a> an \u2013, reduzierter Federweg, 29-Zoll-Set-up, kraftvoller Motor und eine racige Geometrie \u2013 et voil\u00e1, fertig ist das Levo R, bei dem der Buchstabe <strong>R<\/strong> nicht etwa f\u00fcr Rico, sondern f\u00fcr <strong>R<\/strong>ally steht. Was Specialized damit meint, liegt auf der Hand: Das neue Levo R soll agiler, schneller und direkter als das langhubige <a href=\"https:\/\/www.emtb-news.de\/news\/modell\/specialized-turbo-levo\/\" rel=\"nofollow noopener\" target=\"_blank\">Levo 4<\/a> sein. Das, soviel kann ich vorwegnehmen, trifft zu 100 Prozent zu, denn auf dem Trail f\u00e4hrt sich das straffere Fahrwerks-Setup direkter und passt perfekt zu einem Trailbike, mit dem man schnell und spa\u00dfig \u00fcber die Trails heizen will. Mit 21,2 kg (Rahmengr\u00f6\u00dfe S4 (L) ist das Levo R relativ leicht f\u00fcr ein Full-Power-E-Bike mit 800er-Akku.<\/p>\n<p>Preislich startet das Levo R bei 7.999 \u20ac. Das Topmodell S-Works, welches wir getestet haben, ist f\u00fcr 13.999 \u20ac (UVP) zu haben.<\/p>\n<p>        <a id=\"fa-photo-81253\"\/><br \/>\n        <a href=\"https:\/\/fotos.emtb-news.de\/p\/81253\" title=\"Specialized Levo 4 R \u2013 Test und Neuvorstellung\" rel=\"nofollow noopener\" target=\"_blank\"><br \/>\n            <img decoding=\"async\" src=\"https:\/\/www.europesays.com\/de\/wp-content\/uploads\/2026\/02\/aHR0cHM6Ly9mc3RhdGljMS5lbXRiLW5ld3MuZGUvdjMvMC84MS84MTI1My1iYmZ4cDZvbmhxOHctc3BlY2lhbGl6ZWRsZXZvNHJ0.jpeg\"   loading=\"lazy\" alt=\"Specialized Levo 4 R \u2013 Test und Neuvorstellung\" title=\"Specialized Levo 4 R \u2013 Test und Neuvorstellung\" data-photo-id=\"81253\" width=\"550\" height=\"367\"\/><br \/>\n        <\/a><\/p>\n<p>            <a href=\"#fa-photo-81253\" class=\"js__imageNumbering\">#<\/a><br \/>\n            <strong>Specialized Levo 4 R \u2013 Test und Neuvorstellung<\/strong>  \u2013 ein E-Trailbike mit 140\/130 mm Federweg, bis zu 850 Watt Spitzenleistung und leichtem Carbonrahmen \u2013 ideal f\u00fcr den ultimativen Trailspa\u00df!<\/p>\n<p>\nDiashow: Specialized Levo R \u2013 neues E-Bike im Test: Einfach des beste Levo?\n<\/p>\n<p><img decoding=\"async\" src=\"https:\/\/www.europesays.com\/de\/wp-content\/uploads\/2025\/07\/youtube-logo-60.png\"   alt=\"Youtube Logo\"\/>Video: Specialized S-Works Levo 4 R im Test<\/p>\n<p>&#8222;&gt;<\/p>\n<p>            <img decoding=\"async\" class=\"js__mtbn-embed-preview-image absolute top-0 left-0 bottom-0 right-0 lg:opacity-50 group-hover:lg:opacity-100\" src=\"https:\/\/www.europesays.com\/de\/wp-content\/uploads\/2026\/02\/https:\/\/i.ytimg.com\/vi\/0c9AmE1RKXI\/maxresdefault.jpg\"\/><br \/>\n<img loading=\"lazy\" decoding=\"async\" class=\"w-28 md:w-32 lg:w-40\" src=\"https:\/\/www.europesays.com\/de\/wp-content\/uploads\/2025\/07\/youtube-embed-256.png\"   width=\"256\" height=\"187\" alt=\"YouTube Icon\"\/><\/p>\n<p>\ud83e\udd29 SPECIALIZED LEVO R \u2013 das beste Levo aller Zeiten?<\/p>\n<p>            Wir ben\u00f6tigen deine Zustimmung, um den von unserer Redaktion eingebundenen Youtube-Inhalt anzuzeigen. Mit dem Klick auf das Video erkl\u00e4rst du dich damit einverstanden, dass dir externe Inhalte angezeigt werden. Damit k\u00f6nnen personenbezogene Daten an Drittplattformen \u00fcbermittelt werden. Mehr dazu in unseren <a href=\"https:\/\/www.emtb-news.de\/news\/datenschutz\/\" target=\"_blank\" rel=\"nofollow noopener\">Datenschutzhinweisen<\/a>.<\/p>\n<p>Motor &amp; Akku<\/p>\n<p><a href=\"https:\/\/www.specialized.com\/de\/de\" rel=\"nofollow noopener\" target=\"_blank\">Specialized<\/a> setzt auch im Levo R auf den hauseigenen 3.1-Motor, den es in der Version \u201eSpecialized\u201c oder \u201eS-Works\u201c gibt. Der Hauptunterschied beider Motorvarianten liegt im Drehmoment und in der Leistung. Die Specialized-Variante gl\u00e4nzt, nach einem <a href=\"https:\/\/www.emtb-news.de\/news\/?p=80986\" rel=\"nofollow noopener\" target=\"_blank\">Leistungsupgrade durch ein Softwareupdate<\/a> im Februar 2026 \u2013 mit 105 Nm maximalem Drehmoment und 810 Watt Spitzenleistung, w\u00e4hrend die S-Works-Version 111 Nm und 850 Watt schafft. Zudem kommen die S-Works-Modelle mit einem Fast-Charger, der es erm\u00f6glicht, in ca. einer Stunde den 800er-Akku von 0 auf 80 % aufzuladen. Im Hinblick auf Bauform, Konstruktion, Display, Remote-Einheit, Akku oder Range Extender unterscheiden sich die beiden Motorsysteme nicht.<\/p>\n<ul>\n<li><strong>Motor <\/strong><a href=\"https:\/\/www.emtb-news.de\/news\/modell\/specialized-3-1\/\" rel=\"nofollow noopener\" target=\"_blank\">Specialized 3.1<\/a> oder S-Works (je nach Modell)<\/li>\n<li><strong>Akkukapazit\u00e4t<\/strong> 600\u2013840 Wh (zzgl. optionalem Range Extender mit 280 Wh Kapazit\u00e4t)<\/li>\n<li><strong>Maximalleistung<\/strong> 810 bzw. 850 Watt<\/li>\n<li><strong>Max. Drehmoment<\/strong> 105 bzw. 111 Nm<\/li>\n<li><strong>Display<\/strong> MasterMind T3 TCU<\/li>\n<\/ul>\n<p><strong><a class=\"mtbnews-link-button\" href=\"https:\/\/www.emtb-news.de\/news\/\" rel=\"nofollow  noopener\" target=\"_blank\">Specialized 3.1-Motor im Test<\/a><\/strong><\/p>\n<p>        <a id=\"fa-photo-81228\"\/><br \/>\n        <a href=\"https:\/\/fotos.emtb-news.de\/p\/81228\" title=\"Specialized setzt im Levo 4 R nat\u00fcrlich auch auf den 3.1-Motor, der, je nach Modell, 810 bzw. 850 W in der Spitze leistet\" rel=\"nofollow noopener\" target=\"_blank\"><br \/>\n            <img decoding=\"async\" src=\"https:\/\/www.europesays.com\/de\/wp-content\/uploads\/2026\/02\/aHR0cHM6Ly9mc3RhdGljMS5lbXRiLW5ld3MuZGUvdjMvMC84MS84MTIyOC1tZDdvb2l1ZmxzaWQtc3BlY2lhbGl6ZWRsZXZvNHJ0.jpeg\"   loading=\"lazy\" alt=\"Specialized setzt im Levo 4 R nat\u00fcrlich auch auf den 3.1-Motor, der, je nach Modell, 810 bzw. 850 W in der Spitze leistet\" title=\"Specialized setzt im Levo 4 R nat\u00fcrlich auch auf den 3.1-Motor, der, je nach Modell, 810 bzw. 850 W in der Spitze leistet\" data-photo-id=\"81228\" width=\"550\" height=\"367\"\/><br \/>\n        <\/a><\/p>\n<p>            <a href=\"#fa-photo-81228\" class=\"js__imageNumbering\">#<\/a><br \/>\n            <strong>Specialized setzt im Levo 4 R nat\u00fcrlich auch auf den 3.1-Motor, der, je nach Modell, 810 bzw. 850 W in der Spitze leistet<\/strong>  \u2013 und sich via App oder direkt am Bike einfach individualisieren l\u00e4sst.<\/p>\n<p>        <a id=\"fa-photo-81233\"\/><br \/>\n        <a href=\"https:\/\/fotos.emtb-news.de\/p\/81233\" title=\"Gut ablesbar und wertig: das Display (Mastermind TCU) im Oberrohr.\" rel=\"nofollow noopener\" target=\"_blank\"><br \/>\n            <img decoding=\"async\" src=\"https:\/\/thumbnails.emtb-news.de\/cache\/320_auto_1_1_0\/a6\/aHR0cHM6Ly9mc3RhdGljMS5lbXRiLW5ld3MuZGUvdjMvMC84MS84MTIzMy0wMXoxMnB1Z3d2djQtc3BlY2lhbGl6ZWRsZXZvNHJ0ZXN0dW5kbmV1dm9yc3RlbGx1bmd6OGhfMDQ4Mi1vcmlnaW5hbC5qcGc.jpg\"   loading=\"lazy\" alt=\"Gut ablesbar und wertig: das Display (Mastermind TCU) im Oberrohr.\" title=\"Gut ablesbar und wertig: das Display (Mastermind TCU) im Oberrohr.\" data-photo-id=\"81233\" width=\"550\" height=\"367\"\/><br \/>\n        <\/a><\/p>\n<p>            <a href=\"#fa-photo-81233\" class=\"js__imageNumbering\">#<\/a><br \/>\n            <strong>Gut ablesbar und wertig: das Display (Mastermind TCU) im Oberrohr.<\/strong> <\/p>\n<p>Geometrie<\/p>\n<p>Specialized bietet das Levo R nat\u00fcrlich in den bekannten sechs Rahmengr\u00f6\u00dfen (S1 bis S6) an, was \u00fcbersetzt XS bis XXL bedeutet. Neben der Abkehr von Mullet hin zu Full-Twentynine wird der Lenkwinkel mit 65\u00b0 etwas steiler. Der Reach betr\u00e4gt 475 mm und der Stack misst 630 mm (Rahmengr\u00f6\u00dfe S4\/L). Die Kettenstrebenl\u00e4nge, die \u00fcbrigens bei jeder Rahmengr\u00f6\u00dfe identisch lang ist und nicht mitw\u00e4chst, betr\u00e4gt 447 mm und kann mittels Flip-Chip kurz und lang gefahren werden. Ebenso l\u00e4sst sich der Lenkwinkel durch mitgelieferte Steuersatzschalen um \u00b1 1\u00b0 variieren. Zusammengefasst kann man sagen, dass die Geometrie des kurzhubigen Levo 4 R im Hauptrahmen etwas k\u00fcrzer als das langhubigere Levo 4 ausf\u00e4llt (<a href=\"https:\/\/geometrics.mtb-news.de\/bike\/compare\/12036_10315\" rel=\"nofollow noopener\" target=\"_blank\">hier findest du den Vergleich<\/a>), aber generell fast genauso viele individuelle Einstellm\u00f6glichkeiten und ein gutes Balancing bietet.<\/p>\n<p>Wichtiger Fakt: Die kleinste Rahmengr\u00f6\u00dfe S1 rollt auf Mullet-Laufr\u00e4dern, also vorne 29\u2033 und hinten 27,5\u2033.<\/p>\n<p>Wusstest du eigentlich, dass du in <a href=\"https:\/\/geometrics.mtb-news.de\" rel=\"nofollow noopener\" target=\"_blank\">Geometrics \u2013 unsere Datenbank f\u00fcr Fahrrad-Geometrien<\/a> \u2013 viele aktuelle E-Bikes miteinander vergleichen und auf den ersten Blick die Unterschiede sehen kannst? Probier\u2019s mal aus!<\/p>\n<p><strong>Erh\u00e4ltliche Rahmengr\u00f6\u00dfen<\/strong> S1 \/ S2 \/ S3 \/ <strong>S4 (getestet)<\/strong> \/ S5 \/ S6<strong><br \/><\/strong><\/p>\n<p>        <a id=\"fa-photo-81987\"\/><br \/>\n        <a href=\"https:\/\/fotos.emtb-news.de\/p\/81987\" title=\"Specialized Levo 4 R mit Geometrieangaben in Rahmengr\u00f6sse S4 (L).\" rel=\"nofollow noopener\" target=\"_blank\"><br \/>\n            <img decoding=\"async\" src=\"https:\/\/thumbnails.emtb-news.de\/cache\/320_auto_1_1_0\/14\/aHR0cHM6Ly9mc3RhdGljMS5lbXRiLW5ld3MuZGUvdjMvMC84MS84MTk4Ny1jcHRkbzczeDFqeHEtc3BlY2lhbGl6ZWRsZXZvNHJtaXRnZW9tZXRyaWVhbmdhYmVuaW5yYWhtZW5ncnNzZWxuZXUtb3JpZ2luYWwuanBn.jpg\"   loading=\"lazy\" alt=\"Specialized Levo 4 R mit Geometrieangaben in Rahmengr\u00f6sse S4 (L).\" title=\"Specialized Levo 4 R mit Geometrieangaben in Rahmengr\u00f6sse S4 (L).\" data-photo-id=\"81987\" width=\"550\" height=\"367\"\/><br \/>\n        <\/a><\/p>\n<p>            <a href=\"#fa-photo-81987\" class=\"js__imageNumbering\">#<\/a><br \/>\n            <strong>Specialized Levo 4 R mit Geometrieangaben in Rahmengr\u00f6sse S4 (L).<\/strong> <\/p>\n<p>                    Ausf\u00fchrliche Geometrie-Tabelle bitte ausklappen<\/p>\n<tr>\nRahmengr\u00f6\u00dfe<\/p>\n<p>S1 (XS)<\/p>\n<p>S2 (S)<\/p>\n<p>S3 (M)<\/p>\n<p>S4 (L)<\/p>\n<p>S5 (XL)<\/p>\n<p>S6 (XXL)<\/p>\n<\/tr>\n<tr>\n<td class=\"field-label\">Laufradgr\u00f6\u00dfe<\/td>\n<td>\n29\u2033\n<\/td>\n<td>\n29\u2033\n<\/td>\n<td>\n29\u2033\n<\/td>\n<td>\n29\u2033\n<\/td>\n<td>\n29\u2033\n<\/td>\n<td>\n29\u2033\n<\/td>\n<\/tr>\n<tr>\n<td class=\"field-label\">Reach<\/td>\n<td>\n400\u00a0mm\n<\/td>\n<td>\n420\u00a0mm\n<\/td>\n<td>\n450\u00a0mm\n<\/td>\n<td>\n475\u00a0mm\n<\/td>\n<td>\n500\u00a0mm\n<\/td>\n<td>\n525\u00a0mm\n<\/td>\n<\/tr>\n<tr>\n<td class=\"field-label\">Stack<\/td>\n<td>\n602\u00a0mm\n<\/td>\n<td>\n607\u00a0mm\n<\/td>\n<td>\n616\u00a0mm\n<\/td>\n<td>\n630\u00a0mm\n<\/td>\n<td>\n644\u00a0mm\n<\/td>\n<td>\n657\u00a0mm\n<\/td>\n<\/tr>\n<tr>\n<td class=\"field-label\">STR<\/td>\n<td>\n1,51\n<\/td>\n<td>\n1,45\n<\/td>\n<td>\n1,37\n<\/td>\n<td>\n1,33\n<\/td>\n<td>\n1,29\n<\/td>\n<td>\n1,25\n<\/td>\n<\/tr>\n<tr>\n<td class=\"field-label\">Lenkwinkel<\/td>\n<td>\n64,8\u00b0\n<\/td>\n<td>\n65\u00b0\n<\/td>\n<td>\n65\u00b0\n<\/td>\n<td>\n65\u00b0\n<\/td>\n<td>\n65\u00b0\n<\/td>\n<td>\n65\u00b0\n<\/td>\n<\/tr>\n<tr>\n<td class=\"field-label\">Sitzwinkel, real<\/td>\n<td>\n77\u00b0\n<\/td>\n<td>\n77\u00b0\n<\/td>\n<td>\n77\u00b0\n<\/td>\n<td>\n77\u00b0\n<\/td>\n<td>\n77\u00b0\n<\/td>\n<td>\n77\u00b0\n<\/td>\n<\/tr>\n<tr>\n<td class=\"field-label\">Oberrohr (horiz.)<\/td>\n<td>\n539\u00a0mm\n<\/td>\n<td>\n560\u00a0mm\n<\/td>\n<td>\n592\u00a0mm\n<\/td>\n<td>\n620\u00a0mm\n<\/td>\n<td>\n649\u00a0mm\n<\/td>\n<td>\n677\u00a0mm\n<\/td>\n<\/tr>\n<tr>\n<td class=\"field-label\">Steuerrohr<\/td>\n<td>\n95\u00a0mm\n<\/td>\n<td>\n100\u00a0mm\n<\/td>\n<td>\n110\u00a0mm\n<\/td>\n<td>\n125\u00a0mm\n<\/td>\n<td>\n140\u00a0mm\n<\/td>\n<td>\n155\u00a0mm\n<\/td>\n<\/tr>\n<tr>\n<td class=\"field-label\">Sitzrohr<\/td>\n<td>\n375\u00a0mm\n<\/td>\n<td>\n385\u00a0mm\n<\/td>\n<td>\n405\u00a0mm\n<\/td>\n<td>\n425\u00a0mm\n<\/td>\n<td>\n445\u00a0mm\n<\/td>\n<td>\n465\u00a0mm\n<\/td>\n<\/tr>\n<tr>\n<td class=\"field-label\">\u00dcberstandsh\u00f6he<\/td>\n<td>\n761\u00a0mm\n<\/td>\n<td>\n763\u00a0mm\n<\/td>\n<td>\n773\u00a0mm\n<\/td>\n<td>\n783\u00a0mm\n<\/td>\n<td>\n793\u00a0mm\n<\/td>\n<td>\n803\u00a0mm\n<\/td>\n<\/tr>\n<tr>\n<td class=\"field-label\">Kettenstreben<\/td>\n<td>\n447\u00a0mm\n<\/td>\n<td>\n447\u00a0mm\n<\/td>\n<td>\n447\u00a0mm\n<\/td>\n<td>\n447\u00a0mm\n<\/td>\n<td>\n447\u00a0mm\n<\/td>\n<td>\n447\u00a0mm\n<\/td>\n<\/tr>\n<tr>\n<td class=\"field-label\">Radstand<\/td>\n<td>\n1.160\u00a0mm\n<\/td>\n<td>\n1.181\u00a0mm\n<\/td>\n<td>\n1.215\u00a0mm\n<\/td>\n<td>\n1.246\u00a0mm\n<\/td>\n<td>\n1.277\u00a0mm\n<\/td>\n<td>\n1.309\u00a0mm\n<\/td>\n<\/tr>\n<tr>\n<td class=\"field-label\">Tretlagerabsenkung<\/td>\n<td>\n36\u00a0mm\n<\/td>\n<td>\n36\u00a0mm\n<\/td>\n<td>\n36\u00a0mm\n<\/td>\n<td>\n36\u00a0mm\n<\/td>\n<td>\n36\u00a0mm\n<\/td>\n<td>\n36\u00a0mm\n<\/td>\n<\/tr>\n<tr>\n<td class=\"field-label\">Tretlagerh\u00f6he<\/td>\n<td>\n339\u00a0mm\n<\/td>\n<td>\n339\u00a0mm\n<\/td>\n<td>\n339\u00a0mm\n<\/td>\n<td>\n339\u00a0mm\n<\/td>\n<td>\n339\u00a0mm\n<\/td>\n<td>\n339\u00a0mm\n<\/td>\n<\/tr>\n<tr>\n<td class=\"field-label\">Einbauh\u00f6he Gabel<\/td>\n<td>\n550\u00a0mm\n<\/td>\n<td>\n550\u00a0mm\n<\/td>\n<td>\n550\u00a0mm\n<\/td>\n<td>\n550\u00a0mm\n<\/td>\n<td>\n550\u00a0mm\n<\/td>\n<td>\n550\u00a0mm\n<\/td>\n<\/tr>\n<tr>\n<td class=\"field-label\">Gabel-Offset<\/td>\n<td>\n44\u00a0mm\n<\/td>\n<td>\n44\u00a0mm\n<\/td>\n<td>\n44\u00a0mm\n<\/td>\n<td>\n44\u00a0mm\n<\/td>\n<td>\n44\u00a0mm\n<\/td>\n<td>\n44\u00a0mm\n<\/td>\n<\/tr>\n<tr>\n<td class=\"field-label\">Federweg (hinten)<\/td>\n<td>\n140\u00a0mm\n<\/td>\n<td>\n140\u00a0mm\n<\/td>\n<td>\n140\u00a0mm\n<\/td>\n<td>\n140\u00a0mm\n<\/td>\n<td>\n140\u00a0mm\n<\/td>\n<td>\n140\u00a0mm\n<\/td>\n<\/tr>\n<tr>\n<td class=\"field-label\">Federweg (vorn)<\/td>\n<td>\n140\u00a0mm\n<\/td>\n<td>\n140\u00a0mm\n<\/td>\n<td>\n140\u00a0mm\n<\/td>\n<td>\n140\u00a0mm\n<\/td>\n<td>\n140\u00a0mm\n<\/td>\n<td>\n140\u00a0mm\n<\/td>\n<\/tr>\n<p>            Geometrics:<br \/>\n            <a href=\"https:\/\/geometrics.mtb-news.de\/bike\/specialized-levo-4-r-2026.2430\" target=\"_blank\" rel=\"noopener nofollow\" class=\"block w-auto md:inline\"><br \/>\n                Specialized Levo 4 R (2026) Geometrie<\/p>\n<p>                <\/a><br \/>\n            \u2014<br \/>\n            <a href=\"https:\/\/geometrics.mtb-news.de\/bike\/compare\/12033_12034_12035_12036_12037_12038@12033\" target=\"_blank\" rel=\"noopener nofollow\" class=\"block w-auto md:inline\"><br \/>\n                Geometrie vergleichen mit\u2026<\/p>\n<p>                <\/a><\/p>\n<p>Ausstattung<\/p>\n<p>Specialized bietet das Levo R in drei verschiedenen Varianten und in jeweils zwei Farben an. Los geht es mit Comp f\u00fcr 7.999 \u20ac, gefolgt von Expert f\u00fcr 9.999 \u20ac bis hin zum S-Works, das f\u00fcr 13.999 \u20ac zu haben ist. Eine Pro-Version gibt es vom Levo R aktuell nicht.<\/p>\n<p>Den Einstieg in die R-Plattform bildet das Levo R Comp. Mit der Fox 36 SL Performance-Federgabel an der Front und dem Fox Float Performance GENIE-D\u00e4mpfer am Heck bietet es ein ausgewogenes, trailtaugliches Fahrwerk. Der <a href=\"https:\/\/www.emtb-news.de\/news\/modell\/specialized-3-1\/\" rel=\"nofollow noopener\" target=\"_blank\">Specialized 3.1 Motor<\/a> liefert mit 105 Nm und 810 Watt kr\u00e4ftigen Vortrieb, w\u00e4hrend der 840-Wh-Akku auch lange Tage im Sattel erm\u00f6glicht. Die elektronische SRAM S-1000 Eagle AXS Transmission und SRAM Motive Bronze <a href=\"https:\/\/www.emtb-news.de\/news\/category\/e-mtb-teile\/bremsen\/\" rel=\"nofollow noopener\" target=\"_blank\">Bremsen<\/a> runden das Paket zu einem robusten, modernen E-Trailbike ab.<\/p>\n<p>Das Levo R Expert richtet sich an ambitionierte Trail- und All-Mountain-Fahrer, die Wert auf feinere Performance legen. Fox 36 SL Performance Elite-<a href=\"https:\/\/www.emtb-news.de\/news\/category\/e-mtb-teile\/federgabel\/\" rel=\"nofollow noopener\" target=\"_blank\">Federgabel<\/a> und Float Performance Elite GENIE-<a href=\"https:\/\/www.emtb-news.de\/news\/category\/e-mtb-teile\/daempfer\/\" rel=\"nofollow noopener\" target=\"_blank\">D\u00e4mpfer<\/a> bieten sp\u00fcrbar mehr Sensibilit\u00e4t und Reserven im Gel\u00e4nde. Geschaltet wird mit der SRAM GX Eagle AXS Transmission, gebremst mit SRAM Motive Bronze. Der bew\u00e4hrte Specialized 3.1 Motor mit 105 Nm und 810 Watt sorgt in Kombination mit dem 840-Wh-Akku f\u00fcr souver\u00e4ne Uphillperformance und ausdauernde Touren, w\u00e4hrend die Roval Traverse SL II Carbon-Laufr\u00e4der dem Bike zus\u00e4tzliche Pr\u00e4zision verleihen.<\/p>\n<p>Topmodell ist und bleibt nat\u00fcrlich das S-Works Levo R (hier im <a href=\"https:\/\/www.emtb-news.de\/news\/category\/e-mountainbikes\/e-mtb-tests\/\" rel=\"nofollow noopener\" target=\"_blank\">Test<\/a>). Es spielt im Hinblick auf Ausstattung, Motor und Schnellladeger\u00e4t klar in der High-End-Liga. Das Fox Factory Fahrwerk mit 36 SL Factory Gabel und Float Factory GENIE-D\u00e4mpfer liefert maximale Kontrolle und Feinf\u00fchligkeit. Der exklusive S-Works 3.1 Motor setzt mit 111 Nm Drehmoment und 850 Watt Spitzenleistung neue Ma\u00dfst\u00e4be und macht das Bike sp\u00fcrbar explosiver. Kombiniert mit der SRAM XX Eagle AXS Transmission, SRAM Motive Ultimate <a href=\"https:\/\/www.emtb-news.de\/news\/category\/e-mtb-teile\/bremsen\/\" rel=\"nofollow noopener\" target=\"_blank\">Bremsen<\/a>, Roval Traverse SL II Carbon-<a href=\"https:\/\/www.emtb-news.de\/news\/category\/e-mtb-teile\/laufrad\/\" rel=\"nofollow noopener\" target=\"_blank\">Laufr\u00e4dern<\/a> und dem 840-Wh-Akku ist dieses Modell kompromisslos auf Performance ausgelegt. Unser Testrad kam in Rahmengr\u00f6\u00dfe S4 (L) auf 21,2 kg.<\/p>\n<p>Specialized Levo R \u2013 Preis (UVP)<\/p>\n<ul>\n<li><strong>Specialized Levo R S-Works<\/strong> 13.999 \u20ac<\/li>\n<li><strong>Specialized Levo R Expert<\/strong> 9.999 \u20ac<\/li>\n<li><strong>Specialized Levo R Comp<\/strong> 7.999 \u20ac<\/li>\n<\/ul>\n<p>                    Specialized Levo R \u2013 Ausstattungsdetails bitte ausklappen<\/p>\n<tr class=\"row-1\">\n<td class=\"column-1\">Modell<\/td>\n<td class=\"column-2\">Specialized Levo 4 R Comp<\/td>\n<td class=\"column-3\">Specialized Levo 4 R Expert<\/td>\n<td class=\"column-4\">S-Works Levo 4 R<\/td>\n<\/tr>\n<tr class=\"row-2\">\n<td class=\"column-1\">Rahmen<\/td>\n<td class=\"column-2\">FACT 11m Carbonrahmen \/ 130 mm Federweg<\/td>\n<td class=\"column-3\">FACT 11m Carbonrahmen \/ 130 mm Federweg<\/td>\n<td class=\"column-4\">FACT 11m Carbonrahmen \/ 130 mm Federweg<\/td>\n<\/tr>\n<tr class=\"row-3\">\n<td class=\"column-1\">Gabel<\/td>\n<td class=\"column-2\">FOX 36 SL Performance<\/td>\n<td class=\"column-3\">FOX 36 SL Performance Elite<\/td>\n<td class=\"column-4\">FOX 36 SL Factory<\/td>\n<\/tr>\n<tr class=\"row-4\">\n<td class=\"column-1\">D\u00e4mpfer<\/td>\n<td class=\"column-2\">FOX FLOAT Performance GENIE<\/td>\n<td class=\"column-3\">FOX FLOAT Performance Elite GENIE<\/td>\n<td class=\"column-4\">FOX FLOAT Factory GENIE<\/td>\n<\/tr>\n<tr class=\"row-5\">\n<td class=\"column-1\">Schaltung<\/td>\n<td class=\"column-2\">SRAM S-1000 Eagle AXS Transmission<\/td>\n<td class=\"column-3\">SRAM GX Eagle AXS Transmission<\/td>\n<td class=\"column-4\">SRAM XX Eagle AXS Transmission<\/td>\n<\/tr>\n<tr class=\"row-6\">\n<td class=\"column-1\">Kurbel<\/td>\n<td class=\"column-2\">SRAM Eagle 70<\/td>\n<td class=\"column-3\">SRAM GX Alloy<\/td>\n<td class=\"column-4\">SRAM XX Carbon<\/td>\n<\/tr>\n<tr class=\"row-7\">\n<td class=\"column-1\">Bremse<\/td>\n<td class=\"column-2\">SRAM Motive Bronze<\/td>\n<td class=\"column-3\">SRAM Motive Bronze<\/td>\n<td class=\"column-4\">SRAM Motive Ultimate<\/td>\n<\/tr>\n<tr class=\"row-8\">\n<td class=\"column-1\">Laufr\u00e4der<\/td>\n<td class=\"column-2\">Specialized<\/td>\n<td class=\"column-3\">Roval Traverse SL II Carbon<\/td>\n<td class=\"column-4\">Roval Traverse SL II Carbon<\/td>\n<\/tr>\n<tr class=\"row-9\">\n<td colspan=\"4\" class=\"column-1\">Reifen<\/td>\n<\/tr>\n<tr class=\"row-10\">\n<td class=\"column-1\">Vorderreifen<\/td>\n<td class=\"column-2\">Specialized Purgatory, GRID Casing, T9 Compound, 29&#215;2.4<\/td>\n<td class=\"column-3\">Specialized Purgatory, GRID Casing, T9 Compound, 29&#215;2.4<\/td>\n<td class=\"column-4\">Specialized Purgatory, GRID Casing, T9 Compound, 29&#215;2.4<\/td>\n<\/tr>\n<tr class=\"row-11\">\n<td class=\"column-1\">Hinterreifen<\/td>\n<td class=\"column-2\">Specialized Purgatory, Grid Trail Casing, T7 Compound, 29&#215;2.4<br \/>(S1 27.5&#215;2.4)<\/td>\n<td class=\"column-3\">Specialized Purgatory, Grid Trail Casing, T7 Compound, 29&#215;2.4<br \/>(S1 27.5&#215;2.4)<\/td>\n<td class=\"column-4\">Specialized Purgatory, Grid Trail Casing, T7 Compound, 29&#215;2.4<br \/>(S1 27.5&#215;2.4)<\/td>\n<\/tr>\n<tr class=\"row-12\">\n<td class=\"column-1\">Sattel<\/td>\n<td class=\"column-2\">Body Geometry Power Comp<\/td>\n<td class=\"column-3\">Body Geometry Power Comp<\/td>\n<td class=\"column-4\">Specialized S-Works Power Mirror<\/td>\n<\/tr>\n<tr class=\"row-13\">\n<td class=\"column-1\">Sattelst\u00fctze<\/td>\n<td class=\"column-2\">X-Fusion Manic<\/td>\n<td class=\"column-3\">X-Fusion Manic<\/td>\n<td class=\"column-4\">RockShox Reverb AXS,<\/td>\n<\/tr>\n<tr class=\"row-14\">\n<td class=\"column-1\">Lenker<\/td>\n<td class=\"column-2\">Specialized Alloy<\/td>\n<td class=\"column-3\">Specialized Alloy<\/td>\n<td class=\"column-4\">Roval Control SL RISE Integrated cockpit<\/td>\n<\/tr>\n<tr class=\"row-15\">\n<td class=\"column-1\">Vorbau<\/td>\n<td class=\"column-2\">Alloy Trail Stem<\/td>\n<td class=\"column-3\">Alloy Trail Stem<\/td>\n<td class=\"column-4\">Roval Control SL RISE Integrated cockpit<\/td>\n<\/tr>\n<tr class=\"row-16\">\n<td class=\"column-1\">Motor<\/td>\n<td class=\"column-2\">Specialized 3.1<\/td>\n<td class=\"column-3\">Specialized 3.1<\/td>\n<td class=\"column-4\">Specialized S-Works 3.1<\/td>\n<\/tr>\n<tr class=\"row-17\">\n<td class=\"column-1\">Display<\/td>\n<td class=\"column-2\">Mastermind TCU<\/td>\n<td class=\"column-3\">Mastermind TCU<\/td>\n<td class=\"column-4\">Mastermind TCU<\/td>\n<\/tr>\n<tr class=\"row-18\">\n<td class=\"column-1\">Akkukapazit\u00e4t<\/td>\n<td class=\"column-2\">840<\/td>\n<td class=\"column-3\">840<\/td>\n<td class=\"column-4\">840<\/td>\n<\/tr>\n<tr class=\"row-19\">\n<td class=\"column-1\">Max. Drehmoment<\/td>\n<td class=\"column-2\">105 Nm<\/td>\n<td class=\"column-3\">105 Nm<\/td>\n<td class=\"column-4\">111 Nm<\/td>\n<\/tr>\n<tr class=\"row-20\">\n<td class=\"column-1\">Gewicht *<\/td>\n<td class=\"column-2\">22,3 kg<\/td>\n<td class=\"column-3\">21,7 kg<\/td>\n<td class=\"column-4\">21,1 kg<\/td>\n<\/tr>\n<tr class=\"row-21\">\n<td class=\"column-1\">Preis (UVP)<\/td>\n<td class=\"column-2\">7.999 \u20ac<\/td>\n<td class=\"column-3\">9.999 \u20ac<\/td>\n<td class=\"column-4\">13.999 \u20ac<\/td>\n<\/tr>\n<tr class=\"row-22\">\n<td colspan=\"4\" class=\"column-1\">* Herstellerangabe<\/td>\n<\/tr>\n<p>        <a id=\"fa-photo-81251\"\/><br \/>\n        <a href=\"https:\/\/fotos.emtb-news.de\/p\/81251\" title=\"Am S-Works-Modell verbaut Specialized eine Vorbau-Lenker-Einheit aus Carbon.\" rel=\"nofollow noopener\" target=\"_blank\"><br \/>\n            <img decoding=\"async\" src=\"https:\/\/www.europesays.com\/de\/wp-content\/uploads\/2026\/02\/aHR0cHM6Ly9mc3RhdGljMS5lbXRiLW5ld3MuZGUvdjMvMC84MS84MTI1MS1nNnFmNDJndWQ3ZGstc3BlY2lhbGl6ZWRsZXZvNHJ0.jpeg\"   loading=\"lazy\" alt=\"Am S-Works-Modell verbaut Specialized eine Vorbau-Lenker-Einheit aus Carbon.\" title=\"Am S-Works-Modell verbaut Specialized eine Vorbau-Lenker-Einheit aus Carbon.\" data-photo-id=\"81251\" width=\"550\" height=\"367\"\/><br \/>\n        <\/a><\/p>\n<p>            <a href=\"#fa-photo-81251\" class=\"js__imageNumbering\">#<\/a><br \/>\n            <strong>Am S-Works-Modell verbaut Specialized eine Vorbau-Lenker-Einheit aus Carbon.<\/strong>  \u2013 Optisch ziemlich schick, allerdings \u00fcberhaupt nicht individuell einstellbar.<\/p>\n<p>            <a id=\"fa-photo-81249\"\/><br \/>\n            <a href=\"https:\/\/fotos.emtb-news.de\/p\/81249\" title=\"Feinstes Fox Factory-Fahrwerk, auch wenn es durch die Reduktion des Federwegs etwas straffer ausf\u00e4llt.\" rel=\"nofollow noopener\" target=\"_blank\"><br \/>\n                <img decoding=\"async\" src=\"https:\/\/www.europesays.com\/de\/wp-content\/uploads\/2026\/02\/aHR0cHM6Ly9mc3RhdGljMS5lbXRiLW5ld3MuZGUvdjMvMC84MS84MTI0OS1vb3N1NHJ6eTBkNXctc3BlY2lhbGl6ZWRsZXZvNHJ0.jpeg\"   loading=\"lazy\" alt=\"Feinstes Fox Factory-Fahrwerk, auch wenn es durch die Reduktion des Federwegs etwas straffer ausf\u00e4llt.\" title=\"Feinstes Fox Factory-Fahrwerk, auch wenn es durch die Reduktion des Federwegs etwas straffer ausf\u00e4llt.\" data-photo-id=\"81249\" height=\"367\" width=\"550\"\/><br \/>\n            <\/a><\/p>\n<p>                <a href=\"#fa-photo-81249\" class=\"js__imageNumbering\">#<\/a><br \/>\n                <strong>Feinstes Fox Factory-Fahrwerk, auch wenn es durch die Reduktion des Federwegs etwas straffer ausf\u00e4llt.<\/strong> <\/p>\n<p>            <a id=\"fa-photo-81242\"\/><br \/>\n            <a href=\"https:\/\/fotos.emtb-news.de\/p\/81242\" title=\"Am Heck sorgt ein Fox Float Genie-D\u00e4mpfer f\u00fcr Traktion und Komfort.\" rel=\"nofollow noopener\" target=\"_blank\"><br \/>\n                <img decoding=\"async\" src=\"https:\/\/www.europesays.com\/de\/wp-content\/uploads\/2026\/02\/aHR0cHM6Ly9mc3RhdGljMS5lbXRiLW5ld3MuZGUvdjMvMC84MS84MTI0Mi01NDBxa3pmMjN6cmotc3BlY2lhbGl6ZWRsZXZvNHJ0.jpeg\"   loading=\"lazy\" alt=\"Am Heck sorgt ein Fox Float Genie-D\u00e4mpfer f\u00fcr Traktion und Komfort.\" title=\"Am Heck sorgt ein Fox Float Genie-D\u00e4mpfer f\u00fcr Traktion und Komfort.\" data-photo-id=\"81242\" height=\"367\" width=\"550\"\/><br \/>\n            <\/a><\/p>\n<p>                <a href=\"#fa-photo-81242\" class=\"js__imageNumbering\">#<\/a><br \/>\n                <strong>Am Heck sorgt ein Fox Float Genie-D\u00e4mpfer f\u00fcr Traktion und Komfort.<\/strong> <\/p>\n<p>        <a id=\"fa-photo-81244\"\/><br \/>\n        <a href=\"https:\/\/fotos.emtb-news.de\/p\/81244\" title=\"Die Lackierung ist, ich sag es mal ganz salopp, recht \u201especial\u201c \u2013 mir gef\u00e4llt&#039;s.\" rel=\"nofollow noopener\" target=\"_blank\"><br \/>\n            <img decoding=\"async\" src=\"https:\/\/www.europesays.com\/de\/wp-content\/uploads\/2026\/02\/aHR0cHM6Ly9mc3RhdGljMS5lbXRiLW5ld3MuZGUvdjMvMC84MS84MTI0NC1jb3Y1eDQ5cnhza3Qtc3BlY2lhbGl6ZWRsZXZvNHJ0.jpeg\"   loading=\"lazy\" alt=\"Die Lackierung ist, ich sag es mal ganz salopp, recht \u201especial\u201c \u2013 mir gef\u00e4llt's.\" title=\"Die Lackierung ist, ich sag es mal ganz salopp, recht \u201especial\u201c \u2013 mir gef\u00e4llt's.\" data-photo-id=\"81244\" width=\"550\" height=\"367\"\/><br \/>\n        <\/a><\/p>\n<p>            <a href=\"#fa-photo-81244\" class=\"js__imageNumbering\">#<\/a><br \/>\n            <strong>Die Lackierung ist, ich sag es mal ganz salopp, recht \u201especial\u201c \u2013 mir gef\u00e4llt&#8217;s.<\/strong> <\/p>\n<p>            <a id=\"fa-photo-81235\"\/><br \/>\n            <a href=\"https:\/\/fotos.emtb-news.de\/p\/81235\" title=\"Geschaltet wird nat\u00fcrlich mit ...\" rel=\"nofollow noopener\" target=\"_blank\"><br \/>\n                <img decoding=\"async\" src=\"https:\/\/www.europesays.com\/de\/wp-content\/uploads\/2026\/02\/aHR0cHM6Ly9mc3RhdGljMS5lbXRiLW5ld3MuZGUvdjMvMC84MS84MTIzNS02NnUzYzVhdTdreHUtc3BlY2lhbGl6ZWRsZXZvNHJ0.jpeg\"   loading=\"lazy\" alt=\"Geschaltet wird nat\u00fcrlich mit ...\" title=\"Geschaltet wird nat\u00fcrlich mit ...\" data-photo-id=\"81235\" height=\"367\" width=\"550\"\/><br \/>\n            <\/a><\/p>\n<p>                <a href=\"#fa-photo-81235\" class=\"js__imageNumbering\">#<\/a><br \/>\n                <strong>Geschaltet wird nat\u00fcrlich mit &#8230;<\/strong> <\/p>\n<p>            <a id=\"fa-photo-81240\"\/><br \/>\n            <a href=\"https:\/\/fotos.emtb-news.de\/p\/81240\" title=\"... SRAM AXS Transition.\" rel=\"nofollow noopener\" target=\"_blank\"><br \/>\n                <img decoding=\"async\" src=\"https:\/\/www.europesays.com\/de\/wp-content\/uploads\/2026\/02\/aHR0cHM6Ly9mc3RhdGljMS5lbXRiLW5ld3MuZGUvdjMvMC84MS84MTI0MC13aHo3aXN4YnZoc2otc3BlY2lhbGl6ZWRsZXZvNHJ0.jpeg\"   loading=\"lazy\" alt=\"... SRAM AXS Transition.\" title=\"... SRAM AXS Transition.\" data-photo-id=\"81240\" height=\"367\" width=\"550\"\/><br \/>\n            <\/a><\/p>\n<p>                <a href=\"#fa-photo-81240\" class=\"js__imageNumbering\">#<\/a><br \/>\n                <strong>&#8230; SRAM AXS Transition.<\/strong> <\/p>\n<p>        <a id=\"fa-photo-81227\"\/><br \/>\n        <a href=\"https:\/\/fotos.emtb-news.de\/p\/81227\" title=\"Als Bremsen kommen SRAM Motive zum Einsatz.\" rel=\"nofollow noopener\" target=\"_blank\"><br \/>\n            <img decoding=\"async\" src=\"https:\/\/www.europesays.com\/de\/wp-content\/uploads\/2026\/02\/aHR0cHM6Ly9mc3RhdGljMS5lbXRiLW5ld3MuZGUvdjMvMC84MS84MTIyNy03YnVicnk1d251ejItc3BlY2lhbGl6ZWRsZXZvNHJ0.jpeg\"   loading=\"lazy\" alt=\"Als Bremsen kommen SRAM Motive zum Einsatz.\" title=\"Als Bremsen kommen SRAM Motive zum Einsatz.\" data-photo-id=\"81227\" width=\"550\" height=\"367\"\/><br \/>\n        <\/a><\/p>\n<p>            <a href=\"#fa-photo-81227\" class=\"js__imageNumbering\">#<\/a><br \/>\n            <strong>Als Bremsen kommen SRAM Motive zum Einsatz.<\/strong> <\/p>\n<p>        <a id=\"fa-photo-81225\"\/><br \/>\n        <a href=\"https:\/\/fotos.emtb-news.de\/p\/81225\" title=\"Dieses speziell aufgebaute Levo R brachte es an der Waage auf niedrige 18,8 kg.\" rel=\"nofollow noopener\" target=\"_blank\"><br \/>\n            <img decoding=\"async\" src=\"https:\/\/www.europesays.com\/de\/wp-content\/uploads\/2026\/02\/aHR0cHM6Ly9mc3RhdGljMS5lbXRiLW5ld3MuZGUvdjMvMC84MS84MTIyNS1pdjBmeGtldGc2emgtc3BlY2lhbGl6ZWRsZXZvNHJ0.jpeg\"   loading=\"lazy\" alt=\"Dieses speziell aufgebaute Levo R brachte es an der Waage auf niedrige 18,8 kg.\" title=\"Dieses speziell aufgebaute Levo R brachte es an der Waage auf niedrige 18,8 kg.\" data-photo-id=\"81225\" width=\"550\" height=\"367\"\/><br \/>\n        <\/a><\/p>\n<p>            <a href=\"#fa-photo-81225\" class=\"js__imageNumbering\">#<\/a><br \/>\n            <strong>Dieses speziell aufgebaute Levo R brachte es an der Waage auf niedrige 18,8 kg.<\/strong> <\/p>\n<p>Specialized Levo R \u2013 erster Test auf dem Trail<\/p>\n<blockquote class=\"relative z-10 italic text-gray-700\">\n<p>\nOkay, das Levo R hat weniger Federweg, aber ist es damit weniger performant? Nein, \u00fcberhaupt nicht, ganz im Gegenteil. F\u00fcr mich stellt das Levo R mit Full-Twentynine, kraftvollem Motor, etwas strafferem Fahrwerk und dem deutlich lebhafteren, agileren Charakter das bessere Levo dar. Vielleicht ist es sogar das beste Levo ever \u2026<\/p>\n<\/blockquote>\n<p>Rico Haase, Chefredakteur eMTB-News.de<\/p>\n<p>Vor der offiziellen Markteinf\u00fchrung gab uns Specialized die Chance, das neue Levo R zu testen. Hierf\u00fcr lud man ausgew\u00e4hlte Medien nach Albenga in Spanien ein, um das neue Bike zu pr\u00e4sentieren, dort bei Sonnenschein feinste Trails im Umland zu surfen und herauszufinden, ob 140\/130 mm Federweg ausreichend sind. Eins vorneweg: Ja, der Federweg hat vollkommen ausgereicht.<\/p>\n<p>        <a id=\"fa-photo-81643\"\/><br \/>\n        <a href=\"https:\/\/fotos.emtb-news.de\/p\/81643\" title=\"Ob Rico hier das Wetter, die Trails oder das Bike mit einem Daumen hoch bewertet, ist nicht \u00fcberliefert.\" rel=\"nofollow noopener\" target=\"_blank\"><br \/>\n            <img decoding=\"async\" src=\"https:\/\/www.europesays.com\/de\/wp-content\/uploads\/2026\/02\/aHR0cHM6Ly9mc3RhdGljMS5lbXRiLW5ld3MuZGUvdjMvMC84MS84MTY0My1lemVzaWlldWc4OHItc3BlY2lhbGl6ZWRsZXZvcmFj.jpeg\"   loading=\"lazy\" alt=\"Ob Rico hier das Wetter, die Trails oder das Bike mit einem Daumen hoch bewertet, ist nicht \u00fcberliefert.\" title=\"Ob Rico hier das Wetter, die Trails oder das Bike mit einem Daumen hoch bewertet, ist nicht \u00fcberliefert.\" data-photo-id=\"81643\" width=\"550\" height=\"367\"\/><br \/>\n        <\/a><\/p>\n<p>            <a href=\"#fa-photo-81643\" class=\"js__imageNumbering\">#<\/a><br \/>\n            <strong>Ob Rico hier das Wetter, die Trails oder das Bike mit einem Daumen hoch bewertet, ist nicht \u00fcberliefert.<\/strong> <\/p>\n<p>        <a id=\"fa-photo-81257\"\/><br \/>\n        <a href=\"https:\/\/fotos.emtb-news.de\/p\/81257\" title=\"Die B\u00fchne f\u00fcr die Pr\u00e4sentation des neuen Levo 4 R ist bereitet.\" rel=\"nofollow noopener\" target=\"_blank\"><br \/>\n            <img decoding=\"async\" src=\"https:\/\/www.europesays.com\/de\/wp-content\/uploads\/2026\/02\/aHR0cHM6Ly9mc3RhdGljMS5lbXRiLW5ld3MuZGUvdjMvMC84MS84MTI1Ny1ieGc1bGt5ZWlqazAtc3BlY2lhbGl6ZWRsZXZvNHJ0.jpeg\"   loading=\"lazy\" alt=\"Die B\u00fchne f\u00fcr die Pr\u00e4sentation des neuen Levo 4 R ist bereitet.\" title=\"Die B\u00fchne f\u00fcr die Pr\u00e4sentation des neuen Levo 4 R ist bereitet.\" data-photo-id=\"81257\" width=\"550\" height=\"367\"\/><br \/>\n        <\/a><\/p>\n<p>            <a href=\"#fa-photo-81257\" class=\"js__imageNumbering\">#<\/a><br \/>\n            <strong>Die B\u00fchne f\u00fcr die Pr\u00e4sentation des neuen Levo 4 R ist bereitet.<\/strong> <\/p>\n<p>Bei der Vorstellung neuer Bikes und Produkte macht es das Team von Specialized eigentlich immer so: Erst macht man eine gemeinsame Ausfahrt mit dem neuen Produkt und danach gibt es eine Pr\u00e4sentation, die alle Details beleuchtet und \u00fcber s\u00e4mtliche Neuerungen aufkl\u00e4rt. So nat\u00fcrlich auch im Fall des neuen Levo 4 R. Hier bekam jeder ein Bike in seiner Rahmengr\u00f6\u00dfe und mit den eigenen Pedalen best\u00fcckt, um es ohne Vorwissen \u00fcber die Trails zu scheuchen. Klar, optisch kennt man das Levo 4, aber in Full-Twentynine ist es direkt anders und dann noch das Cockpit aus Carbon und das Fahrwerk, das sich straffer und kurzhubiger anf\u00fchlt \u2026 alles Dinge, die schon auf den ersten Metern sp\u00fcrbar anders sind.<\/p>\n<p>        <a id=\"fa-photo-81642\"\/><br \/>\n        <a href=\"https:\/\/fotos.emtb-news.de\/p\/81642\" title=\"\u201eLeute! Auf dem Trail hat man mit dem Specialized Levo R richtig Spa\u00df!\u201c\" rel=\"nofollow noopener\" target=\"_blank\"><br \/>\n            <img decoding=\"async\" src=\"https:\/\/www.europesays.com\/de\/wp-content\/uploads\/2026\/02\/aHR0cHM6Ly9mc3RhdGljMS5lbXRiLW5ld3MuZGUvdjMvMC84MS84MTY0Mi1uaWw4bDV4M3V1MHAtc3BlY2lhbGl6ZWRsZXZvcmFj.jpeg\"   loading=\"lazy\" alt=\"\u201eLeute! Auf dem Trail hat man mit dem Specialized Levo R richtig Spa\u00df!\u201c\" title=\"\u201eLeute! Auf dem Trail hat man mit dem Specialized Levo R richtig Spa\u00df!\u201c\" data-photo-id=\"81642\" width=\"550\" height=\"367\"\/><br \/>\n        <\/a><\/p>\n<p>            <a href=\"#fa-photo-81642\" class=\"js__imageNumbering\">#<\/a><br \/>\n            <strong>\u201eLeute! Auf dem Trail hat man mit dem Specialized Levo R richtig Spa\u00df!\u201c<\/strong>  \u2013 sagt Rico, Chefredakteur von eMTB-News und E-Bike-Pionier der ersten Stunde.<\/p>\n<p>Wir fuhren also direkt einige Trails hinauf und andere wieder hinunter. Technisch nicht sehr anspruchsvoll, eher flowig und moderat. Hier punktet das Levo R mit sehr pr\u00e4zisem Handling und sorgt durch den kraftvollen Motor f\u00fcr ordentlich Vorschub und Speed. Etwas ruppigere Sektionen, mit h\u00f6heren Stufen und Abs\u00e4tzen, lie\u00dfen sich auf Anhieb gut fahren, und h\u00e4tte man mich zu diesem Zeitpunkt danach gefragt, wie viel Federweg das Levo R hat, h\u00e4tte ich gesagt: \u201eAlso mindestens 140 am Heck.\u201c<\/p>\n<p>Aber Fehlanzeige, denn, wie sich sp\u00e4ter in der Produktpr\u00e4sentation herausstellte, kommt das Levo R mit 140 mm Federweg an der Front und 130 mm am Heck. Krass! Aber nat\u00fcrlich v\u00f6llig ausreichend, wenn es darum geht, im Segment der Trailbikes die gr\u00f6\u00dftenteils auf moderaten, vielleicht sogar geshapten Trails unterwegs sind. Hier punktet unser Testbike (S-Works Levo 4 R) mit einem direkten Fahrwerk, best\u00fcckt mit Fox 36 SL Factory-Federgabel und Fox Float Factory GENIE-D\u00e4mpfer, das potent und sensibel seinen Dienst verrichtet und sich am Heck eigentlich immer nach mehr anf\u00fchlt.<\/p>\n<p>        <a id=\"fa-photo-81635\"\/><br \/>\n        <a href=\"https:\/\/fotos.emtb-news.de\/p\/81635\" title=\"Ja, auch solche Trails lassen sich mit 140\/130 mm Federweg problemlos fahren.\" rel=\"nofollow noopener\" target=\"_blank\"><br \/>\n            <img decoding=\"async\" src=\"https:\/\/www.europesays.com\/de\/wp-content\/uploads\/2026\/02\/aHR0cHM6Ly9mc3RhdGljMS5lbXRiLW5ld3MuZGUvdjMvMC84MS84MTYzNS03bHB1bXhhd2JuaXQtc3BlY2lhbGl6ZWRsZXZvcmFj.jpeg\"   loading=\"lazy\" alt=\"Ja, auch solche Trails lassen sich mit 140\/130 mm Federweg problemlos fahren.\" title=\"Ja, auch solche Trails lassen sich mit 140\/130 mm Federweg problemlos fahren.\" data-photo-id=\"81635\" width=\"550\" height=\"367\"\/><br \/>\n        <\/a><\/p>\n<p>            <a href=\"#fa-photo-81635\" class=\"js__imageNumbering\">#<\/a><br \/>\n            <strong>Ja, auch solche Trails lassen sich mit 140\/130 mm Federweg problemlos fahren.<\/strong> <\/p>\n<p>            <a id=\"fa-photo-81634\"\/><br \/>\n            <a href=\"https:\/\/fotos.emtb-news.de\/p\/81634\" title=\"Dank etwas strafferem Fahrwerk und 29-Zoll-Laufr\u00e4dern ...\" rel=\"nofollow noopener\" target=\"_blank\"><br \/>\n                <img decoding=\"async\" src=\"https:\/\/www.europesays.com\/de\/wp-content\/uploads\/2026\/02\/aHR0cHM6Ly9mc3RhdGljMS5lbXRiLW5ld3MuZGUvdjMvMC84MS84MTYzNC10YjAybDZ6NzFyMnotc3BlY2lhbGl6ZWRsZXZvcmFj.jpeg\"   loading=\"lazy\" alt=\"Dank etwas strafferem Fahrwerk und 29-Zoll-Laufr\u00e4dern ...\" title=\"Dank etwas strafferem Fahrwerk und 29-Zoll-Laufr\u00e4dern ...\" data-photo-id=\"81634\" height=\"367\" width=\"550\"\/><br \/>\n            <\/a><\/p>\n<p>                <a href=\"#fa-photo-81634\" class=\"js__imageNumbering\">#<\/a><br \/>\n                <strong>Dank etwas strafferem Fahrwerk und 29-Zoll-Laufr\u00e4dern &#8230;<\/strong> <\/p>\n<p>            <a id=\"fa-photo-81646\"\/><br \/>\n            <a href=\"https:\/\/fotos.emtb-news.de\/p\/81646\" title=\"... ist das Levo R auf moderaten Trails eine absolute Macht!\" rel=\"nofollow noopener\" target=\"_blank\"><br \/>\n                <img decoding=\"async\" src=\"https:\/\/www.europesays.com\/de\/wp-content\/uploads\/2026\/02\/aHR0cHM6Ly9mc3RhdGljMS5lbXRiLW5ld3MuZGUvdjMvMC84MS84MTY0Ni14OGg0NWdjejFyNXgtc3BlY2lhbGl6ZWRsZXZvcmFj.jpeg\"   loading=\"lazy\" alt=\"... ist das Levo R auf moderaten Trails eine absolute Macht!\" title=\"... ist das Levo R auf moderaten Trails eine absolute Macht!\" data-photo-id=\"81646\" height=\"367\" width=\"550\"\/><br \/>\n            <\/a><\/p>\n<p>                <a href=\"#fa-photo-81646\" class=\"js__imageNumbering\">#<\/a><br \/>\n                <strong>&#8230; ist das Levo R auf moderaten Trails eine absolute Macht!<\/strong> <\/p>\n<p>Stufen, Wurzeln, enge Kurven, weite Kurven, technischere Trails, schnelle Trails, kleinere Spr\u00fcnge und Drops \u2013 hier l\u00e4sst sich das Levo 4 R intuitiv und schnell fahren. Kurven folgt es willig, an Wurzeln oder Stufen l\u00e4sst es sich leichtf\u00fc\u00dfig dirigieren oder zum Spielen in die Luft bewegen. Das Full-Twentynine-Setup und der passend steife Rahmen machen das Bike schnell. Das Fahrwerk gibt einem viel Feedback und durch ordentlich Gegenhalt der Suspension l\u00e4sst es sich sehr aktiv fahren und gut \u00fcber Wellen oder durch Kurven pushen. Dank des poppigen Hecks und des agilen Handlings positioniert sich das Levo R sehr deutlich im Segment der Trailbikes und hier macht es f\u00fcr mich auch wirklich viel Sinn, vielleicht sogar mehr Sinn als zuvor. Denn w\u00e4hrend sich das normale Levo im Segment der langhubigeren All Mountains positioniert und dabei vieles richtig macht, aber eben nichts exorbitant besser als die Bikes der Mitbewerber, kann das Levo 4 R als Trailbike vollends punkten und stellt f\u00fcr mich sogar das bessere Levo dar! Es ist schnell, pr\u00e4zise, leichtf\u00fc\u00dfig, agil und sportlich \u2013 genau das erwarte ich von einem Specialized.<\/p>\n<p>        <a id=\"fa-photo-81641\"\/><br \/>\n        <a href=\"https:\/\/fotos.emtb-news.de\/p\/81641\" title=\"Das Levo R kann als Trailbike vollends punkten und stellt f\u00fcr mich sogar das bessere Levo dar!\" rel=\"nofollow noopener\" target=\"_blank\"><br \/>\n            <img decoding=\"async\" src=\"https:\/\/www.europesays.com\/de\/wp-content\/uploads\/2026\/02\/aHR0cHM6Ly9mc3RhdGljMS5lbXRiLW5ld3MuZGUvdjMvMC84MS84MTY0MS15OGtmcHFjNW43ZGEtc3BlY2lhbGl6ZWRsZXZvcmFj.jpeg\"   loading=\"lazy\" alt=\"Das Levo R kann als Trailbike vollends punkten und stellt f\u00fcr mich sogar das bessere Levo dar!\" title=\"Das Levo R kann als Trailbike vollends punkten und stellt f\u00fcr mich sogar das bessere Levo dar!\" data-photo-id=\"81641\" width=\"550\" height=\"367\"\/><br \/>\n        <\/a><\/p>\n<p>            <a href=\"#fa-photo-81641\" class=\"js__imageNumbering\">#<\/a><br \/>\n            <strong>Das Levo R kann als Trailbike vollends punkten und stellt f\u00fcr mich sogar das bessere Levo dar!<\/strong>  \u2013 Es ist schnell, pr\u00e4zi\u00dfe, leichtf\u00fc\u00dfig, agil und sportlich \u2013 genau das erwarte ich von einem Specialized.<\/p>\n<p>Im Hinblick auf das Motorsystem geht Specialized keine neuen Wege und verbaut auch im Levo R den bekannten 3.1-Motor, der 2025 vorgestellt wurde und im Februar 2026 \u00fcber ein Softwareupdate mehr Leistung und einen verbesserten Microtune spendiert bekommen hat. Dank neuester Software schafft der Motor in der S-Works-Variante jetzt bis zu mit 850 Watt Spitzenleistung, was mich dazu veranlasste, \u00fcber den kompletten Testzeitraum beinah ausschlie\u00dflich im Trail-Modus unterwegs zu sein. Der Support hat mir hierbei auf den nicht allzu steilen Uphills vollkommen ausgereicht, so das ich die maximale Unterst\u00fctzung \u00e0 la Turbo nur wenig ben\u00f6tigt habe.<\/p>\n<p>Jetzt kommt das neue Levo R nat\u00fcrlich auch mit einer etwas spezielleren Ausstattung, die einfach mehr Trailbike als All Mountain ist. Sehr positiv empfand ich die Laufr\u00e4der. Specialized setzt hier im S-Works- und Expert-Modell auf Roval Traverse SL II mit Carbonfelgen und Industrie Nine-Naben, deren Freilauf \u00fcbrigens einen irre geilen Sound hat. Diese leichten, stabilen Laufr\u00e4der werden klar im Segment Trail und All Mountain positioniert. Die Carbonfelgen sind sehr wertig gemacht und besitzen eine gute Balance aus Steifigkeit und kontrolliertem Flex, was dem Bike eine hohe Spurtreue auch in ruppigerem Gel\u00e4nde verleiht. Gleichzeitig lassen sich die Laufr\u00e4der einfach beschleunigen, was gerade auf engen, verwinkelten Trails einen Vorteil darstellt.<\/p>\n<p>            <a id=\"fa-photo-81241\"\/><br \/>\n            <a href=\"https:\/\/fotos.emtb-news.de\/p\/81241\" title=\"Leicht und stabil: Roval Traverse SL II mit Carbonfelgen und ...\" rel=\"nofollow noopener\" target=\"_blank\"><br \/>\n                <img decoding=\"async\" src=\"https:\/\/www.europesays.com\/de\/wp-content\/uploads\/2026\/02\/aHR0cHM6Ly9mc3RhdGljMS5lbXRiLW5ld3MuZGUvdjMvMC84MS84MTI0MS03ZDk4cHhheDlzazctc3BlY2lhbGl6ZWRsZXZvNHJ0.jpeg\"   loading=\"lazy\" alt=\"Leicht und stabil: Roval Traverse SL II mit Carbonfelgen und ...\" title=\"Leicht und stabil: Roval Traverse SL II mit Carbonfelgen und ...\" data-photo-id=\"81241\" height=\"367\" width=\"550\"\/><br \/>\n            <\/a><\/p>\n<p>                <a href=\"#fa-photo-81241\" class=\"js__imageNumbering\">#<\/a><br \/>\n                <strong>Leicht und stabil: Roval Traverse SL II mit Carbonfelgen und &#8230;<\/strong> <\/p>\n<p>            <a id=\"fa-photo-81243\"\/><br \/>\n            <a href=\"https:\/\/fotos.emtb-news.de\/p\/81243\" title=\"... hochwertigen und Industrie Nine-Naben.\" rel=\"nofollow noopener\" target=\"_blank\"><br \/>\n                <img decoding=\"async\" src=\"https:\/\/www.europesays.com\/de\/wp-content\/uploads\/2026\/02\/aHR0cHM6Ly9mc3RhdGljMS5lbXRiLW5ld3MuZGUvdjMvMC84MS84MTI0My14YzdlaG8wNGN6bWstc3BlY2lhbGl6ZWRsZXZvNHJ0.jpeg\"   loading=\"lazy\" alt=\"... hochwertigen und Industrie Nine-Naben.\" title=\"... hochwertigen und Industrie Nine-Naben.\" data-photo-id=\"81243\" height=\"367\" width=\"550\"\/><br \/>\n            <\/a><\/p>\n<p>                <a href=\"#fa-photo-81243\" class=\"js__imageNumbering\">#<\/a><br \/>\n                <strong>&#8230; hochwertigen und Industrie Nine-Naben.<\/strong> <\/p>\n<p>Weniger gut gef\u00e4llt mir die Wahl der Bremsen. Hier verbaut Specialized am S-Works SRAM Motive Ultimate. Die Bremse setzt auf vier Kolben, Mineral\u00f6l und Stealth-Optik. Im Portfolio von SRAM wird sie als moderne Allround-Bremse positioniert. Leicht genug f\u00fcr XC, aber stark genug f\u00fcr Trail-Einsatz. So weit, so gut. Problem in meinen Augen: Die Bremsleistung ist schon ganz ordentlich, aber an einem E-Bike mit \u00fcber 20 Kilo Lebendgewicht w\u00fcnsche ich mir mehr Reserven. Deshalb sehe ich hier wirklich keinen Grund daf\u00fcr, warum man nicht auf eine Code-Bremsanlage setzt. Gewichtstechnisch sind die Stopper nur wenig schwerer, daf\u00fcr packen sie kraftvoller zu.<\/p>\n<p>            Mehr zum Thema<\/p>\n<p>        <a id=\"fa-photo-81250\"\/><br \/>\n        <a href=\"https:\/\/fotos.emtb-news.de\/p\/81250\" title=\"Das einteilige Cockpit ist technisch super, muss aber passen.\" rel=\"nofollow noopener\" target=\"_blank\"><br \/>\n            <img decoding=\"async\" src=\"https:\/\/www.europesays.com\/de\/wp-content\/uploads\/2026\/02\/aHR0cHM6Ly9mc3RhdGljMS5lbXRiLW5ld3MuZGUvdjMvMC84MS84MTI1MC1oYjQ0djc1Y2d0ZXQtc3BlY2lhbGl6ZWRsZXZvNHJ0.jpeg\"   loading=\"lazy\" alt=\"Das einteilige Cockpit ist technisch super, muss aber passen.\" title=\"Das einteilige Cockpit ist technisch super, muss aber passen.\" data-photo-id=\"81250\" width=\"550\" height=\"367\"\/><br \/>\n        <\/a><\/p>\n<p>            <a href=\"#fa-photo-81250\" class=\"js__imageNumbering\">#<\/a><br \/>\n            <strong>Das einteilige Cockpit ist technisch super, muss aber passen.<\/strong>  \u2013 Im Hinblick auf Flex und Komfort ist die Kombi recht steif und unnachgiebig.<\/p>\n<p>            <a id=\"fa-photo-81237\"\/><br \/>\n            <a href=\"https:\/\/fotos.emtb-news.de\/p\/81237\" title=\"Wer mit dem Lenker nicht klar kommt, kann ihn maximal in der Breite k\u00fcrzen.\" rel=\"nofollow noopener\" target=\"_blank\"><br \/>\n                <img decoding=\"async\" src=\"https:\/\/www.europesays.com\/de\/wp-content\/uploads\/2026\/02\/aHR0cHM6Ly9mc3RhdGljMS5lbXRiLW5ld3MuZGUvdjMvMC84MS84MTIzNy1uNTduZDZlMXJ6bDEtc3BlY2lhbGl6ZWRsZXZvNHJ0.jpeg\"   loading=\"lazy\" alt=\"Wer mit dem Lenker nicht klar kommt, kann ihn maximal in der Breite k\u00fcrzen.\" title=\"Wer mit dem Lenker nicht klar kommt, kann ihn maximal in der Breite k\u00fcrzen.\" data-photo-id=\"81237\" height=\"367\" width=\"550\"\/><br \/>\n            <\/a><\/p>\n<p>                <a href=\"#fa-photo-81237\" class=\"js__imageNumbering\">#<\/a><br \/>\n                <strong>Wer mit dem Lenker nicht klar kommt, kann ihn maximal in der Breite k\u00fcrzen.<\/strong> <\/p>\n<p>            <a id=\"fa-photo-81247\"\/><br \/>\n            <a href=\"https:\/\/fotos.emtb-news.de\/p\/81247\" title=\"Auch die Vorbaul\u00e4nge ist fix und kann nicht korrigiert werden.\" rel=\"nofollow noopener\" target=\"_blank\"><br \/>\n                <img decoding=\"async\" src=\"https:\/\/www.europesays.com\/de\/wp-content\/uploads\/2026\/02\/aHR0cHM6Ly9mc3RhdGljMS5lbXRiLW5ld3MuZGUvdjMvMC84MS84MTI0Ny1mcWozbTdpZ3FyaWstc3BlY2lhbGl6ZWRsZXZvNHJ0.jpeg\"   loading=\"lazy\" alt=\"Auch die Vorbaul\u00e4nge ist fix und kann nicht korrigiert werden.\" title=\"Auch die Vorbaul\u00e4nge ist fix und kann nicht korrigiert werden.\" data-photo-id=\"81247\" height=\"367\" width=\"550\"\/><br \/>\n            <\/a><\/p>\n<p>                <a href=\"#fa-photo-81247\" class=\"js__imageNumbering\">#<\/a><br \/>\n                <strong>Auch die Vorbaul\u00e4nge ist fix und kann nicht korrigiert werden.<\/strong> <\/p>\n<p>        <a id=\"fa-photo-81246\"\/><br \/>\n        <a href=\"https:\/\/fotos.emtb-news.de\/p\/81246\" title=\"SRAM Motive-Bremsen sind technisch stimmig und bremsen gut, haben aber f\u00fcr mich nichts an einem schweren E-Bike zu suchen.\" rel=\"nofollow noopener\" target=\"_blank\"><br \/>\n            <img decoding=\"async\" src=\"https:\/\/www.europesays.com\/de\/wp-content\/uploads\/2026\/02\/aHR0cHM6Ly9mc3RhdGljMS5lbXRiLW5ld3MuZGUvdjMvMC84MS84MTI0Ni0wN2g5eHVpenAwc3Atc3BlY2lhbGl6ZWRsZXZvNHJ0.jpeg\"   loading=\"lazy\" alt=\"SRAM Motive-Bremsen sind technisch stimmig und bremsen gut, haben aber f\u00fcr mich nichts an einem schweren E-Bike zu suchen.\" title=\"SRAM Motive-Bremsen sind technisch stimmig und bremsen gut, haben aber f\u00fcr mich nichts an einem schweren E-Bike zu suchen.\" data-photo-id=\"81246\" width=\"550\" height=\"367\"\/><br \/>\n        <\/a><\/p>\n<p>            <a href=\"#fa-photo-81246\" class=\"js__imageNumbering\">#<\/a><br \/>\n            <strong>SRAM Motive-Bremsen sind technisch stimmig und bremsen gut, haben aber f\u00fcr mich nichts an einem schweren E-Bike zu suchen.<\/strong> <\/p>\n<p>Kommen wir zu einem weiteren, sehr speziellen Bauteil, das Specialized allen Levo R Modellen der S-Works-Familie spendiert: dem Roval Control SL RISE Integrated Cockpit. Wie der Name bereits vermuten l\u00e4sst, handelt es sich dabei um ein integriertes Cockpit, bei dem Vorbau und Lenker als eine Einheit aus Carbon gefertigt sind. Optisch ist das sehr gelungen und f\u00fcgt sich stimmig in die hochwertige, noble Ausstattung des Bikes ein. In der Praxis zeigen sich allerdings auch Nachteile. Auf dem Trail wirkte der Lenker auf mich sehr steif und vergleichsweise unnachgiebig. Zudem fehlt jegliche M\u00f6glichkeit zur Feinjustierung: Passen Vorbaul\u00e4nge, Back- oder Upsweep oder der Rise des Lenkers nicht, l\u00e4sst sich hier nichts nachjustieren. Schrauben leicht l\u00f6sen, den Lenker minimal verdrehen und wieder festziehen \u2013 Fehlanzeige. Wer mit der Ergonomie nicht auf Anhieb zurechtkommt oder bewusst Lenker jenseits der Standardwerte fahren m\u00f6chte, dem bleibt letztlich nur der radikale Schritt: die komplette Demontage der Einheit inklusive Spacer.<\/p>\n<p>        <a id=\"fa-photo-81647\"\/><br \/>\n        <a href=\"https:\/\/fotos.emtb-news.de\/p\/81647\" title=\"Auf dem Trail hatte ich mit dem Specialized Levo R m\u00e4chtig viel Spa\u00df und w\u00fcrde dieses Setup dem normalen Levo sogar vorziehen.\" rel=\"nofollow noopener\" target=\"_blank\"><br \/>\n            <img decoding=\"async\" src=\"https:\/\/www.europesays.com\/de\/wp-content\/uploads\/2026\/02\/aHR0cHM6Ly9mc3RhdGljMS5lbXRiLW5ld3MuZGUvdjMvMC84MS84MTY0Ny1yZmV6bjFjNXg1b3otc3BlY2lhbGl6ZWRsZXZvcmFj.jpeg\"   loading=\"lazy\" alt=\"Auf dem Trail hatte ich mit dem Specialized Levo R m\u00e4chtig viel Spa\u00df und w\u00fcrde dieses Setup dem normalen Levo sogar vorziehen.\" title=\"Auf dem Trail hatte ich mit dem Specialized Levo R m\u00e4chtig viel Spa\u00df und w\u00fcrde dieses Setup dem normalen Levo sogar vorziehen.\" data-photo-id=\"81647\" width=\"550\" height=\"367\"\/><br \/>\n        <\/a><\/p>\n<p>            <a href=\"#fa-photo-81647\" class=\"js__imageNumbering\">#<\/a><br \/>\n            <strong>Auf dem Trail hatte ich mit dem Specialized Levo R m\u00e4chtig viel Spa\u00df und w\u00fcrde dieses Setup dem normalen Levo sogar vorziehen.<\/strong> <\/p>\n<p>Welches Levo f\u00fcr wen? Eine gute Frage, die man nat\u00fcrlich nicht abschlie\u00dfend beantworten kann. Aus meiner Sicht w\u00fcrde ich sagen: Leute, die einen komfortablen Allesk\u00f6nner suchen, gerne ausgedehnte Touren in ruppigerem Gel\u00e4nde machen und auch mal in h\u00e4rterem, technischem Gel\u00e4nde unterwegs sind, k\u00f6nnten mit dem normalen Turbo Levo mehr Spa\u00df haben. Wer allerdings gerne auf moderaten Trails einfach schnell sein will, recht sportlich unterwegs ist und nicht mehrere Male im Jahr nach Finale Ligure oder an den Reschen f\u00e4hrt, f\u00fcr all diejenigen k\u00f6nnte das Levo R die bessere Wahl sein.<\/p>\n<p>                    Fazit \u2013 Specialized S-Works Levo R<\/p>\n<p>Gr\u00f6\u00dfere Laufr\u00e4der, reduzierter Federweg und weniger Gewicht \u2013 Merkmale, die das Specialized Levo R zu einem perfekten Trailbike machen. Auf dem Trail punktet es mit agilem, leichtf\u00fc\u00dfigem, pr\u00e4zisem Handling und steckt auch gr\u00f6bere Sektionen m\u00fchelos weg. Im Uphill \u00fcberzeugt der kraftvolle Motor, der mit bis zu 850 W Spitzenleistung auch steile Rampen m\u00fchelos hochkommt, eine feinf\u00fchlige Sensorik besitzt und sich einfach individualisieren l\u00e4sst.<\/p>\n<p>Generell muss man sagen, dass das Levo R durchdacht gemacht ist und vielleicht sogar das beste Levo ever darstellt.<\/p>\n<p class=\"mtbn-call-to-action\">Wie gef\u00e4llt dir das neue Levo R von Specialized? W\u00e4re ein Trailbike mit diesen Eckdaten interessant f\u00fcr dich oder brauchst du ein E-Bike mit mehr Federweg?<\/p>\n<p>        <a id=\"fa-photo-81254\"\/><br \/>\n        <a href=\"https:\/\/fotos.emtb-news.de\/p\/81254\" title=\"Gr\u00f6\u00dfere Laufr\u00e4der, reduzierter Federweg und weniger Gewicht \u2013 Merkmale, die das Specialized Levo R zu einem perfekten Trailbike machen. Auf dem Trail punktet es mit agilem, leichtf\u00fc\u00dfigem, pr\u00e4zisem Handling und steckt auch gr\u00f6bere Sektionen m\u00fchelos weg.\" rel=\"nofollow noopener\" target=\"_blank\"><br \/>\n            <img decoding=\"async\" src=\"https:\/\/www.europesays.com\/de\/wp-content\/uploads\/2026\/02\/aHR0cHM6Ly9mc3RhdGljMS5lbXRiLW5ld3MuZGUvdjMvMC84MS84MTI1NC12dW4zcnR3amN4cDMtc3BlY2lhbGl6ZWRsZXZvNHJ0.jpeg\"   loading=\"lazy\" alt=\"Gr\u00f6\u00dfere Laufr\u00e4der, reduzierter Federweg und weniger Gewicht \u2013 Merkmale, die das Specialized Levo R zu einem perfekten Trailbike machen. Auf dem Trail punktet es mit agilem, leichtf\u00fc\u00dfigem, pr\u00e4zisem Handling und steckt auch gr\u00f6bere Sektionen m\u00fchelos weg.\" title=\"Gr\u00f6\u00dfere Laufr\u00e4der, reduzierter Federweg und weniger Gewicht \u2013 Merkmale, die das Specialized Levo R zu einem perfekten Trailbike machen. Auf dem Trail punktet es mit agilem, leichtf\u00fc\u00dfigem, pr\u00e4zisem Handling und steckt auch gr\u00f6bere Sektionen m\u00fchelos weg.\" data-photo-id=\"81254\" width=\"550\" height=\"367\"\/><br \/>\n        <\/a><\/p>\n<p>            <a href=\"#fa-photo-81254\" class=\"js__imageNumbering\">#<\/a><br \/>\n            <strong>Gr\u00f6\u00dfere Laufr\u00e4der, reduzierter Federweg und weniger Gewicht \u2013 Merkmale, die das Specialized Levo R zu einem perfekten Trailbike machen. Auf dem Trail punktet es mit agilem, leichtf\u00fc\u00dfigem, pr\u00e4zisem Handling und steckt auch gr\u00f6bere Sektionen m\u00fchelos weg.<\/strong>  \u2013 Im Uphill \u00fcberzeugt der kraftvolle Motor, der mit bis zu 850 W Spitzenleistung auch steile Rampen m\u00fchelos hochkommt, eine feinf\u00fchlige Sensorik besitzt und sich einfach individualisieren l\u00e4sst.<\/p>\n<p>Weiterlesen<\/p>\n<p><strong>Noch mehr <a href=\"https:\/\/www.emtb-news.de\/news\/category\/e-mountainbikes\/e-mtb-neuheiten\/\" rel=\"nofollow noopener\" target=\"_blank\">E-MTB-Neuheiten<\/a> auf eMTB-News:<\/strong><\/p>\n<p><img decoding=\"async\" class=\"wp-worthy-pixel-img skip-lazy \" src=\"https:\/\/www.europesays.com\/de\/wp-content\/uploads\/2026\/02\/98cd8300b12743738877e20202eabb96.gif\" loading=\"eager\" data-no-lazy=\"1\" data-skip-lazy=\"1\" height=\"1\" width=\"1\" alt=\"\"\/><\/p>\n","protected":false},"excerpt":{"rendered":"Inhaltsverzeichnis Specialized Levo 4 R \u2013 Infos und Preise Einsatzbereich Cross-Country, Trail, All-Mountain Federweg 140 mm\/130 mm Laufradgr\u00f6\u00dfe&hellip;\n","protected":false},"author":2,"featured_media":823372,"comment_status":"","ping_status":"","sticky":false,"template":"","format":"standard","meta":{"footnotes":"","_share_on_mastodon":"0"},"categories":[134],"tags":[175,170,169,29,184578,30,709,171,174,82129,708,82130,254,173,172],"class_list":["post-823371","post","type-post","status-publish","format-standard","has-post-thumbnail","category-unternehmen-maerkte","tag-business","tag-companies","tag-companies-markets","tag-deutschland","tag-e-mtb-neuheiten","tag-germany","tag-magazin_feature","tag-markets","tag-maerkte","tag-performance-e-mtb","tag-popular","tag-repost","tag-test","tag-unternehmen","tag-unternehmen-maerkte"],"share_on_mastodon":{"url":"https:\/\/pubeurope.com\/@de\/116128719344511977","error":""},"_links":{"self":[{"href":"https:\/\/www.europesays.com\/de\/wp-json\/wp\/v2\/posts\/823371","targetHints":{"allow":["GET"]}}],"collection":[{"href":"https:\/\/www.europesays.com\/de\/wp-json\/wp\/v2\/posts"}],"about":[{"href":"https:\/\/www.europesays.com\/de\/wp-json\/wp\/v2\/types\/post"}],"author":[{"embeddable":true,"href":"https:\/\/www.europesays.com\/de\/wp-json\/wp\/v2\/users\/2"}],"replies":[{"embeddable":true,"href":"https:\/\/www.europesays.com\/de\/wp-json\/wp\/v2\/comments?post=823371"}],"version-history":[{"count":0,"href":"https:\/\/www.europesays.com\/de\/wp-json\/wp\/v2\/posts\/823371\/revisions"}],"wp:featuredmedia":[{"embeddable":true,"href":"https:\/\/www.europesays.com\/de\/wp-json\/wp\/v2\/media\/823372"}],"wp:attachment":[{"href":"https:\/\/www.europesays.com\/de\/wp-json\/wp\/v2\/media?parent=823371"}],"wp:term":[{"taxonomy":"category","embeddable":true,"href":"https:\/\/www.europesays.com\/de\/wp-json\/wp\/v2\/categories?post=823371"},{"taxonomy":"post_tag","embeddable":true,"href":"https:\/\/www.europesays.com\/de\/wp-json\/wp\/v2\/tags?post=823371"}],"curies":[{"name":"wp","href":"https:\/\/api.w.org\/{rel}","templated":true}]}}