{"id":823377,"date":"2026-02-25T01:41:26","date_gmt":"2026-02-25T01:41:26","guid":{"rendered":"https:\/\/www.europesays.com\/de\/823377\/"},"modified":"2026-02-25T01:41:26","modified_gmt":"2026-02-25T01:41:26","slug":"1-fc-magdeburg-sponsor-stoppt-zahlungen-nach-dresden-krawallen-sport","status":"publish","type":"post","link":"https:\/\/www.europesays.com\/de\/823377\/","title":{"rendered":"1. FC Magdeburg: Sponsor stoppt Zahlungen nach Dresden-Krawallen | Sport"},"content":{"rendered":"<p><a class=\"skip-content skip-content--link\" href=\"#in-content-skip-link-target-v-0-0\">TTS-Player \u00fcberspringen\u21b5<\/a><a id=\"in-content-skip-link-target-v-0-0\" class=\"skip-content--target-link-hidden skip-content skip-content--target-link\" href=\"#in-content-skip-link-target-v-0-0\">Artikel weiterlesen<\/a><\/p>\n<p><b>Sponsoren-Beben beim <\/b><a href=\"https:\/\/www.bild.de\/sport\/fussball\/1-fc-magdeburg\/startseite-magdeburg-55900784.bild.html\" class=\"text-link\" rel=\"nofollow noopener\" target=\"_blank\"><b>1. FC Magdeburg<\/b><\/a><b>: Nach den Gewaltexzessen beim Ostderby gegen Dresden (1:2) und einem Skandal-Aufruf der Fanhilfe zur Beweisvernichtung springt der erste Sponsor ab! Beim Schalke-Spiel gab es weitere Festnahmen.<\/b><\/p>\n<p>Der FCM-Sponsor \u201eGeoFly\u201c setzt seine Zahlungen mit sofortiger Wirkung aus. Auf Facebook rechnet das Unternehmen jetzt knallhart mit der Vereinsf\u00fchrung ab:<\/p>\n<p>\u201eWorte reichen nicht. Was fehlt, sind sichtbare Konsequenzen und echte Aufarbeitung. Als Sponsor tragen wir den Club mit und damit auch das, wof\u00fcr er steht\u201c, schreibt das Unternehmen, das sich auf die Erstellung von Luftbildern spezialisiert hat.<\/p>\n<p>Mehr zum Thema<\/p>\n<p>Hintergrund sind die Ausschreitungen beim Dresden-Spiel Ende Januar, bei denen \u00fcber 70 Polizisten verletzt wurden: \u201eWas der Verein bisher \u00f6ffentlich liefert, wirkt wie Schadensbegrenzung im Kleinen, statt F\u00fchrung im Gro\u00dfen\u201c, so GeoFly.<\/p>\n<p>Hei\u00dft: \u201eSolange Verantwortung nicht sichtbar \u00fcbernommen wird, setzen wir unser Sponsoring aus.\u201c Eine Rolle d\u00fcrfte auch der Fanhilfe-Aufruf zur Beweisvernichtung gespielt haben: Im Stadionmagazin \u201ePlanet MD\u201c riet die Vereinigung den Ultras zu einem \u201eFr\u00fchjahrsputz\u201c.<\/p>\n<p><img decoding=\"async\" width=\"992\" height=\"959\" alt=\"Die Hooligans griffen bei den Krawallen auch zu Pflastersteinen, Gehwegplatten, Holz-Aufstellern und einem Gullydeckel.\" src=\"https:\/\/www.europesays.com\/de\/wp-content\/uploads\/2026\/02\/2ce28a922b840d8511101eb48ac82764,3482ee07.jpeg\"   class=\"dynamic\" loading=\"lazy\"\/><\/p>\n<p class=\"fig__caption__text\">Die Hooligans griffen bei den Krawallen auch zu Pflastersteinen, Gehwegplatten, Holz-Aufstellern und einem Gullydeckel.<\/p>\n<p>Foto: Privat<\/p>\n<p>Fans sollten Kleidungsst\u00fccke wie Jacken, Handschuhe, Sturmhauben und Schuhe entsorgen sowie digital \u201eaufr\u00e4umen\u201c: \u201eBildergalerie und unbedingt die Chats f\u00fcr mehr Speicherplatz aussortieren\u201c. Die Staatsanwaltschaft pr\u00fcft den Fall.<\/p>\n<p>Auf BILD-Nachfrage \u00e4u\u00dferte sich der FCM unter anderem so: \u201eGewalt hat in und um unsere Spiele keinen Platz. Wir verurteilen die Vorf\u00e4lle ausdr\u00fccklich. Selbstverst\u00e4ndlich verfolgen wir auch die \u00f6ffentliche Diskussion. Wir nehmen diese R\u00fcckmeldungen ernst und stehen mit unseren Partnern im direkten Austausch.\u201c<\/p>\n<p>Erst zuletzt hatte die Deutsche Polizeigewerkschaft <a href=\"https:\/\/www.bild.de\/sport\/fussball\/1-fc-magdeburg-polizei-stellt-forderungskatalog-nach-krawallen-gegen-dynamo-auf-698da12bf2a7a9e035a9f3a1\" class=\"text-link\" rel=\"nofollow noopener\" target=\"_blank\">drastische Forderungen an den FCM<\/a> gestellt: Dazu z\u00e4hlten personalisierte Tickets, fl\u00e4chendeckende Video\u00fcberwachung sowie lebenslange Stadionverbote f\u00fcr Gewalt- und Wiederholungst\u00e4ter.<\/p>\n<p>Festnahmen auf Schalke<\/p>\n<p>Beim Ausw\u00e4rtsspiel auf Schalke (3:5) nahm die Polizei am Samstagabend f\u00fcnf weitere M\u00e4nner (19 bis 58 Jahre) fest. Sie stehen im Verdacht, an den Dresden-Ausschreitungen beteiligt gewesen zu sein.<\/p>\n<p>Weiteres Ungemach droht: Laut \u201eVolksstimme\u201c denken auch andere Sponsoren dar\u00fcber nach, den Geldhahn zuzudrehen oder haben zumindest klare Forderungen an den Verein gestellt. Darunter soll sich auch Avnet befinden, der Namensgeber des FCM-Stadions.<\/p>\n","protected":false},"excerpt":{"rendered":"TTS-Player \u00fcberspringen\u21b5Artikel weiterlesen Sponsoren-Beben beim 1. FC Magdeburg: Nach den Gewaltexzessen beim Ostderby gegen Dresden (1:2) und einem&hellip;\n","protected":false},"author":2,"featured_media":823378,"comment_status":"","ping_status":"","sticky":false,"template":"","format":"standard","meta":{"footnotes":"","_share_on_mastodon":"0"},"categories":[5],"tags":[7973,3766,1002,18391,13,5589,4063,184582,14,15,121,24117,12,3460,45,10,8,9,11,784],"class_list":["post-823377","post","type-post","status-publish","format-standard","has-post-thumbnail","category-nachrichten","tag-1-fc-magdeburg","tag-dynamo-dresden","tag-fans","tag-fc-schalke","tag-headlines","tag-hooligan","tag-magdeburg","tag-magdeburg-news","tag-nachrichten","tag-news","tag-polizei","tag-sachsen-anhalt-regional","tag-schlagzeilen","tag-sport-leuchtturm-leipzig","tag-texttospeech","tag-top-news","tag-top-meldungen","tag-topmeldungen","tag-topnews","tag-zweite-bundesliga"],"share_on_mastodon":{"url":"https:\/\/pubeurope.com\/@de\/116128729496774601","error":""},"_links":{"self":[{"href":"https:\/\/www.europesays.com\/de\/wp-json\/wp\/v2\/posts\/823377","targetHints":{"allow":["GET"]}}],"collection":[{"href":"https:\/\/www.europesays.com\/de\/wp-json\/wp\/v2\/posts"}],"about":[{"href":"https:\/\/www.europesays.com\/de\/wp-json\/wp\/v2\/types\/post"}],"author":[{"embeddable":true,"href":"https:\/\/www.europesays.com\/de\/wp-json\/wp\/v2\/users\/2"}],"replies":[{"embeddable":true,"href":"https:\/\/www.europesays.com\/de\/wp-json\/wp\/v2\/comments?post=823377"}],"version-history":[{"count":0,"href":"https:\/\/www.europesays.com\/de\/wp-json\/wp\/v2\/posts\/823377\/revisions"}],"wp:featuredmedia":[{"embeddable":true,"href":"https:\/\/www.europesays.com\/de\/wp-json\/wp\/v2\/media\/823378"}],"wp:attachment":[{"href":"https:\/\/www.europesays.com\/de\/wp-json\/wp\/v2\/media?parent=823377"}],"wp:term":[{"taxonomy":"category","embeddable":true,"href":"https:\/\/www.europesays.com\/de\/wp-json\/wp\/v2\/categories?post=823377"},{"taxonomy":"post_tag","embeddable":true,"href":"https:\/\/www.europesays.com\/de\/wp-json\/wp\/v2\/tags?post=823377"}],"curies":[{"name":"wp","href":"https:\/\/api.w.org\/{rel}","templated":true}]}}