{"id":823659,"date":"2026-02-25T04:17:16","date_gmt":"2026-02-25T04:17:16","guid":{"rendered":"https:\/\/www.europesays.com\/de\/823659\/"},"modified":"2026-02-25T04:17:16","modified_gmt":"2026-02-25T04:17:16","slug":"fall-epstein-britisches-parlament-will-dokumente-zu-andrew-freigeben","status":"publish","type":"post","link":"https:\/\/www.europesays.com\/de\/823659\/","title":{"rendered":"Fall Epstein: Britisches Parlament will Dokumente zu Andrew freigeben"},"content":{"rendered":"<p>            <img loading=\"lazy\" decoding=\"async\" class=\"ts-image\" src=\"https:\/\/www.europesays.com\/de\/wp-content\/uploads\/2026\/02\/westminster-parlament-100.jpg\" alt=\"Fu\u00dfg\u00e4nger \u00fcberqueren die Westminster Bridge - im Hintergrund ist der Westminster-Palast zu sehen.\" title=\"Fu\u00dfg\u00e4nger \u00fcberqueren die Westminster Bridge - im Hintergrund ist der Westminster-Palast zu sehen. | Kin Cheung\/AP\/dpa\"\/><\/p>\n<p class=\"metatextline\">Stand: 24.02.2026 \u2022 19:32 Uhr<\/p>\n<p class=\"article-head__shorttext\">\n        <strong>Polizeilich wird gegen den fr\u00fcheren Prinzen Andrew und den britischen Ex-Minister Mandelson im Fall Epstein bereits ermittelt. Nun nimmt auch die politische Aufarbeitung Fahrt auf &#8211; und aus dem Parlament kommt ungew\u00f6hnlich scharfe Kritik.<\/strong>\n    <\/p>\n<p>                                    <a class=\"authorline__link\" href=\"https:\/\/www.tagesschau.de\/korrespondenten\/christoph-proessl-106.html\" rel=\"nofollow noopener\" target=\"_blank\"><br \/>\n                                        <img decoding=\"async\" class=\"authorline__img\" alt=\"Christoph Pr\u00f6ssl\" src=\"https:\/\/www.europesays.com\/de\/wp-content\/uploads\/2026\/01\/christoph-proessl-101.jpg\"\/><br \/>\n                                    <\/a><\/p>\n<p class=\"textabsatz m-ten m-offset-one l-eight l-offset-two columns twelve\">Die juristische Aufarbeitung rund um die Epstein-Akten ist im Vereinigten K\u00f6nigreich in vollem Gange. Die Polizei ermittelt gegen den Bruder des K\u00f6nigs, Andrew Mountbatten-Windsor, und gegen den <a href=\"https:\/\/www.tagesschau.de\/eilmeldung\/epstein-mandelson-festnahme-100.html\" title=\"Fall Epstein: Britischer Ex-Botschafter Mandelson zeitweise festgenommen\" rel=\"nofollow noopener\" target=\"_blank\">Labour-Politiker Peter Mandelson<\/a>. Doch in der politischen Aufarbeitung steht das Vereinigte K\u00f6nigreich erst am Anfang.<\/p>\n<p class=\"textabsatz m-ten m-offset-one l-eight l-offset-two columns twelve\">Im Unterhaus diskutierten heute die Abgeordneten zu dem Thema. Ed Davey, der Vorsitzende der Liberaldemokraten, meint, Andrew Mountbatten-Windsor habe dem Land und der k\u00f6niglichen Familie eine Schande bereitet. Und viel zu lange seien die Abgeordneten nicht in der Lage gewesen, seine Rolle als Handelsgesandter zu hinterfragen.<\/p>\n<p>    Abgeordnete in Kritik an K\u00f6nigshaus beschr\u00e4nkt<\/p>\n<p class=\"textabsatz m-ten m-offset-one l-eight l-offset-two columns twelve\">Der Grund daf\u00fcr ist eine Tradition, die die Abgeordneten in ihrer Kritik an Mitgliedern der k\u00f6niglichen Familie beschr\u00e4nkt. Doch heute war dies anders. Andrew Mountbatten-Windsor hat ja alle Titel verloren.<\/p>\n<p class=\"textabsatz m-ten m-offset-one l-eight l-offset-two columns twelve\">Und so wurden klare Worte gesprochen im Parlament, was gedeutet werden kann als ein Wunsch der \u00d6ffentlichkeit aber eben auch der Abgeordneten, auch Mitglieder der K\u00f6nigsfamilie zur Rechenschaft zu ziehen. Das mag wie eine Kleinigkeit wirken, ist aber einer von vielen Schritten der britischen Monarchie in eine sich \u00e4ndernde Welt.<\/p>\n<p>    &#8222;Ein grober, arroganter und privilegierter Mann&#8220;<\/p>\n<p class=\"textabsatz m-ten m-offset-one l-eight l-offset-two columns twelve\">Der Labour-Politiker und Staatssekret\u00e4r Chris Bryant schilderte in der Debatte, wie zahlreiche Abgeordnete der sozialdemokratischen Fraktion Andrew-Mountbatten-Windsor sahen: als einen groben, arroganten und privilegierten Mann, der nicht habe unterscheiden k\u00f6nnen zwischen dem \u00f6ffentlichen Interesse, von dem er behauptete, dass er ihm diene, und seinem pers\u00f6nlichen Interesse.<\/p>\n<p class=\"textabsatz m-ten m-offset-one l-eight l-offset-two columns twelve\">Die Liberaldemokraten brachten heute einen Antrag ein, der vor allem eins soll: Transparenz schaffen. Wie kam es, dass Andrew Mountbatten-Windsor 2001 zum Handelsgesandten ernannt wurde? Gab es \u00dcberpr\u00fcfungen, ob er geeignet ist? Gab es Bedenken wegen seiner N\u00e4he zum Sexualstraft\u00e4ter Jeffrey Epstein? Dazu sollen alle Regierungsdokumente offengelegt werden.<\/p>\n<p>    Regierung wird wohl weitere Dokumente ver\u00f6ffentlichen<\/p>\n<p class=\"textabsatz m-ten m-offset-one l-eight l-offset-two columns twelve\">Auch zu der Frage, ob sich m\u00f6glicherweise Peter Mandelson f\u00fcr Andrew Mountbatten-Windsor als Handelsgesandten eingesetzt habe. Labour und auch die Tories zeigten ihre Zustimmung &#8211; die Regierung wird also die Dokumente ver\u00f6ffentlichen m\u00fcssen.<\/p>\n<p class=\"textabsatz m-ten m-offset-one l-eight l-offset-two columns twelve\">Rachael Maskell ist Abgeordnete von Labour in York. Sie k\u00e4mpfte schon fr\u00fch daf\u00fcr, Andrew-Mountbatten-Windsor den Titel Duke of York abzuerkennen und sp\u00fcrte deswegen viel Gegenwind &#8211; auch aus der eigenen Partei. Sie gab zu bedenken: &#8222;Wof\u00fcr brauchen wir \u00fcberhaupt die Handelsgesandten?&#8220; Es gebe 31 von ihnen, und die Stellen seien nie ausgeschrieben worden. Es sei unklar, welche Expertise die Handelsgesandten mitbringen &#8211; und, welchen Wert sie schafften.<\/p>\n<p class=\"textabsatz m-ten m-offset-one l-eight l-offset-two columns twelve\">Eine sehr grunds\u00e4tzliche Frage, die auch wieder zeigt: Es geht um Transparenz, auch f\u00fcr die k\u00f6nigliche Familie.<\/p>\n<p>Wer war Jeffrey Epstein?<\/p>\n<p>        Jeffrey Epstein war ein US-amerikanischer Finanzmanager und Multimillion\u00e4r, der vor allem durch den Aufbau eines massiven Missbrauchsnetzwerks bekannt wurde. Er wurde 1953 in Brooklyn, New York, geboren und wuchs in einfachen Verh\u00e4ltnissen auf. Epsteins Eltern geh\u00f6rten der Mittelschicht an. Sein Vater arbeitete f\u00fcr die Stadt New York, seine Mutter war Hausfrau. <\/p>\n<p>Nach einem Studium ohne Abschluss arbeitete Epstein in den 1970er-Jahren als Lehrer an einer Elite-Privatschule in Manhattan. \u00dcber Kontakte wechselte er sp\u00e4ter in den Finanzsektor. Dort machte er rasch Karriere, zun\u00e4chst bei einer Investmentbank. Wie genau er sein Verm\u00f6gen aufbaute, ist bis heute nicht vollst\u00e4ndig gekl\u00e4rt. Bekannt ist, dass er als Verm\u00f6gensverwalter f\u00fcr wohlhabende Kunden t\u00e4tig war. Er pflegte einflussreiche Netzwerke zu Spitzenpolitikern, Unternehmern, Wissenschaftlern und Prominenten.<\/p>\n<p>Zu seinem Besitz geh\u00f6rten mehrere Luxusimmobilien, darunter auch eine Privatinsel auf den Virgin-Islands, bekannt als &#8222;Little Saint James&#8220;. Nach Aussagen von Opfern soll die Insel ein zentraler Ort f\u00fcr die sexuellen \u00dcbergriffe gewesen sein. Eine wichtige Rolle dabei spielte Epsteins Vertraute Ghislaine Maxwell, die ihm half, junge Frauen und Minderj\u00e4hrige f\u00fcr ihn anzuwerben, zu kontrollieren und zu missbrauchen.<\/p>\n<p>Bereits in den 1990er-Jahren gab es erste strafrechtliche Beschwerden gegen Epstein wegen sexueller \u00dcbergriffe. 2008 wurde er als Sexualstraft\u00e4ter verurteilt. Er hatte sich vor einem US-Gericht unter anderem schuldig bekannt, eine Minderj\u00e4hrige zur Prostitution angestiftet zu haben. Er erhielt eine 18-monatige Haftstrafe, von der er etwa 13 Monate verb\u00fc\u00dfte. Durch einen umstrittenen Deal konnte er die meiste Zeit davon au\u00dferhalb des Gef\u00e4ngnisses verbringen.<\/p>\n<p>2019 wurde Epstein wegen schwerer Vorw\u00fcrfe erneut verhaftet. Kurz danach wurde er erh\u00e4ngt in seiner Gef\u00e4ngniszelle in New York aufgefunden, bevor es zu einem Strafprozess kommen konnte.\n    <\/p>\n","protected":false},"excerpt":{"rendered":"Stand: 24.02.2026 \u2022 19:32 Uhr Polizeilich wird gegen den fr\u00fcheren Prinzen Andrew und den britischen Ex-Minister Mandelson im&hellip;\n","protected":false},"author":2,"featured_media":823660,"comment_status":"","ping_status":"","sticky":false,"template":"","format":"standard","meta":{"footnotes":"","_share_on_mastodon":"0"},"categories":[155],"tags":[134847,29,214,81660,30,551,175298,215],"class_list":["post-823659","post","type-post","status-publish","format-standard","has-post-thumbnail","category-unterhaltung","tag-andrew-mountbatten-windsor","tag-deutschland","tag-entertainment","tag-epstein","tag-germany","tag-grossbritannien","tag-mandelson","tag-unterhaltung"],"share_on_mastodon":{"url":"https:\/\/pubeurope.com\/@de\/116129343033321432","error":""},"_links":{"self":[{"href":"https:\/\/www.europesays.com\/de\/wp-json\/wp\/v2\/posts\/823659","targetHints":{"allow":["GET"]}}],"collection":[{"href":"https:\/\/www.europesays.com\/de\/wp-json\/wp\/v2\/posts"}],"about":[{"href":"https:\/\/www.europesays.com\/de\/wp-json\/wp\/v2\/types\/post"}],"author":[{"embeddable":true,"href":"https:\/\/www.europesays.com\/de\/wp-json\/wp\/v2\/users\/2"}],"replies":[{"embeddable":true,"href":"https:\/\/www.europesays.com\/de\/wp-json\/wp\/v2\/comments?post=823659"}],"version-history":[{"count":0,"href":"https:\/\/www.europesays.com\/de\/wp-json\/wp\/v2\/posts\/823659\/revisions"}],"wp:featuredmedia":[{"embeddable":true,"href":"https:\/\/www.europesays.com\/de\/wp-json\/wp\/v2\/media\/823660"}],"wp:attachment":[{"href":"https:\/\/www.europesays.com\/de\/wp-json\/wp\/v2\/media?parent=823659"}],"wp:term":[{"taxonomy":"category","embeddable":true,"href":"https:\/\/www.europesays.com\/de\/wp-json\/wp\/v2\/categories?post=823659"},{"taxonomy":"post_tag","embeddable":true,"href":"https:\/\/www.europesays.com\/de\/wp-json\/wp\/v2\/tags?post=823659"}],"curies":[{"name":"wp","href":"https:\/\/api.w.org\/{rel}","templated":true}]}}