{"id":823760,"date":"2026-02-25T05:13:11","date_gmt":"2026-02-25T05:13:11","guid":{"rendered":"https:\/\/www.europesays.com\/de\/823760\/"},"modified":"2026-02-25T05:13:11","modified_gmt":"2026-02-25T05:13:11","slug":"neues-jugendbuch-von-tobias-elsaesser-der-mann-hat-klaeglich-versagt-in-matria-sind-frauen-an-der-macht-kultur","status":"publish","type":"post","link":"https:\/\/www.europesays.com\/de\/823760\/","title":{"rendered":"Neues Jugendbuch von Tobias Els\u00e4\u00dfer: \u201eDer Mann hat kl\u00e4glich versagt\u201c &#8211; in \u201eMatria\u201c sind Frauen an der Macht &#8211; Kultur"},"content":{"rendered":"<p>\u201eMatria\u201c, das neue Jugendbuch des Stuttgarter Autors Tobias Els\u00e4\u00dfer, spielt in einem friedlichen Frauenstaat. Jungs m\u00fcssen in einer Pr\u00fcfung beweisen, dass sie keine Gefahr darstellen.<\/p>\n<p>Der Stuttgarter Jugendbuchautor Tobias Els\u00e4\u00dfer hat f\u00fcr seinen neuen Roman ein ungew\u00f6hnliches Setting gew\u00e4hlt: Die Welt wird von m\u00e4nnlicher Gewalt beherrscht, nur eine kleine, von Frauen regierte Zone leistet sich ein friedliches Zusammenleben. \u201eMatria\u201c ist zugleich Titel und Ort des neuen Buchs. Die S\u00f6hne dort sind als Sicherheitsrisiko permanenter Kontrolle ausgesetzt, als Jugendliche m\u00fcssen sie ihr Bleiberecht in einem Camp unter Beweis stellen. Els\u00e4\u00dfers Protagonist Elias ger\u00e4t bei diesem Test in einen Strudel der Gewalt und der Selbstzweifel.<\/p>\n","protected":false},"excerpt":{"rendered":"\u201eMatria\u201c, das neue Jugendbuch des Stuttgarter Autors Tobias Els\u00e4\u00dfer, spielt in einem friedlichen Frauenstaat. Jungs m\u00fcssen in einer&hellip;\n","protected":false},"author":2,"featured_media":823761,"comment_status":"","ping_status":"","sticky":false,"template":"","format":"standard","meta":{"footnotes":"","_share_on_mastodon":"0"},"categories":[1830],"tags":[3100,1634,3364,29,30,2134,3102,80,184649,1441,184648],"class_list":["post-823760","post","type-post","status-publish","format-standard","has-post-thumbnail","category-stuttgart","tag-autor","tag-baden-wuerttemberg","tag-de","tag-deutschland","tag-germany","tag-interview","tag-jugendbuch","tag-kultur","tag-matria","tag-stuttgart","tag-tobias-elsaesser"],"share_on_mastodon":{"url":"https:\/\/pubeurope.com\/@de\/116129563208458447","error":""},"_links":{"self":[{"href":"https:\/\/www.europesays.com\/de\/wp-json\/wp\/v2\/posts\/823760","targetHints":{"allow":["GET"]}}],"collection":[{"href":"https:\/\/www.europesays.com\/de\/wp-json\/wp\/v2\/posts"}],"about":[{"href":"https:\/\/www.europesays.com\/de\/wp-json\/wp\/v2\/types\/post"}],"author":[{"embeddable":true,"href":"https:\/\/www.europesays.com\/de\/wp-json\/wp\/v2\/users\/2"}],"replies":[{"embeddable":true,"href":"https:\/\/www.europesays.com\/de\/wp-json\/wp\/v2\/comments?post=823760"}],"version-history":[{"count":0,"href":"https:\/\/www.europesays.com\/de\/wp-json\/wp\/v2\/posts\/823760\/revisions"}],"wp:featuredmedia":[{"embeddable":true,"href":"https:\/\/www.europesays.com\/de\/wp-json\/wp\/v2\/media\/823761"}],"wp:attachment":[{"href":"https:\/\/www.europesays.com\/de\/wp-json\/wp\/v2\/media?parent=823760"}],"wp:term":[{"taxonomy":"category","embeddable":true,"href":"https:\/\/www.europesays.com\/de\/wp-json\/wp\/v2\/categories?post=823760"},{"taxonomy":"post_tag","embeddable":true,"href":"https:\/\/www.europesays.com\/de\/wp-json\/wp\/v2\/tags?post=823760"}],"curies":[{"name":"wp","href":"https:\/\/api.w.org\/{rel}","templated":true}]}}