{"id":823866,"date":"2026-02-25T06:14:18","date_gmt":"2026-02-25T06:14:18","guid":{"rendered":"https:\/\/www.europesays.com\/de\/823866\/"},"modified":"2026-02-25T06:14:18","modified_gmt":"2026-02-25T06:14:18","slug":"fuehrerschein-deutschland-das-land-der-fahrlehrer","status":"publish","type":"post","link":"https:\/\/www.europesays.com\/de\/823866\/","title":{"rendered":"F\u00fchrerschein: Deutschland, das Land der Fahrlehrer"},"content":{"rendered":"<p>                            Muss denn immer ein Fahrlehrer danebensitzen?            \u00a9\u00a0[M] Lars Penning\/\u200bdpa<\/p>\n<p class=\"paragraph article__item\">3.400 Euro zahlen Deutsche mittlerweile im Schnitt, bis sie ihren <a class=\"rtr-entity\" href=\"https:\/\/www.zeit.de\/thema\/fuehrerschein\" rel=\"nofollow noopener\" target=\"_blank\">F\u00fchrerschein<\/a> haben. Das ist viel mehr als in \u00d6sterreich und der Schweiz. Der Grund sind die strengen deutschen Regeln: Man muss bisher alle Fahrstunden bei professionellen Fahrlehrern absolvieren, auch f\u00fcr den Theorieteil sind die Vorschriften strenger. Die Bundesregierung will das nun lockern, um die Kosten zu senken. Vorbild soll die Laienausbildung sein, die in \u00d6sterreich schon lange erlaubt ist. Wir erkl\u00e4ren die Reformpl\u00e4ne und besprechen, wie sinnvoll es ist, mit seinen Eltern Autofahren zu lernen \u2013 und warum man in der Schweiz \u00fcber die strengen bisherigen deutschen Regeln nur lachen kann.\n<\/p>\n<p class=\"paragraph article__item\">Au\u00dferdem bei <a href=\"https:\/\/www.zeit.de\/serie\/servus-gruezi-hallo\" rel=\"noopener noreferrer nofollow\" target=\"_blank\">Servus. Gr\u00fcezi. Hallo.<\/a>: Die Schweizer stimmen dar\u00fcber ab, ob ihr \u00f6ffentlicher Rundfunk SRG nur noch ungef\u00e4hr halb so hohe Geb\u00fchren bekommen soll. Welche Folgen h\u00e4tte das f\u00fcr die Medienlandschaft in der <a class=\"rtr-entity\" href=\"https:\/\/www.zeit.de\/schweiz\" rel=\"nofollow noopener\" target=\"_blank\">Schweiz<\/a> und wie gro\u00df sind die Erfolgsaussichten? Wir reden \u00fcber Sparversuche beim \u00f6ffentlichen Rundfunk in unseren L\u00e4ndern und die Frage, wie wichtig er \u2013\u00a0gerade f\u00fcr seine politischen Gegner \u2013 \u00fcberhaupt noch ist.\n<\/p>\n<p class=\"paragraph article__item\">Karten f\u00fcr den Auftritt in Graz am 8. Juni erhalten Sie <a href=\"https:\/\/verlag.zeit.de\/veranstaltungen\/ausblick\/zeit-veranstaltungen\/alpenpodcast-live\/\" rel=\"noopener noreferrer nofollow\" target=\"_blank\">hier<\/a>.\n<\/p>\n<p class=\"paragraph article__item\"><a href=\"https:\/\/www.zeit.de\/newsletter\/gemischter-satz\/index\" rel=\"noopener noreferrer nofollow\" target=\"_blank\">Hier geht&#8217;s zum \u00d6sterreich-Newsletter<\/a> und <a href=\"https:\/\/www.zeit.de\/newsletter\/grueezi\/index\" rel=\"noopener noreferrer nofollow\" target=\"_blank\">hier zum Schweiz-Newsletter<\/a>. \u00a0Sie erreichen uns per Mail unter <a href=\"http:\/\/alpen@zeit.de\/\" rel=\"noopener noreferrer nofollow\" target=\"_blank\">alpen@zeit.de<\/a>. Auf Instagram sind wir als <a href=\"https:\/\/www.instagram.com\/lenzjacobsen\/?hl=de\" rel=\"noopener noreferrer nofollow\" target=\"_blank\">@lenzjacobsen<\/a>, <a href=\"https:\/\/www.instagram.com\/matthiasdaum\/?hl=de\" rel=\"noopener noreferrer nofollow\" target=\"_blank\">@matthiasdaum<\/a> und <a href=\"https:\/\/www.instagram.com\/florian_gasser\/?hl=de\" rel=\"noopener noreferrer nofollow\" target=\"_blank\">@florian_gasser<\/a> unterwegs.\n<\/p>\n<p class=\"paragraph article__item\">Die \u00d6sterreich- und Schweizausgaben der ZEIT\u00a0<a href=\"https:\/\/www.zeit.de\/alpenabo\" rel=\"noopener noreferrer nofollow\" target=\"_blank\">k\u00f6nnen Sie hier abonnieren<\/a>.\u00a0\n<\/p>\n<p class=\"paragraph article__item\">Sprachnachrichten erreichen uns per WhatsApp unter\u00a0<a href=\"https:\/\/www.zeit.de\/gesellschaft\/2025-10\/umgang-tod-wien-oesterreich-schweiz-beerdigung-sterbehilfe-alpenpodcast#\" rel=\"noopener noreferrer nofollow\" target=\"_blank\">+41 793615310<\/a>.\n<\/p>\n<p><script async src=\"\/\/www.instagram.com\/embed.js\"><\/script><\/p>\n","protected":false},"excerpt":{"rendered":"Muss denn immer ein Fahrlehrer danebensitzen? \u00a9\u00a0[M] Lars Penning\/\u200bdpa 3.400 Euro zahlen Deutsche mittlerweile im Schnitt, bis sie&hellip;\n","protected":false},"author":2,"featured_media":823867,"comment_status":"","ping_status":"","sticky":false,"template":"","format":"standard","meta":{"footnotes":"","_share_on_mastodon":"0"},"categories":[2],"tags":[331,3924,332,3922,1173,3364,29,2641,35,30,1724,13,14,3923,15,3921,1433,4486,12,293],"class_list":["post-823866","post","type-post","status-publish","format-standard","has-post-thumbnail","category-deutschland","tag-aktuelle-nachrichten","tag-aktuelle-nachrichten-aus-deutschland","tag-aktuelle-news","tag-aktuelle-news-aus-deutschland","tag-bundesregierung","tag-de","tag-deutschland","tag-fahrschule","tag-fuehrerschein","tag-germany","tag-gesellschaft","tag-headlines","tag-nachrichten","tag-nachrichten-aus-deutschland","tag-news","tag-news-aus-deutschland","tag-oesterreich","tag-rundfunk","tag-schlagzeilen","tag-schweiz"],"share_on_mastodon":{"url":"https:\/\/pubeurope.com\/@de\/116129802812446679","error":""},"_links":{"self":[{"href":"https:\/\/www.europesays.com\/de\/wp-json\/wp\/v2\/posts\/823866","targetHints":{"allow":["GET"]}}],"collection":[{"href":"https:\/\/www.europesays.com\/de\/wp-json\/wp\/v2\/posts"}],"about":[{"href":"https:\/\/www.europesays.com\/de\/wp-json\/wp\/v2\/types\/post"}],"author":[{"embeddable":true,"href":"https:\/\/www.europesays.com\/de\/wp-json\/wp\/v2\/users\/2"}],"replies":[{"embeddable":true,"href":"https:\/\/www.europesays.com\/de\/wp-json\/wp\/v2\/comments?post=823866"}],"version-history":[{"count":0,"href":"https:\/\/www.europesays.com\/de\/wp-json\/wp\/v2\/posts\/823866\/revisions"}],"wp:featuredmedia":[{"embeddable":true,"href":"https:\/\/www.europesays.com\/de\/wp-json\/wp\/v2\/media\/823867"}],"wp:attachment":[{"href":"https:\/\/www.europesays.com\/de\/wp-json\/wp\/v2\/media?parent=823866"}],"wp:term":[{"taxonomy":"category","embeddable":true,"href":"https:\/\/www.europesays.com\/de\/wp-json\/wp\/v2\/categories?post=823866"},{"taxonomy":"post_tag","embeddable":true,"href":"https:\/\/www.europesays.com\/de\/wp-json\/wp\/v2\/tags?post=823866"}],"curies":[{"name":"wp","href":"https:\/\/api.w.org\/{rel}","templated":true}]}}