{"id":823904,"date":"2026-02-25T06:34:17","date_gmt":"2026-02-25T06:34:17","guid":{"rendered":"https:\/\/www.europesays.com\/de\/823904\/"},"modified":"2026-02-25T06:34:17","modified_gmt":"2026-02-25T06:34:17","slug":"stellwerk-defekt-bremst-s-bahnen-am-abstellbahnhof-aus","status":"publish","type":"post","link":"https:\/\/www.europesays.com\/de\/823904\/","title":{"rendered":"Stellwerk-Defekt bremst S-Bahnen am Abstellbahnhof aus"},"content":{"rendered":"<p>Z\u00fcge im Schneckentempo <\/p>\n<p>Stellwerk-Defekt bremst S-Bahnen am Abstellbahnhof aus<\/p>\n<p>Aktualisiert am 25.02.2026 &#8211; 07:10 UhrLesedauer: 1 Min.<\/p>\n<p><a href=\"#focus-0\" class=\"transition-colors duration-200 block text-current relative\" data-sctrack=\"FocusGalleryImage.Reference\"><img fetchpriority=\"high\" data-testid=\"Opener.Image\" style=\"--lqipURL:url('https:\/\/images.t-online.de\/2026\/01\/aljQakAg0WPF\/0x375:4000x2250\/fit-in\/150x0\/filters:blur(25)\/image.jpg')\"   loading=\"eager\" src=\"https:\/\/www.europesays.com\/de\/wp-content\/uploads\/2026\/02\/1772001257_656_image.jpg\" alt=\"imago images 0831621608\" title=\"imago images 0831621608\" width=\"4000\" height=\"2250\" class=\"bg-[url:var(--lqipURL)] bg-cover bg-center flex h-full w-full max-w-full\" decoding=\"async\"\/><img style=\"--width:32;--height:32\" loading=\"lazy\" src=\"https:\/\/duesseldorf.t-online.de\/s\/paper\/_next\/static\/media\/zoom-in.f7dae02f.svg\" alt=\"Vergr\u00f6\u00dfern des Bildes\" title=\"Vergr\u00f6\u00dfern des Bildes\" class=\"block h-[calc(var(--height)_\/_16_*_1rem)] w-[calc(var(--width)_\/_16_*_1rem)] max-w-none absolute bottom-8 right-8 rounded-4 bg-snow p-8\" decoding=\"async\"\/><\/a><\/p>\n<p>Ein Zug (Symbolbild): F\u00fcr Pendler f\u00e4ngt der Mittwochmorgen nicht gut an. (Quelle: IMAGO\/rech)<\/p>\n<p class=\"font-bold text-18 leading-17 user-text-lg:text-22 user-text-xl:text-24\">Ein defektes Stellwerk am Abstellbahnhof D\u00fcsseldorf sorgt f\u00fcr Probleme im Bahnverkehr. Betroffen sind die S-Bahn-Linien S1 und S6.<\/p>\n<p class=\"text-18 leading-17 user-text-lg:text-22 user-text-xl:text-24\">Am Abstellbahnhof in D\u00fcsseldorf kommt es derzeit zu Beeintr\u00e4chtigungen im Bahnverkehr. Grund ist ein defektes Stellwerk.<\/p>\n<p class=\"text-18 leading-17 user-text-lg:text-22 user-text-xl:text-24\">Wie aus der Meldldung des St\u00f6rungsportals hervorgeht, besteht die Einschr\u00e4nkung seit Mittwochmorgen (25. Februar) um 4.09 Uhr. Ein Ende war zun\u00e4chst f\u00fcr 9 Uhr angegeben. Im betroffenen Bereich fahren die Z\u00fcge langsamer. Dadurch kann es zu Verz\u00f6gerungen im Bahnverkehr kommen.<\/p>\n<p class=\"text-18 leading-17 user-text-lg:text-22 user-text-xl:text-24\">Betroffen sind die Linien S1 (Dortmund\u2013Essen\u2013Duisburg\u2013D\u00fcsseldorf\u2013Solingen) und S6 (K\u00f6ln-Worringen\u2013K\u00f6ln\u2013D\u00fcsseldorf\u2013Ratingen\u2013Essen), sowie die S8 und S11.<\/p>\n<p class=\"text-18 leading-17 user-text-lg:text-22 user-text-xl:text-24\">F\u00fcr die S11 wurde ein Ersatzverkehr (SEV) zwischen K\u00f6ln-M\u00fclheim und Bergisch Gladbach mit sechs Bussen der Firma Univers eingerichtet. Fahrg\u00e4ste werden geben den Zuglauf in der Onlinereiseauskunft zu \u00fcberpr\u00fcfen.<\/p>\n","protected":false},"excerpt":{"rendered":"Z\u00fcge im Schneckentempo Stellwerk-Defekt bremst S-Bahnen am Abstellbahnhof aus Aktualisiert am 25.02.2026 &#8211; 07:10 UhrLesedauer: 1 Min. Ein&hellip;\n","protected":false},"author":2,"featured_media":823905,"comment_status":"","ping_status":"","sticky":false,"template":"","format":"standard","meta":{"footnotes":"","_share_on_mastodon":"0"},"categories":[1831],"tags":[116926,170730,2227,3364,2030,29,3405,30,3467,1209,176,4125,4935,76658,16127],"class_list":["post-823904","post","type-post","status-publish","format-standard","has-post-thumbnail","category-duesseldorf","tag-116926","tag-abstellbahnhof","tag-bahnverkehr","tag-de","tag-deutsche-bahn","tag-deutschland","tag-duesseldorf","tag-germany","tag-landeshauptstadt","tag-nordrhein-westfalen","tag-nrw","tag-pendler","tag-regionalverkehr","tag-schneckentempo","tag-stellwerk"],"share_on_mastodon":{"url":"https:\/\/pubeurope.com\/@de\/116129881705006572","error":""},"_links":{"self":[{"href":"https:\/\/www.europesays.com\/de\/wp-json\/wp\/v2\/posts\/823904","targetHints":{"allow":["GET"]}}],"collection":[{"href":"https:\/\/www.europesays.com\/de\/wp-json\/wp\/v2\/posts"}],"about":[{"href":"https:\/\/www.europesays.com\/de\/wp-json\/wp\/v2\/types\/post"}],"author":[{"embeddable":true,"href":"https:\/\/www.europesays.com\/de\/wp-json\/wp\/v2\/users\/2"}],"replies":[{"embeddable":true,"href":"https:\/\/www.europesays.com\/de\/wp-json\/wp\/v2\/comments?post=823904"}],"version-history":[{"count":0,"href":"https:\/\/www.europesays.com\/de\/wp-json\/wp\/v2\/posts\/823904\/revisions"}],"wp:featuredmedia":[{"embeddable":true,"href":"https:\/\/www.europesays.com\/de\/wp-json\/wp\/v2\/media\/823905"}],"wp:attachment":[{"href":"https:\/\/www.europesays.com\/de\/wp-json\/wp\/v2\/media?parent=823904"}],"wp:term":[{"taxonomy":"category","embeddable":true,"href":"https:\/\/www.europesays.com\/de\/wp-json\/wp\/v2\/categories?post=823904"},{"taxonomy":"post_tag","embeddable":true,"href":"https:\/\/www.europesays.com\/de\/wp-json\/wp\/v2\/tags?post=823904"}],"curies":[{"name":"wp","href":"https:\/\/api.w.org\/{rel}","templated":true}]}}