{"id":823959,"date":"2026-02-25T07:06:13","date_gmt":"2026-02-25T07:06:13","guid":{"rendered":"https:\/\/www.europesays.com\/de\/823959\/"},"modified":"2026-02-25T07:06:13","modified_gmt":"2026-02-25T07:06:13","slug":"das-schrit_tmacher-festival-wird-eroeffnet","status":"publish","type":"post","link":"https:\/\/www.europesays.com\/de\/823959\/","title":{"rendered":"Das schrit_tmacher Festival wird er\u00f6ffnet"},"content":{"rendered":"<p>Das 31. schrit_tmacher Festival wird diese Woche in Heerlen, Eupen und Aachen er\u00f6ffnet. Viele Veranstaltungen sind bereits ausverkauft, doch Tanzbegeisterte haben weiterhin die M\u00f6glichkeit, begehrte Eintrittskarten f\u00fcr einzelne Termine zu ergattern. Ticketr\u00fcckl\u00e4ufe werden immer wieder dem Kartenkontingent hinzugef\u00fcgt.<\/p>\n<p>Bei einigen Veranstaltungen wird es durch technische Anpassungen vor Ort au\u00dferdem m\u00f6glich, den Zuschauerraum zu erweitern. Auch hierdurch k\u00f6nnen immer wieder Kartenkontingente freigeschalten werden.<\/p>\n<p>Technische Umplanungen erm\u00f6glichen zum Beispiel bei allen vier Veranstaltungen der kasachischen Kompanie JOLDA Dance Theatre am 13. und 14. M\u00e4rz, jeweil 17 und 20 Uhr, in der Citykirche St. Nikolaus, weitere Pl\u00e4tze. Zus\u00e4tzliche Tickets f\u00fcr diese Termine sind ab sofort unter \u00a0<a href=\"http:\/\/www.schrittmacherfestival.com\/\" target=\"_blank\" rel=\"noreferrer noopener nofollow\">www.schrittmacherfestival.com<\/a> buchbar.<\/p>\n<p>Regelm\u00e4\u00dfige Blicke auf die Website oder in die sozialen Medien lohnen sich, um auf verf\u00fcgbare Tickets aufmerksam zu werden:<\/p>\n<p><a rel=\"noreferrer noopener nofollow\" href=\"http:\/\/www.schrittmacherfestival.com\/\" target=\"_blank\">www.schrittmacherfestival.com<br \/><\/a>Instagram: <a href=\"https:\/\/www.instagram.com\/schrittmacher_festival\/\" target=\"_blank\" rel=\"noreferrer noopener nofollow\">@schrittmacher_festival<\/a>; <a href=\"https:\/\/www.instagram.com\/aachenmachtkultur\/\" target=\"_blank\" rel=\"noreferrer noopener nofollow\">@aachenmachtkultur<br \/><\/a>Facebook: <a href=\"http:\/\/www.facebook.com\/people\/schrittmacher-Dance-Festival-Aachen-just-dance\/100041689638405\" target=\"_blank\" rel=\"noreferrer noopener nofollow\">schrittmacher Dance Festival Aachen \u2013 just dance<\/a>; <a href=\"https:\/\/www.facebook.com\/aachenmachtkultur\/?locale=de_DE\" target=\"_blank\" rel=\"noreferrer noopener nofollow\">aachenmachtkultur<\/a><\/p>\n<p><script async src=\"\/\/www.instagram.com\/embed.js\"><\/script><\/p>\n","protected":false},"excerpt":{"rendered":"Das 31. schrit_tmacher Festival wird diese Woche in Heerlen, Eupen und Aachen er\u00f6ffnet. Viele Veranstaltungen sind bereits ausverkauft,&hellip;\n","protected":false},"author":2,"featured_media":823960,"comment_status":"","ping_status":"","sticky":false,"template":"","format":"standard","meta":{"footnotes":"","_share_on_mastodon":"0"},"categories":[1853],"tags":[184683,1424,3364,29,548,98154,92503,663,3934,30,13,25601,80,2075,14,15,1209,12,84666],"class_list":["post-823959","post","type-post","status-publish","format-standard","has-post-thumbnail","category-aachen","tag-31-schrit_tmacher-festival","tag-aachen","tag-de","tag-deutschland","tag-eu","tag-eupen","tag-euregio","tag-europa","tag-europe","tag-germany","tag-headlines","tag-heerlen","tag-kultur","tag-kunst","tag-nachrichten","tag-news","tag-nordrhein-westfalen","tag-schlagzeilen","tag-veranstaltungshinweise"],"share_on_mastodon":{"url":"https:\/\/pubeurope.com\/@de\/116130007448441509","error":""},"_links":{"self":[{"href":"https:\/\/www.europesays.com\/de\/wp-json\/wp\/v2\/posts\/823959","targetHints":{"allow":["GET"]}}],"collection":[{"href":"https:\/\/www.europesays.com\/de\/wp-json\/wp\/v2\/posts"}],"about":[{"href":"https:\/\/www.europesays.com\/de\/wp-json\/wp\/v2\/types\/post"}],"author":[{"embeddable":true,"href":"https:\/\/www.europesays.com\/de\/wp-json\/wp\/v2\/users\/2"}],"replies":[{"embeddable":true,"href":"https:\/\/www.europesays.com\/de\/wp-json\/wp\/v2\/comments?post=823959"}],"version-history":[{"count":0,"href":"https:\/\/www.europesays.com\/de\/wp-json\/wp\/v2\/posts\/823959\/revisions"}],"wp:featuredmedia":[{"embeddable":true,"href":"https:\/\/www.europesays.com\/de\/wp-json\/wp\/v2\/media\/823960"}],"wp:attachment":[{"href":"https:\/\/www.europesays.com\/de\/wp-json\/wp\/v2\/media?parent=823959"}],"wp:term":[{"taxonomy":"category","embeddable":true,"href":"https:\/\/www.europesays.com\/de\/wp-json\/wp\/v2\/categories?post=823959"},{"taxonomy":"post_tag","embeddable":true,"href":"https:\/\/www.europesays.com\/de\/wp-json\/wp\/v2\/tags?post=823959"}],"curies":[{"name":"wp","href":"https:\/\/api.w.org\/{rel}","templated":true}]}}