{"id":824119,"date":"2026-02-25T08:31:13","date_gmt":"2026-02-25T08:31:13","guid":{"rendered":"https:\/\/www.europesays.com\/de\/824119\/"},"modified":"2026-02-25T08:31:13","modified_gmt":"2026-02-25T08:31:13","slug":"schliessfach-in-sparkasse-gelsenkirchen-bei-bohrer-coup-betroffen-opfer-soll-sparkasse-fuer-kredit-746-prozent-zinsen-zahlen","status":"publish","type":"post","link":"https:\/\/www.europesays.com\/de\/824119\/","title":{"rendered":"Schlie\u00dffach in Sparkasse Gelsenkirchen bei Bohrer-Coup betroffen: Opfer soll Sparkasse f\u00fcr Kredit 7,46 Prozent Zinsen zahlen"},"content":{"rendered":"<p>&#8222;Verdient jetzt sogar noch an mir&#8220;Sparkasse will 7,5 Prozent Kreditzins von Schlie\u00dffach-Opfer24.02.2026, 07:51 Uhr<\/p>\n<p class=\"Typography_text-m__XI0da Typography_weight-normal__pqUbH\">Mit dem Gold in ihrem Schlie\u00dffach will Astrid Kaiser eigentlich Teile einer Kreditkartenrechnung bezahlen. Doch dann wird sie Opfer des Millionen-Coups der Bohrer-Einbrecher in der Gelsenkirchener Sparkasse. Zur \u00dcberbr\u00fcckung will sie einen Kredit aufnehmen &#8211; f\u00fcr den die Sparkasse zu ihrem Entsetzen den normalen Zinssatz verlangt.<\/p>\n","protected":false},"excerpt":{"rendered":"&#8222;Verdient jetzt sogar noch an mir&#8220;Sparkasse will 7,5 Prozent Kreditzins von Schlie\u00dffach-Opfer24.02.2026, 07:51 Uhr Mit dem Gold in&hellip;\n","protected":false},"author":2,"featured_media":824120,"comment_status":"","ping_status":"","sticky":false,"template":"","format":"standard","meta":{"footnotes":"","_share_on_mastodon":"0"},"categories":[1848],"tags":[304,3364,29,548,663,3934,3658,30,13,305,14,15,1209,12,47223],"class_list":["post-824119","post","type-post","status-publish","format-standard","has-post-thumbnail","category-gelsenkirchen","tag-banken","tag-de","tag-deutschland","tag-eu","tag-europa","tag-europe","tag-gelsenkirchen","tag-germany","tag-headlines","tag-kreditvergabe","tag-nachrichten","tag-news","tag-nordrhein-westfalen","tag-schlagzeilen","tag-sparkassen"],"share_on_mastodon":{"url":"https:\/\/pubeurope.com\/@de\/116130341388216039","error":""},"_links":{"self":[{"href":"https:\/\/www.europesays.com\/de\/wp-json\/wp\/v2\/posts\/824119","targetHints":{"allow":["GET"]}}],"collection":[{"href":"https:\/\/www.europesays.com\/de\/wp-json\/wp\/v2\/posts"}],"about":[{"href":"https:\/\/www.europesays.com\/de\/wp-json\/wp\/v2\/types\/post"}],"author":[{"embeddable":true,"href":"https:\/\/www.europesays.com\/de\/wp-json\/wp\/v2\/users\/2"}],"replies":[{"embeddable":true,"href":"https:\/\/www.europesays.com\/de\/wp-json\/wp\/v2\/comments?post=824119"}],"version-history":[{"count":0,"href":"https:\/\/www.europesays.com\/de\/wp-json\/wp\/v2\/posts\/824119\/revisions"}],"wp:featuredmedia":[{"embeddable":true,"href":"https:\/\/www.europesays.com\/de\/wp-json\/wp\/v2\/media\/824120"}],"wp:attachment":[{"href":"https:\/\/www.europesays.com\/de\/wp-json\/wp\/v2\/media?parent=824119"}],"wp:term":[{"taxonomy":"category","embeddable":true,"href":"https:\/\/www.europesays.com\/de\/wp-json\/wp\/v2\/categories?post=824119"},{"taxonomy":"post_tag","embeddable":true,"href":"https:\/\/www.europesays.com\/de\/wp-json\/wp\/v2\/tags?post=824119"}],"curies":[{"name":"wp","href":"https:\/\/api.w.org\/{rel}","templated":true}]}}