{"id":824195,"date":"2026-02-25T09:14:13","date_gmt":"2026-02-25T09:14:13","guid":{"rendered":"https:\/\/www.europesays.com\/de\/824195\/"},"modified":"2026-02-25T09:14:13","modified_gmt":"2026-02-25T09:14:13","slug":"preis-der-leipziger-buchmesse-2026-anja-kampmann-und-ines-geipel-nominiert","status":"publish","type":"post","link":"https:\/\/www.europesays.com\/de\/824195\/","title":{"rendered":"Preis der Leipziger Buchmesse 2026: Anja Kampmann und Ines Geipel nominiert"},"content":{"rendered":"<p class=\"text\">\nDie Nominierten f\u00fcr den Preis der Leipziger Buchmesse 2026 stehen fest. Das teilte die Jury des Preises in Leipzig am Vormittag mit. Jeweils f\u00fcnf Nominierte in den Kategorien &#8222;Belletristik&#8220;, &#8222;Sachbuch\/Essayistik&#8220; und &#8222;\u00dcbersetzung&#8220; stehen im Finale des renommierten Literaturwettbewerbs. Insgesamt 480 Werke aus 170 Verlagen wurden eingereicht.\n<\/p>\n<p>Autorinnen aus Leipzig und Dresden nominiert<\/p>\n<p class=\"text\">\nIn der Belletristik sind die Leipziger Autorin Anja Kampmann (<a href=\"https:\/\/www.mdr.de\/nachrichten\/sachsen\/leipzig\/leipzig-leipzig-land\/roman-anja-kampmann-wut-heller-stern-rezension-kultur-news-100.html\" title=\"Anja Kampmann schreibt Roman &quot;Die Wut ist ein heller Stern&quot; \u00fcber die NS-Zeit im Reeperbahn-Milieu\" rel=\"nofollow noopener\" target=\"_blank\">&#8222;Die Wut ist ein heller Stern&#8220;<\/a>) und Helene Bukowski (&#8222;Wer m\u00f6chte nicht im Leben bleiben&#8220;) nominiert. Katerina Poladjan steht mit <a href=\"https:\/\/www.mdr.de\/kultur\/radio\/katerina-poladjan-goldstrand-lesezeit-100.html\" title=\"Katerina Poladjan: Goldstrand \u2013 Lesung mit Harald Schrott\" rel=\"nofollow noopener\" target=\"_blank\">&#8222;Goldstrand&#8220;<\/a> auf der Shortlist, ebenso Elli Unruh mit ihrem Deb\u00fct &#8222;Fische im Tr\u00fcben&#8220;. Als einziger m\u00e4nnlicher Autor ist der \u00d6sterreicher Norbert Gstrein mit <a href=\"https:\/\/www.mdr.de\/kultur\/videos-und-audios\/audio-radio\/audio-norbert-gstrein-im-ersten-licht-100.html\" title=\"Zwei Weltkriege, ein Jahrhundert: &quot;Im ersten Licht&quot; von Norbert Gstrein\" rel=\"nofollow noopener\" target=\"_blank\">&#8222;Im ersten Licht&#8220;<\/a> vertreten.\n<\/p>\n<p class=\"text\">\nIn der Kategorie Sachbuch stehen Werke zu Nationalsozialismus und Exil im Mittelpunkt: Die Dresdner Schriftstellerin <a href=\"https:\/\/www.mdr.de\/kultur\/podcast\/diskurs\/diskurs-ines-geipel-inge-mueller-100.html\" title=\"Wiederentdeckt, wiedergelesen: Schriftstellerinnen der DDR\" rel=\"nofollow noopener\" target=\"_blank\">Ines Geipel<\/a> (&#8222;Landschaft ohne Zeugen&#8220;), Marie-Janine Calic (&#8222;Balkan-Odyssee&#8220;) und Jan Jekal (&#8222;Paranoia in Hollywood&#8220;) befassen sich in ihren B\u00fcchern jeweils mit unterschiedlichen Facetten dieser Themen. Manfred Pfister ist mit &#8222;Englische Renaissance&#8220; vertreten. Au\u00dferdem wurde der Comic &#8222;Die Frau als Mensch II&#8220; von Ulli Lust nominiert.\n<\/p>\n<p>In Leipzig geborene \u00dcbersetzerin erneut nominiert<\/p>\n<p class=\"text\">\nIn der Kategorie \u00dcbersetzung ist erneut die aus Leipzig stammende Timea Tank\u00f3 nominiert, diesmal f\u00fcr ihre \u00dcbertragung von Andr\u00e1s Viskys &#8222;Aussiedlung&#8220;. Sie hatte bereits 2021 den Preis der Leipziger Buchmesse gewonnen.\n<\/p>\n<p class=\"text\">\nAu\u00dferdem stehen Ulrich Faure (&#8222;Das Lied von Storch und Dromedar&#8220; von Anjet Daanje), Tina Flecken (<a href=\"https:\/\/www.mdr.de\/kultur\/podcast\/unter-buechern\/audio-unter-buechern-kraken-olafsdottier-strauss-king-100.html\" title=\"Kraken, D\u00f6rfer und sonstige Gemeinschaften\" rel=\"nofollow noopener\" target=\"_blank\">&#8222;Eden&#8220; von Au\u00f0ur Ava \u00d3lafsd\u00f3ttir<\/a>) sowie Petra Zickmann (&#8222;Ich gab dir Augen und du blicktest in die Finsternis&#8220; von Irene Sol\u00e0) f\u00fcr ihre \u00dcbertragungen aus dem Niederl\u00e4ndischen, Isl\u00e4ndischem und Katalanischem auf der Shortlist.\n<\/p>\n<p>H\u00f6hepunkt auf der Leipziger Buchmesse 2026<\/p>\n<p class=\"text\">\nDer insgesamt mit 60.000 Euro dotierte Preis wird am 19. M\u00e4rz im Rahmen der Er\u00f6ffnung der Leipziger Buchmesse verliehen. Der Freistaat Sachsen und die Stadt Leipzig unterst\u00fctzen den Preis. \u00dcber die Auszeichnungen entscheidet eine siebenk\u00f6pfige Jury. In diesem Jahr geh\u00f6ren ihr Zita Bereuter, Kais Harrabi, Katharina Herrmann, Thomas Hummitzsch, Tilman Spreckelsen<br \/>und Judith von Sternburg an. Den Vorsitz hat Katrin Schumacher.\n<\/p>\n<p class=\"text\">\n2025 gewannen Kristine Bilkau mit ihrem Roman &#8222;Halbinsel&#8220; in der Kategorie Belletristik, Irina Rastorgueva f\u00fcr ihr Sachbuch &#8222;Pop-up-Propaganda&#8220; und Thomas Weiler f\u00fcr seine \u00dcbersetzung von &#8222;Feuerd\u00f6rfer&#8220; aus dem Belarussischen.\n<\/p>\n<p class=\"text\">\nQuellen: MDR KULTUR (Katrin Schumacher), redaktionelle Bearbeitung: vp<\/p>\n","protected":false},"excerpt":{"rendered":"Die Nominierten f\u00fcr den Preis der Leipziger Buchmesse 2026 stehen fest. Das teilte die Jury des Preises in&hellip;\n","protected":false},"author":2,"featured_media":824196,"comment_status":"","ping_status":"","sticky":false,"template":"","format":"standard","meta":{"footnotes":"","_share_on_mastodon":"0"},"categories":[1832],"tags":[86,3101,70,96,3364,29,89,98,92,30,99,95,87,88,91,80,84,66,90,71,2873,100,101,93,81,85,82,97993,97,828,83,1904,859,94,14855],"class_list":["post-824195","post","type-post","status-publish","format-standard","has-post-thumbnail","category-leipzig","tag-artour","tag-belletristik","tag-buchmesse","tag-buehne","tag-de","tag-deutschland","tag-erlebnis-musik","tag-feature","tag-film","tag-germany","tag-hoerspiele","tag-kino","tag-kino-royal","tag-kinoroyal","tag-klassik","tag-kultur","tag-kulturfernsehen","tag-kulturnachrichten","tag-lebenslaeufe","tag-leipzig","tag-leipziger","tag-lesezeit","tag-lesung","tag-literatur","tag-mdr","tag-mdr-figaro","tag-mdr-kultur","tag-nominierte","tag-oper","tag-preis","tag-radio","tag-sachbuch","tag-sachsen","tag-theater","tag-uebersetzung"],"share_on_mastodon":{"url":"https:\/\/pubeurope.com\/@de\/116130510775822638","error":""},"_links":{"self":[{"href":"https:\/\/www.europesays.com\/de\/wp-json\/wp\/v2\/posts\/824195","targetHints":{"allow":["GET"]}}],"collection":[{"href":"https:\/\/www.europesays.com\/de\/wp-json\/wp\/v2\/posts"}],"about":[{"href":"https:\/\/www.europesays.com\/de\/wp-json\/wp\/v2\/types\/post"}],"author":[{"embeddable":true,"href":"https:\/\/www.europesays.com\/de\/wp-json\/wp\/v2\/users\/2"}],"replies":[{"embeddable":true,"href":"https:\/\/www.europesays.com\/de\/wp-json\/wp\/v2\/comments?post=824195"}],"version-history":[{"count":0,"href":"https:\/\/www.europesays.com\/de\/wp-json\/wp\/v2\/posts\/824195\/revisions"}],"wp:featuredmedia":[{"embeddable":true,"href":"https:\/\/www.europesays.com\/de\/wp-json\/wp\/v2\/media\/824196"}],"wp:attachment":[{"href":"https:\/\/www.europesays.com\/de\/wp-json\/wp\/v2\/media?parent=824195"}],"wp:term":[{"taxonomy":"category","embeddable":true,"href":"https:\/\/www.europesays.com\/de\/wp-json\/wp\/v2\/categories?post=824195"},{"taxonomy":"post_tag","embeddable":true,"href":"https:\/\/www.europesays.com\/de\/wp-json\/wp\/v2\/tags?post=824195"}],"curies":[{"name":"wp","href":"https:\/\/api.w.org\/{rel}","templated":true}]}}