{"id":824201,"date":"2026-02-25T09:17:14","date_gmt":"2026-02-25T09:17:14","guid":{"rendered":"https:\/\/www.europesays.com\/de\/824201\/"},"modified":"2026-02-25T09:17:14","modified_gmt":"2026-02-25T09:17:14","slug":"hier-lebt-das-groesste-krokodil-deutschlands","status":"publish","type":"post","link":"https:\/\/www.europesays.com\/de\/824201\/","title":{"rendered":"Hier lebt das gr\u00f6\u00dfte Krokodil Deutschlands"},"content":{"rendered":"<p>\t\t\t\t\t\t\t\t\t\t\t\t\t\t\t\t\t\t\t\t\t\t\t\t\t\t\t\t      \t\t            \t\t             \t\t\t\t   \t\t\t\t\t   <img decoding=\"async\" id=\"article-image\" fetchpriority=\"high\" alt=\"Hier lebt das gr\u00f6\u00dfte Krokodil Deutschlands\" title=\"Hier lebt das gr\u00f6\u00dfte Krokodil Deutschlands\" src=\"https:\/\/www.europesays.com\/de\/wp-content\/uploads\/2026\/02\/media.media.401253d4-4504-45b3-af8a-5f78b492f1d2.16x9_700.jpg\" data-linkto=\"https:\/\/www.stuttgarter-nachrichten.de\/javascript:void(0);\"\/>\t\t\t\t\t\t\t\t\t\t\t\t\t\t\t\t\t\t\t\t\t\t\t\tLeistenkrokodil Frederick in der Wilhelma\u00a0Foto: Wilhelma Stuttgart\t\t\t<\/p>\n<p>In der Wilhelma in Stuttgart wohnt das Leistenkrokodil Frederick, welches den Rekord f\u00fcr das gr\u00f6\u00dfte Krokodil Deutschlands h\u00e4lt.<\/p>\n<p>In der <a href=\"https:\/\/www.stuttgarter-nachrichten.de\/thema\/Wilhelma\" title=\"Wilhelma\" class=\"art_thema\" rel=\"nofollow noopener\" target=\"_blank\">Wilhelma<\/a> in <a href=\"https:\/\/www.stuttgarter-nachrichten.de\/thema\/Stuttgart\" title=\"Stuttgart\" class=\"art_thema\" rel=\"nofollow noopener\" target=\"_blank\">Stuttgart<\/a> lebt mit Frederick das gr\u00f6\u00dfte <a href=\"https:\/\/www.stuttgarter-nachrichten.de\/thema\/Krokodil\" title=\"Krokodil\" class=\"art_thema\" rel=\"nofollow noopener\" target=\"_blank\">Krokodil<\/a> in ganz Deutschland. Was ist zu dem Krokodil-Bullen aus Australien bekannt?<\/p>\n<p>Daten und Fakten: Frederick im Steckbrief <\/p>\n<p>Ganze 4,31 Meter ist das australische Leistenkrokodil Frederick lang. Damit ist er das gr\u00f6\u00dfte Krokodil in ganz Deutschland. Der Krokodil-Bulle stammt aus einer Region mit einer hohen Krokodildichte, dem Northern Territory in Australien. Im Jahr 1994 wurde Frederick dort am Mary River eingefangen. Zweieinhalb Jahrzehnte sp\u00e4ter kam Frederick im Jahr 2019 in den zoologisch-botanischen Garten in Stuttgart. Frederick ist mittlerweile \u00fcber 50 Jahre alt &#8211; durchaus ein hohes Alter, aber Leistenkrokodile haben eine hohe Lebenserwartung und k\u00f6nnen sogar \u00fcber 80 Jahre alt werden.<\/p>\n<p>Leistenkrokodile wie Frederick sind die gr\u00f6\u00dften Krokodile und k\u00f6nnen eine L\u00e4nge von bis zu 6 Metern erreichen. Ihre Heimat liegt in den Gebieten Ostindien, S\u00fcdostasien, Nordaustralien sowie Ozeanien. Das bisher gr\u00f6\u00dfte Leistenkrokodil der Welt trug den Namen Lolong, hatte eine L\u00e4nge von 6,17 Metern und lebte auf den Philippinen. Dort starb es im Jahr 2013 im Alter von etwa 50 Jahren.<\/p>\n<p>\u00d6ffnungszeiten: Wann kann man die Wilhelma besuchen? <\/p>\n<p>Die \u00d6ffnungszeiten der Wilhelma Stuttgart variieren je nach Monat. Es empfiehlt sich, vor dem Besuch die spezifischen \u00d6ffnungszeiten nachzusehen.<a href=\"https:\/\/www.wilhelma.de\/besuch\/informationen\/oeffnungszeiten\" target=\"_blank\" rel=\"nofollow noopener\">Hier gibt es eine detaillierte Auflistung der \u00d6ffnungszeiten.<\/a><\/p>\n<p>Preise: Wie teuer ist der Besuch in der Wilhelma Stuttgart? <\/p>\n<p>Die Wilhelma Stuttgart unterscheidet zwischen Sommer- (M\u00e4rz bis Oktober) und Wintertarif (November bis Februar). Erwachsene, Seniorinnen und Senioren sowie Schwerbehinderte zahlen 23,00 Euro im Sommer und 17,00 Euro im Winter, Studierende sowie Sch\u00fclerinnen und Sch\u00fcler (18\u201328 Jahre) 15,00 Euro beziehungsweise 11,50 Euro, Kinder und Jugendliche (6\u201317 Jahre) 9,00 Euro beziehungsweise 6,50 Euro; Kinder unter sechs Jahren haben freien Eintritt. Familienkarten kosten im Sommer 29,00 Euro (ein Elternteil) beziehungsweise 48,00 Euro (beide Eltern) und im Winter 20,00 Euro beziehungsweise 34,00 Euro. Menschen mit Behinderungen und g\u00fcltigem Ausweis H, B oder BL sowie jeweils eine Begleitperson erhalten freien Eintritt. Vom 1. M\u00e4rz bis 31. Oktober gibt es mit einem VVS-Tagesticket einen Rabatt auf den Normaltarif (1 Euro f\u00fcr Erwachsene, 0,50 Euro f\u00fcr Kinder, Sch\u00fclerinnen und Sch\u00fcler sowie Studierende). Zudem werden unter anderem die FamilienCard Stuttgart akzeptiert, Inhaber der ErlebnisCard oder StuttCard erhalten einmalig freien Eintritt am Haupteingang, und mit dem Landesfamilienpass ist im genannten Zeitraum eine Familienkarte zum Abendtarif erh\u00e4ltlich.<\/p>\n","protected":false},"excerpt":{"rendered":"Leistenkrokodil Frederick in der Wilhelma\u00a0Foto: Wilhelma Stuttgart In der Wilhelma in Stuttgart wohnt das Leistenkrokodil Frederick, welches den&hellip;\n","protected":false},"author":2,"featured_media":824202,"comment_status":"","ping_status":"","sticky":false,"template":"","format":"standard","meta":{"footnotes":"","_share_on_mastodon":"0"},"categories":[1830],"tags":[1634,3364,29,30,50486,1974,6147,1441,12378,6500],"class_list":["post-824201","post","type-post","status-publish","format-standard","has-post-thumbnail","category-stuttgart","tag-baden-wuerttemberg","tag-de","tag-deutschland","tag-germany","tag-krokodil","tag-panorama","tag-rekord","tag-stuttgart","tag-wilhelma","tag-zoo"],"share_on_mastodon":{"url":"https:\/\/pubeurope.com\/@de\/116130522514938195","error":""},"_links":{"self":[{"href":"https:\/\/www.europesays.com\/de\/wp-json\/wp\/v2\/posts\/824201","targetHints":{"allow":["GET"]}}],"collection":[{"href":"https:\/\/www.europesays.com\/de\/wp-json\/wp\/v2\/posts"}],"about":[{"href":"https:\/\/www.europesays.com\/de\/wp-json\/wp\/v2\/types\/post"}],"author":[{"embeddable":true,"href":"https:\/\/www.europesays.com\/de\/wp-json\/wp\/v2\/users\/2"}],"replies":[{"embeddable":true,"href":"https:\/\/www.europesays.com\/de\/wp-json\/wp\/v2\/comments?post=824201"}],"version-history":[{"count":0,"href":"https:\/\/www.europesays.com\/de\/wp-json\/wp\/v2\/posts\/824201\/revisions"}],"wp:featuredmedia":[{"embeddable":true,"href":"https:\/\/www.europesays.com\/de\/wp-json\/wp\/v2\/media\/824202"}],"wp:attachment":[{"href":"https:\/\/www.europesays.com\/de\/wp-json\/wp\/v2\/media?parent=824201"}],"wp:term":[{"taxonomy":"category","embeddable":true,"href":"https:\/\/www.europesays.com\/de\/wp-json\/wp\/v2\/categories?post=824201"},{"taxonomy":"post_tag","embeddable":true,"href":"https:\/\/www.europesays.com\/de\/wp-json\/wp\/v2\/tags?post=824201"}],"curies":[{"name":"wp","href":"https:\/\/api.w.org\/{rel}","templated":true}]}}