{"id":824274,"date":"2026-02-25T09:59:13","date_gmt":"2026-02-25T09:59:13","guid":{"rendered":"https:\/\/www.europesays.com\/de\/824274\/"},"modified":"2026-02-25T09:59:13","modified_gmt":"2026-02-25T09:59:13","slug":"auftakt-fuer-fit-for-life-im-muensterland","status":"publish","type":"post","link":"https:\/\/www.europesays.com\/de\/824274\/","title":{"rendered":"Auftakt f\u00fcr \u201efit for life\u201c im M\u00fcnsterland"},"content":{"rendered":"\n<p>Daran beteiligen sich auch im M\u00fcnsterland Unternehmen, aus denen k\u00fcnftig \u201eLehrerinnen und Lehrer f\u00fcrs Leben\u201c kommen sollen, sowie mehrere Schulen. Beim Auftakt in M\u00fcnster mit dabei waren BSW-Anlagenbau (Everswinkel), Eiffage Infra-West (Borken), Creditreform M\u00fcnster Riegel &amp; Riegel und Georg Hagelschuer (D\u00fclmen). Als Partnerschulen waren neben der Gastgeberin, die Gesamtschule M\u00fcnster Mitte mit der Schulleiterin Ulli Th\u00f6ne, auch die Euregio Gesamtschule Epe und die Hauptschule Coerde mit dabei.\u00a0<\/p>\n<p> Gro\u00dfes Engagement <\/p>\n<p>Schon vor dem offiziellen Auftakt hat \u201efit for life\u201c in der Region an Dynamik gewonnen. Mehrere Schulen im Regierungsbezirk M\u00fcnster haben gemeinsam mit Unternehmen erste \u201eLife Lessons\u201c umgesetzt. \u201eDass sich so viele Akteure engagieren, zeigt, wie gro\u00df der gemeinsame Wille ist, junge Menschen fr\u00fchzeitig zu st\u00e4rken\u201c, sagte Taudt. Auch die Bezirksregierung M\u00fcnster begr\u00fc\u00dft die Entwicklung. \u201eKooperationen mit au\u00dferschulischen Partnern erweitern die Lernr\u00e4ume unserer Schulen und st\u00e4rken die Lebens- und Berufsorientierung junger Menschen nachhaltig\u201c, betonte Matthias Schmied, der bei der Bezirksregierung die Abteilung f\u00fcr Schule, Kultur und Sport leitet. Besonders positiv sei, dass sich im M\u00fcnsterland tragf\u00e4hige Netzwerke bildeten, die das Programm eigenst\u00e4ndig weiterentwickeln.\u00a0<\/p>\n<p> Positive R\u00fcckmeldungen <\/p>\n<p>Die bisherigen R\u00fcckmeldungen aus den Schulen fallen durchweg positiv aus. Lehrkr\u00e4fte berichten von hoher Aufmerksamkeit und gro\u00dfer Praxisn\u00e4he der Inhalte. Unternehmen und weitere regionale Partner engagieren sich bereits aktiv und bringen ihre Expertise direkt in die Klassen ein. \u201eIm M\u00fcnsterland ist deutlich sp\u00fcrbar, wie Schule und Wirtschaft gemeinsam Verantwortung \u00fcbernehmen. Solche Netzwerke sind entscheidend, um das Programm nachhaltig wachsen zu lassen\u201c, meinte Thiede. Nun sind weitere Schulen und Unternehmen eingeladen, sich zu beteiligen und eigene LifeTeacher zu stellen.\u00a0<\/p>\n","protected":false},"excerpt":{"rendered":"Daran beteiligen sich auch im M\u00fcnsterland Unternehmen, aus denen k\u00fcnftig \u201eLehrerinnen und Lehrer f\u00fcrs Leben\u201c kommen sollen, sowie&hellip;\n","protected":false},"author":2,"featured_media":824275,"comment_status":"","ping_status":"","sticky":false,"template":"","format":"standard","meta":{"footnotes":"","_share_on_mastodon":"0"},"categories":[1843],"tags":[752,184765,3364,29,184767,30,166349,11154,72035,184766,184763,184764,8970,1209,966],"class_list":["post-824274","post","type-post","status-publish","format-standard","has-post-thumbnail","category-muenster","tag-bildung","tag-carsten-taudt","tag-de","tag-deutschland","tag-fit-for-life","tag-germany","tag-handwerkskammer-muenster","tag-ihk-nord-westfalen","tag-juergen-kroos","tag-life-lessons","tag-lifeteachus","tag-ludwig-thiede","tag-muenster","tag-nordrhein-westfalen","tag-schule"],"share_on_mastodon":{"url":"https:\/\/pubeurope.com\/@de\/116130687541231659","error":""},"_links":{"self":[{"href":"https:\/\/www.europesays.com\/de\/wp-json\/wp\/v2\/posts\/824274","targetHints":{"allow":["GET"]}}],"collection":[{"href":"https:\/\/www.europesays.com\/de\/wp-json\/wp\/v2\/posts"}],"about":[{"href":"https:\/\/www.europesays.com\/de\/wp-json\/wp\/v2\/types\/post"}],"author":[{"embeddable":true,"href":"https:\/\/www.europesays.com\/de\/wp-json\/wp\/v2\/users\/2"}],"replies":[{"embeddable":true,"href":"https:\/\/www.europesays.com\/de\/wp-json\/wp\/v2\/comments?post=824274"}],"version-history":[{"count":0,"href":"https:\/\/www.europesays.com\/de\/wp-json\/wp\/v2\/posts\/824274\/revisions"}],"wp:featuredmedia":[{"embeddable":true,"href":"https:\/\/www.europesays.com\/de\/wp-json\/wp\/v2\/media\/824275"}],"wp:attachment":[{"href":"https:\/\/www.europesays.com\/de\/wp-json\/wp\/v2\/media?parent=824274"}],"wp:term":[{"taxonomy":"category","embeddable":true,"href":"https:\/\/www.europesays.com\/de\/wp-json\/wp\/v2\/categories?post=824274"},{"taxonomy":"post_tag","embeddable":true,"href":"https:\/\/www.europesays.com\/de\/wp-json\/wp\/v2\/tags?post=824274"}],"curies":[{"name":"wp","href":"https:\/\/api.w.org\/{rel}","templated":true}]}}