{"id":824754,"date":"2026-02-25T14:18:11","date_gmt":"2026-02-25T14:18:11","guid":{"rendered":"https:\/\/www.europesays.com\/de\/824754\/"},"modified":"2026-02-25T14:18:11","modified_gmt":"2026-02-25T14:18:11","slug":"lars-kuerten-wird-neuer-deutschland-chef-bei-aldi-nord-lebensmittelpraxis-de","status":"publish","type":"post","link":"https:\/\/www.europesays.com\/de\/824754\/","title":{"rendered":"Lars K\u00fcrten wird neuer Deutschland-Chef bei Aldi Nord \u2013 Lebensmittelpraxis.de"},"content":{"rendered":"<p>                Beitrag teilen<\/p>\n<p>Aldi Nord bekommt zum 1. April einen neuen Deutschland-Chef. Lars K\u00fcrten (Foto) \u00fcbernimmt die F\u00fchrung der deutschen Organisation von Felix Rottmann. K\u00fcrten arbeitete zuletzt als stellvertretender Chef von Aldi Frankreich.<\/p>\n<p>\n                                            Mittwoch, 25. Februar 2026, 15:15 Uhr\n                                    <\/p>\n<p>\n                    Manuel Glasfort                <\/p>\n<p>                      Er leitet k\u00fcnftig das Deutschlandgesch\u00e4ft von Aldi Nord: Lars K\u00fcrten.                    <\/p>\n<p>                      Bildquelle: Aldi Nord\n                            <\/p>\n<p>Aldi Nord bekommt zum 1. April einen neuen Chef f\u00fcr das Deutschland-Gesch\u00e4ft. Lars K\u00fcrten \u00fcbernimmt die Verantwortung f\u00fcr die deutsche Organisation als Gesch\u00e4ftsf\u00fchrer, wie das Unternehmen mitteilte. Er l\u00f6st Felix Rottmann ab, der seit November 2025 Mitglied des Gruppenvorstands ist und die deutsche Organisation seitdem weiterf\u00fchrte.<\/p>\n<p>K\u00fcrten arbeitete zuletzt als stellvertretender CEO von Aldi Frankreich. Dort trieb er die Sortimentsarbeit im Rahmen der laufenden Neupositionierung voran, wie Aldi Nord mitteilte. Zuvor verantwortete er mehrere Jahre lang das internationale Markengesch\u00e4ft sowie das Category Management in Deutschland. Das Unternehmen sch\u00e4tzt ihn als Einkaufs- und Sortimentsexperten.<\/p>\n<p>Aldi Nord dankte Rottmann f\u00fcr sein Engagement und seine Arbeit in den vergangenen Jahren. Rottmann hatte die deutsche Organisation in einer Phase gef\u00fchrt, in der das Unternehmen nach eigenen Angaben den h\u00f6chsten Marktanteilszuwachs im gesamten Lebensmitteleinzelhandel erzielte. Diese Angabe bezieht sich auf das Jahr 2025.<\/p>\n","protected":false},"excerpt":{"rendered":"Beitrag teilen Aldi Nord bekommt zum 1. April einen neuen Deutschland-Chef. Lars K\u00fcrten (Foto) \u00fcbernimmt die F\u00fchrung der&hellip;\n","protected":false},"author":2,"featured_media":824755,"comment_status":"","ping_status":"","sticky":false,"template":"","format":"standard","meta":{"footnotes":"","_share_on_mastodon":"0"},"categories":[2],"tags":[331,3924,332,3922,184849,35732,3364,29,30,13,184850,14,3923,15,3921,12],"class_list":["post-824754","post","type-post","status-publish","format-standard","has-post-thumbnail","category-deutschland","tag-aktuelle-nachrichten","tag-aktuelle-nachrichten-aus-deutschland","tag-aktuelle-news","tag-aktuelle-news-aus-deutschland","tag-aldi-frankreich","tag-aldi-nord","tag-de","tag-deutschland","tag-germany","tag-headlines","tag-lars-kuerten","tag-nachrichten","tag-nachrichten-aus-deutschland","tag-news","tag-news-aus-deutschland","tag-schlagzeilen"],"share_on_mastodon":{"url":"https:\/\/pubeurope.com\/@de\/116131705963766180","error":""},"_links":{"self":[{"href":"https:\/\/www.europesays.com\/de\/wp-json\/wp\/v2\/posts\/824754","targetHints":{"allow":["GET"]}}],"collection":[{"href":"https:\/\/www.europesays.com\/de\/wp-json\/wp\/v2\/posts"}],"about":[{"href":"https:\/\/www.europesays.com\/de\/wp-json\/wp\/v2\/types\/post"}],"author":[{"embeddable":true,"href":"https:\/\/www.europesays.com\/de\/wp-json\/wp\/v2\/users\/2"}],"replies":[{"embeddable":true,"href":"https:\/\/www.europesays.com\/de\/wp-json\/wp\/v2\/comments?post=824754"}],"version-history":[{"count":0,"href":"https:\/\/www.europesays.com\/de\/wp-json\/wp\/v2\/posts\/824754\/revisions"}],"wp:featuredmedia":[{"embeddable":true,"href":"https:\/\/www.europesays.com\/de\/wp-json\/wp\/v2\/media\/824755"}],"wp:attachment":[{"href":"https:\/\/www.europesays.com\/de\/wp-json\/wp\/v2\/media?parent=824754"}],"wp:term":[{"taxonomy":"category","embeddable":true,"href":"https:\/\/www.europesays.com\/de\/wp-json\/wp\/v2\/categories?post=824754"},{"taxonomy":"post_tag","embeddable":true,"href":"https:\/\/www.europesays.com\/de\/wp-json\/wp\/v2\/tags?post=824754"}],"curies":[{"name":"wp","href":"https:\/\/api.w.org\/{rel}","templated":true}]}}