{"id":824806,"date":"2026-02-25T14:46:12","date_gmt":"2026-02-25T14:46:12","guid":{"rendered":"https:\/\/www.europesays.com\/de\/824806\/"},"modified":"2026-02-25T14:46:12","modified_gmt":"2026-02-25T14:46:12","slug":"die-grosse-tourismusbilanz-2025-hier-haengt-muenchen-die-deutsche-konkurrenz-ab","status":"publish","type":"post","link":"https:\/\/www.europesays.com\/de\/824806\/","title":{"rendered":"Die gro\u00dfe Tourismusbilanz 2025: Hier h\u00e4ngt M\u00fcnchen die deutsche Konkurrenz ab"},"content":{"rendered":"<p>Auch 2025 hat M\u00fcnchen wieder viele Besucher angelockt: Einschlie\u00dflich der Tagesg\u00e4ste hielten sich durchschnittlich rund 325.000 Besucher t\u00e4glich in der Stadt auf. Christian Scharpf, Referent f\u00fcr Arbeit und Wirtschaft, stellte die Tourismusbilanz am Mittwoch vor.<\/p>\n<p>Fast 20 Millionen \u00dcbernachtungen im vergangenen Jahr<\/p>\n<p>Insgesamt buchten sich demnach in M\u00fcnchens gewerblichen Beherbergungsbetrieben mit zehn und mehr Betten 9,3 Millionen G\u00e4ste ein (+0,3 Prozent gegen\u00fcber 2024) und generierten somit 19,7 Millionen \u00dcbernachtungen (-0,2 Prozent). Die durchschnittliche Aufenthaltsdauer war 2025 mit 2,115 Tagen minimal k\u00fcrzer als im Vorjahr mit 2,124 Tagen.<\/p>\n<p>Das letzte Quartal 2025 endete mit einem hervorragenden Dezember<\/p>\n<p>&#8222;Der Tourismus in unserer Stadt hat sich 2025 auf sehr hohem Niveau stabilisiert und nahezu die gleichen Ergebnisse wie das touristische Ausnahmejahr 2024 erreicht, und das auch ohne Fu\u00dfballgro\u00dfereignis und ohne Konzertsommer&#8220;, sagte Scharpf: &#8222;Die \u00dcbernachtungszahlen in den Sommermonaten waren erwartungsm\u00e4\u00dfig insgesamt etwas niedriger als 2024, dennoch wurden auch hier starke Monatsergebnisse erreicht.&#8220;<\/p>\n<p>Den Angaben zufolge gingen die \u00dcbernachtungszahlen in den Sommermonaten nach einer sehr guten ersten Jahresh\u00e4lfte erwartungsgem\u00e4\u00df zur\u00fcck. Das letzte Quartal endete mit einem hervorragenden Dezember, in sechs Monaten wurden 2025 neue \u00dcbernachtungsrekorde erzielt (Januar, April, Mai, September, Oktober und Dezember).<\/p>\n<p>Scharpf betonte, dass die Akzeptanz der B\u00fcrger, was den Ansturm von Touristen angehe, trotz der eindrucksvollen G\u00e4stezahlen hoch sei, die \u00fcberwiegende Zahl empfinde die G\u00e4ste aus aller Welt als Bereicherung: &#8222;Dazu tr\u00e4gt die ausgewogene Verteilung der G\u00e4ste \u00fcber das gesamte Jahr hinweg bei, ebenso wie unsere Viertelliebe-Kampagne. Sie entzerrt Tourismusstr\u00f6me.&#8220;<\/p>\n<p>Internationale G\u00e4ste: M\u00fcnchen erreicht Spitzenwert unter deutschen Gro\u00dfst\u00e4dten\u00a0<\/p>\n<p>Der wichtigste Markt f\u00fcr M\u00fcnchen ist der Inlandsmarkt mit einem \u00dcbernachtungsanteil von 55,5 Prozent. Die \u00dcbernachtungen aus dem Inland lagen mit 10,9 Millionen \u00fcber den Ergebnissen von 2024 (+ 0,8 Prozent). Die internationalen M\u00e4rkte haben in M\u00fcnchen einen Anteil von 44,5 Prozent. Damit erreicht M\u00fcnchen unter den deutschen Gro\u00dfst\u00e4dten den Spitzenwert.\u00a0<\/p>\n<p><strong>Ein Blick auf die Top Ten der Auslandsm\u00e4rkte (Januar mit Dezember 2025)<\/strong><\/p>\n<ol>\n<li>USA: 1.417.165 \u00dcbernachtungen (-5,0 Prozent)<\/li>\n<li>Italien: 658.590 \u00dcbernachtungen (+12,3 Prozent)<\/li>\n<li>Gro\u00dfbritannien: 528.805 \u00dcbernachtungen (-19,3 Prozent)<\/li>\n<li>\u00d6sterreich: 510.493 \u00dcbernachtungen (-5,4 Prozent)<\/li>\n<li>Schweiz: 445.662 \u00dcbernachtungen (-7,4 Prozent)<\/li>\n<li>Arabische Golfstaaten: 361.210 \u00dcbernachtungen (+4,1 Prozent)<\/li>\n<li>China: 331.240 \u00dcbernachtungen (+13,5 Prozent)<\/li>\n<li>Spanien: 320.109 \u00dcbernachtungen (+1,9 Prozent)<\/li>\n<li>Skandinavien: 319.552 \u00dcbernachtungen (-13,5 Prozent)<\/li>\n<li>S\u00fcdostasien: 313.327 \u00dcbernachtungen (-1,5 Prozent)<\/li>\n<\/ol>\n<p>  <img decoding=\"async\" loading=\"lazy\" src=\"https:\/\/www.europesays.com\/de\/wp-content\/uploads\/2026\/02\/1579436_wirtschaftsreferent-christian-scharpf_artikelbild_1ErxGh_ff9RCG.jpg\" alt=\"&quot;M\u00fcnchen ist der wirtschaftliche Hotspot Deutschlands&quot;, sagt Wirtschaftsreferent Christian Scharpf (SPD).\" title=\"&quot;M\u00fcnchen ist der wirtschaftliche Hotspot Deutschlands&quot;, sagt Wirtschaftsreferent Christian Scharpf (SPD).\" width=\"812\" height=\"459\"\/><\/p>\n<p>      &#8222;M\u00fcnchen ist der wirtschaftliche Hotspot Deutschlands&#8220;, sagt Wirtschaftsreferent Christian Scharpf (SPD).<br \/>\n      \u00a9 Peter Kneffel\/dpa<\/p>\n<p>    &#8222;M\u00fcnchen ist der wirtschaftliche Hotspot Deutschlands&#8220;, sagt Wirtschaftsreferent Christian Scharpf (SPD).<\/p>\n<p>von Peter Kneffel\/dpa <\/p>\n<p>&#8222;}&#8220;&gt; <\/p>\n<p>Wie die Zahlen aus dem Rathaus zeigen, profitieren nahezu alle Wirtschaftsbereiche vom Tourismus, vor allem das Gastgewerbe (4,2 Milliarden Euro), der Einzelhandel (2,8 Milliarden Euro) und der Dienstleistungssektor (1,8 Milliarden Euro). &#8222;Der direkte Steuereffekt f\u00fcr M\u00fcnchens kommunalen Haushalt aus den touristischen Leistungen bel\u00e4uft sich auf j\u00e4hrlich rund 153 Millionen Euro&#8220;, hei\u00dft es in der Mitteilung der Stadt.<\/p>\n<p>Wirtschaftsreferent Scharpf: &#8222;Die Stadt muss authentisch bleiben&#8220;<\/p>\n<p>&#8222;Mit den hohen Qualit\u00e4tsstandards, den vielf\u00e4ltigen Angeboten und dem attraktiven Preis-Leistungs-Verh\u00e4ltnis spielt M\u00fcnchen in der Champions League der Reisedestinationen ganz vorne mit&#8220;, sagte Christian Scharpf. In seinen Augen ist Tourismus nicht nur ein wichtiger Wirtschaftsfaktor, sondern tr\u00e4gt zugleich zur Lebensqualit\u00e4t der Einheimischen bei. Umgekehrt gelte, dass ein Plus an Lebensqualit\u00e4t in der Stadt die Wettbewerbsf\u00e4higkeit M\u00fcnchens als Tourismusdestination steigere.\u00a0<\/p>\n<p>&#8222;Dabei ist jedoch klar: Die Stadt muss authentisch bleiben, um ihre positive Au\u00dfenwirkung zu bewahren und um ihr Profil weiter zu sch\u00e4rfen. Unsere Partner und wir werden uns auch 2026 im engen Schulterschluss f\u00fcr die Destination M\u00fcnchen und ihr Angebot einsetzen&#8220;, so Scharpf.<\/p>\n","protected":false},"excerpt":{"rendered":"Auch 2025 hat M\u00fcnchen wieder viele Besucher angelockt: Einschlie\u00dflich der Tagesg\u00e4ste hielten sich durchschnittlich rund 325.000 Besucher t\u00e4glich&hellip;\n","protected":false},"author":2,"featured_media":824807,"comment_status":"","ping_status":"","sticky":false,"template":"","format":"standard","meta":{"footnotes":"","_share_on_mastodon":"0"},"categories":[1827],"tags":[2948,772,6151,2217,20014,29,1221,30,1092,38033,47,1268,6927,6147,924,1163,29064,1491],"class_list":["post-824806","post","type-post","status-publish","format-standard","has-post-thumbnail","category-muenchen","tag-bauma","tag-bayern","tag-besucher","tag-bilanz","tag-christian-scharpf","tag-deutschland","tag-gaeste","tag-germany","tag-hotels","tag-iaa","tag-messe","tag-muenchen","tag-oktoberfest","tag-rekord","tag-statistik","tag-tourismus","tag-uebernachtungen","tag-zahlen"],"share_on_mastodon":{"url":"https:\/\/pubeurope.com\/@de\/116131816262334573","error":""},"_links":{"self":[{"href":"https:\/\/www.europesays.com\/de\/wp-json\/wp\/v2\/posts\/824806","targetHints":{"allow":["GET"]}}],"collection":[{"href":"https:\/\/www.europesays.com\/de\/wp-json\/wp\/v2\/posts"}],"about":[{"href":"https:\/\/www.europesays.com\/de\/wp-json\/wp\/v2\/types\/post"}],"author":[{"embeddable":true,"href":"https:\/\/www.europesays.com\/de\/wp-json\/wp\/v2\/users\/2"}],"replies":[{"embeddable":true,"href":"https:\/\/www.europesays.com\/de\/wp-json\/wp\/v2\/comments?post=824806"}],"version-history":[{"count":0,"href":"https:\/\/www.europesays.com\/de\/wp-json\/wp\/v2\/posts\/824806\/revisions"}],"wp:featuredmedia":[{"embeddable":true,"href":"https:\/\/www.europesays.com\/de\/wp-json\/wp\/v2\/media\/824807"}],"wp:attachment":[{"href":"https:\/\/www.europesays.com\/de\/wp-json\/wp\/v2\/media?parent=824806"}],"wp:term":[{"taxonomy":"category","embeddable":true,"href":"https:\/\/www.europesays.com\/de\/wp-json\/wp\/v2\/categories?post=824806"},{"taxonomy":"post_tag","embeddable":true,"href":"https:\/\/www.europesays.com\/de\/wp-json\/wp\/v2\/tags?post=824806"}],"curies":[{"name":"wp","href":"https:\/\/api.w.org\/{rel}","templated":true}]}}