{"id":824841,"date":"2026-02-25T15:07:28","date_gmt":"2026-02-25T15:07:28","guid":{"rendered":"https:\/\/www.europesays.com\/de\/824841\/"},"modified":"2026-02-25T15:07:28","modified_gmt":"2026-02-25T15:07:28","slug":"bumms-mobil-und-epstein-island-skandal-um-gymnasial-lehrer","status":"publish","type":"post","link":"https:\/\/www.europesays.com\/de\/824841\/","title":{"rendered":"&#8222;Bumms-Mobil&#8220; und &#8222;Epstein-Island&#8220; \u2013 Skandal um Gymnasial-Lehrer"},"content":{"rendered":"<p>Skandal um &#8222;Bumms-Mobil&#8220; <\/p>\n<p>Lehrer hat Aff\u00e4re mit Sch\u00fclerin \u2013 und darf bleiben<\/p>\n<ul class=\"grid grid-flow-col gap-4\" aria-label=\"Autorenbilder\">\n<li class=\"leading-0\"><img data-tb-author-image=\"\"  loading=\"lazy\" src=\"https:\/\/www.europesays.com\/de\/wp-content\/uploads\/2026\/01\/matti-hartmann.jpg\" alt=\"Matti Hartmann\" title=\"Matti Hartmann\" width=\"40\" height=\"40\" class=\"\" decoding=\"async\"\/><\/li>\n<\/ul>\n<p>Aktualisiert am 25.02.2026 &#8211; 13:58 UhrLesedauer: 3 Min.<\/p>\n<p><a href=\"#focus-0\" class=\"transition-colors duration-200 block text-current relative\" data-sctrack=\"FocusGalleryImage.Reference\"><img fetchpriority=\"high\" data-testid=\"Opener.Image\" style=\"--lqipURL:url('https:\/\/images.t-online.de\/2026\/02\/8H3gzSDG4fIw\/541x36:3291x1851\/fit-in\/150x0\/filters:blur(25)\/rv-by-the-river-with-camping-table-dining-table-or-camping-table-with-chairs-at-the-campsite-dining-table-or-camping-table-with-chairs-at-the-campsite-06-072022-copyright-xfujislx-panthermedia31598150-jpg.jpg')\"   loading=\"eager\" src=\"https:\/\/www.europesays.com\/de\/wp-content\/uploads\/2026\/02\/rv-by-the-river-with-camping-table-dining-table-or-camping-table-with-chairs-at-the-campsite-dining-.jpeg\" alt=\"RV by the river with camping table\" title=\"RV by the river with camping table\" width=\"3291\" height=\"1851\" class=\"bg-[url:var(--lqipURL)] bg-cover bg-center flex h-full w-full max-w-full\" decoding=\"async\"\/><img style=\"--width:32;--height:32\" loading=\"lazy\" src=\"https:\/\/www.t-online.de\/s\/paper\/_next\/static\/media\/zoom-in.f7dae02f.svg\" alt=\"Vergr\u00f6\u00dfern des Bildes\" title=\"Vergr\u00f6\u00dfern des Bildes\" class=\"block h-[calc(var(--height)_\/_16_*_1rem)] w-[calc(var(--width)_\/_16_*_1rem)] max-w-none absolute bottom-8 right-8 rounded-4 bg-snow p-8\" decoding=\"async\"\/><\/a><\/p>\n<p>Wohnmobil (Symbolbild): Einwm Bremer Lehrer werden schwere Vorw\u00fcrfe gemacht. (Quelle: Fujisl via imago-images.de\/imago)<\/p>\n<p class=\"font-bold text-18 leading-17 user-text-lg:text-22 user-text-xl:text-24\">Ein Lehrer hat wiederholt Sex mit einer Sch\u00fclerin, andere Sch\u00fclerinnen berichten von unangemessenen Ber\u00fchrungen und einem &#8222;Bumms-Mobil&#8220;. Ein Gericht urteilt jetzt: Er darf dennoch weiter unterrichten.<\/p>\n<p class=\"text-18 leading-17 user-text-lg:text-22 user-text-xl:text-24\">In <a class=\"transition-colors duration-200 cursor-pointer text-inherit no-underline text-salemsfur md:hover:text-magenta md:hover:border-magenta md:focus:text-magenta border-current border-b border-solid break-words\" href=\"https:\/\/bremen.t-online.de\/region\/bremen\/\" data-sctrack=\"BodyAnchor\" rel=\"nofollow noopener\" target=\"_blank\">Bremen<\/a> w\u00fchlt der Fall eines Lehrers die Gem\u00fcter auf. Ein langer Streit vor Gericht ist gerade entschieden worden \u2013 und zwar anders, als sich die Bremer Schulbeh\u00f6rde das gew\u00fcnscht h\u00e4tte: In einem Beschluss stellte das Oberverwaltungsgericht Bremen zwar fest, dass der Mann etwa 20-mal Geschlechtsverkehr mit einer Sch\u00fclerin hatte, der 49-J\u00e4hrige aber dennoch weiter unterrichten darf.<\/p>\n<p class=\"text-18 leading-17 user-text-lg:text-22 user-text-xl:text-24\">Die Schulbeh\u00f6rde ist entsetzt: Eine Sprecherin teilte t-online am Mittwoch mit, der Fall habe eine &#8222;hohe Relevanz&#8220;. Und: &#8222;Wir h\u00e4tten uns einen anderen Ausgang des Verfahrens gew\u00fcnscht.&#8220;<\/p>\n<p class=\"text-18 leading-17 user-text-lg:text-22 user-text-xl:text-24\">Die &#8222;Bild&#8220;-Zeitung zitiert eine Sch\u00fclerin des Gymnasiums: &#8222;Wir haben es heute Morgen erfahren&#8220;, sagte die 18-J\u00e4hrige demnach. &#8222;Mein erster Gedanke: Gut, dass ich bald weg bin von hier.&#8220;<\/p>\n<p class=\"text-18 leading-17 user-text-lg:text-22 user-text-xl:text-24\">Einen Hinweis darauf, wie die Sch\u00fclerschaft \u00fcber den Fall denkt, gibt auch ein Schild an der Schule, auf dem der Name des Gymnasiums steht: Mit dunkelroter Farbe hat jemand &#8222;Epstein Island&#8220; darauf gespr\u00fcht \u2013 ein Bezug auf den Sexualverbrecher <a class=\"transition-colors duration-200 cursor-pointer text-inherit no-underline text-salemsfur md:hover:text-magenta md:hover:border-magenta md:focus:text-magenta border-current border-b border-solid break-words\" href=\"https:\/\/www.t-online.de\/themen\/jeffrey-epstein\/\" data-sctrack=\"BodyAnchor\" rel=\"nofollow noopener\" target=\"_blank\">Jeffrey Epstein<\/a>, der seine Macht ausgenutzt hat, um reihenweise Minderj\u00e4hrige zu missbrauchen.<\/p>\n<p class=\"text-18 leading-17 user-text-lg:text-22 user-text-xl:text-24\">Der Fall des Lehrers L. am Gymnasium ist der Bremer Schulbeh\u00f6rde seit 2023 bekannt. Damals meldete sich ein Sch\u00fcler per Mail und berichtete: Der alkoholisierte Lehrer habe auf einer Exkursion mehrfach den Arm um eine Sch\u00fclerin gelegt und sie unter anderem am Ges\u00e4\u00df angefasst. Au\u00dferdem gebe es ein Handyvideo, auf dem Sch\u00fclerinnen im Bikini das Wohnmobil von L. wuschen. Dieses sei als &#8222;Bumms-Mobil&#8220; bekannt gewesen.<\/p>\n<p class=\"text-18 leading-17 user-text-lg:text-22 user-text-xl:text-24\">Es kam zum Disziplinarverfahren, in dem weitere Vorw\u00fcrfe laut wurden. Die Beh\u00f6rde stellte L. frei. Der Mann erhielt Hausverbot \u2013 und klagte dagegen. Der Fall landete zun\u00e4chst vor dem Verwaltungsgericht, das die Freistellung aufhob, woraufhin die Schulbeh\u00f6rde weitere Zeugen befragte, noch mehr belastendes Material vorlegte und den Lehrer erneut freistellte.<\/p>\n<p class=\"text-18 leading-17 user-text-lg:text-22 user-text-xl:text-24\">Die Vorw\u00fcrfe der Schulbeh\u00f6rde gegen L. im Einzelnen:<\/p>\n","protected":false},"excerpt":{"rendered":"Skandal um &#8222;Bumms-Mobil&#8220; Lehrer hat Aff\u00e4re mit Sch\u00fclerin \u2013 und darf bleiben Aktualisiert am 25.02.2026 &#8211; 13:58 UhrLesedauer:&hellip;\n","protected":false},"author":2,"featured_media":824842,"comment_status":"","ping_status":"","sticky":false,"template":"","format":"standard","meta":{"footnotes":"","_share_on_mastodon":"0"},"categories":[2],"tags":[1434,566,2420,29,184857,30,13,23542,6204,14,15,31298,121,12,36718,966,10,8,9,11],"class_list":["post-824841","post","type-post","status-publish","format-standard","has-post-thumbnail","category-deutschland","tag-1434","tag-affaere","tag-bremen","tag-deutschland","tag-epstein-island","tag-germany","tag-headlines","tag-jeffrey-epstein","tag-lehrkraefte","tag-nachrichten","tag-news","tag-ovg","tag-polizei","tag-schlagzeilen","tag-schulbehoerde","tag-schule","tag-top-news","tag-top-meldungen","tag-topmeldungen","tag-topnews"],"share_on_mastodon":{"url":"https:\/\/pubeurope.com\/@de\/116131898947091938","error":""},"_links":{"self":[{"href":"https:\/\/www.europesays.com\/de\/wp-json\/wp\/v2\/posts\/824841","targetHints":{"allow":["GET"]}}],"collection":[{"href":"https:\/\/www.europesays.com\/de\/wp-json\/wp\/v2\/posts"}],"about":[{"href":"https:\/\/www.europesays.com\/de\/wp-json\/wp\/v2\/types\/post"}],"author":[{"embeddable":true,"href":"https:\/\/www.europesays.com\/de\/wp-json\/wp\/v2\/users\/2"}],"replies":[{"embeddable":true,"href":"https:\/\/www.europesays.com\/de\/wp-json\/wp\/v2\/comments?post=824841"}],"version-history":[{"count":0,"href":"https:\/\/www.europesays.com\/de\/wp-json\/wp\/v2\/posts\/824841\/revisions"}],"wp:featuredmedia":[{"embeddable":true,"href":"https:\/\/www.europesays.com\/de\/wp-json\/wp\/v2\/media\/824842"}],"wp:attachment":[{"href":"https:\/\/www.europesays.com\/de\/wp-json\/wp\/v2\/media?parent=824841"}],"wp:term":[{"taxonomy":"category","embeddable":true,"href":"https:\/\/www.europesays.com\/de\/wp-json\/wp\/v2\/categories?post=824841"},{"taxonomy":"post_tag","embeddable":true,"href":"https:\/\/www.europesays.com\/de\/wp-json\/wp\/v2\/tags?post=824841"}],"curies":[{"name":"wp","href":"https:\/\/api.w.org\/{rel}","templated":true}]}}