{"id":82521,"date":"2025-05-04T01:19:15","date_gmt":"2025-05-04T01:19:15","guid":{"rendered":"https:\/\/www.europesays.com\/de\/82521\/"},"modified":"2025-05-04T01:19:15","modified_gmt":"2025-05-04T01:19:15","slug":"niedersachsen-bremen-aggressive-besucher-stoeren-kirmes-in-salzgitter","status":"publish","type":"post","link":"https:\/\/www.europesays.com\/de\/82521\/","title":{"rendered":"Niedersachsen &#038; Bremen: Aggressive Besucher st\u00f6ren Kirmes in Salzgitter"},"content":{"rendered":"<p>                    Niedersachsen &amp; Bremen<br \/>\n                Aggressive Besucher st\u00f6ren Kirmes in Salzgitter<\/p>\n<p>\t\t\t\t              03.05.2025, 11:07 Uhr<\/p>\n<p><strong>Viele Menschen feiern ausgelassen auf der Altstadtkirmes in Salzgitter. F\u00fcr drei St\u00f6renfriede endet der Abend allerdings im Polizeigewahrsam.<\/strong><\/p>\n<p>Salzgitter (dpa\/lni) &#8211; Die Polizei hat drei Menschen in Gewahrsam genommen, die auf der Altstadtkirmes in Salzgitter randaliert haben. Zuerst habe ein 25-j\u00e4hriger Mann den Mitarbeiter eines Sicherheitsdienstes mehrfach beleidigt, teilte die Polizei am Vormittag mit. Auch die alarmierten Einsatzkr\u00e4fte konnten den Mann nicht beruhigen. Als er trotz eines Platzverweises weiterhin nicht das Fest verlie\u00df, nahmen ihn die Beamten in Gewahrsam.<\/p>\n<p>Sp\u00e4ter in der Nacht auf den Samstag kam es laut Polizei zu einer Auseinandersetzung an einem Bierstand. Auch hier kam ein 49-J\u00e4hriger dem Platzverweis der Polizei nicht nach. Er wurde schlie\u00dflich mit Handschellen gefesselt.\u00a0<\/p>\n<p>Eine 40 Jahre alte Frau st\u00f6rte den Einsatz der Beamten und griff sie an. Sie und ein Polizist wurden dabei leicht verletzt. Auch ihr wurden Handschellen angelegt. Anschlie\u00dfend wurde sie vom Kirmesgel\u00e4nde weggebracht und entlassen. Die beiden M\u00e4nner blieben bis zum Ende der Veranstaltung im Polizeigewahrsam. Gegen alle drei Personen wurden mehrere Straf- und Ordnungswidrigkeitsverfahren eingeleitet. Sie waren nach Angaben der Polizei alkoholisiert.<\/p>\n","protected":false},"excerpt":{"rendered":"Niedersachsen &amp; Bremen Aggressive Besucher st\u00f6ren Kirmes in Salzgitter 03.05.2025, 11:07 Uhr Viele Menschen feiern ausgelassen auf der&hellip;\n","protected":false},"author":2,"featured_media":82522,"comment_status":"","ping_status":"","sticky":false,"template":"","format":"standard","meta":{"footnotes":""},"categories":[1850],"tags":[34709,6151,6429,2420,3364,29,548,663,3934,30,13,2508,14,15,1411,16775,12],"class_list":{"0":"post-82521","1":"post","2":"type-post","3":"status-publish","4":"format-standard","5":"has-post-thumbnail","7":"category-braunschweig","8":"tag-aggressive","9":"tag-besucher","10":"tag-braunschweig","11":"tag-bremen","12":"tag-de","13":"tag-deutschland","14":"tag-eu","15":"tag-europa","16":"tag-europe","17":"tag-germany","18":"tag-headlines","19":"tag-kirmes","20":"tag-nachrichten","21":"tag-news","22":"tag-niedersachsen","23":"tag-salzgitter","24":"tag-schlagzeilen"},"share_on_mastodon":{"url":"https:\/\/pubeurope.com\/@de\/114446936590302686","error":""},"_links":{"self":[{"href":"https:\/\/www.europesays.com\/de\/wp-json\/wp\/v2\/posts\/82521","targetHints":{"allow":["GET"]}}],"collection":[{"href":"https:\/\/www.europesays.com\/de\/wp-json\/wp\/v2\/posts"}],"about":[{"href":"https:\/\/www.europesays.com\/de\/wp-json\/wp\/v2\/types\/post"}],"author":[{"embeddable":true,"href":"https:\/\/www.europesays.com\/de\/wp-json\/wp\/v2\/users\/2"}],"replies":[{"embeddable":true,"href":"https:\/\/www.europesays.com\/de\/wp-json\/wp\/v2\/comments?post=82521"}],"version-history":[{"count":0,"href":"https:\/\/www.europesays.com\/de\/wp-json\/wp\/v2\/posts\/82521\/revisions"}],"wp:featuredmedia":[{"embeddable":true,"href":"https:\/\/www.europesays.com\/de\/wp-json\/wp\/v2\/media\/82522"}],"wp:attachment":[{"href":"https:\/\/www.europesays.com\/de\/wp-json\/wp\/v2\/media?parent=82521"}],"wp:term":[{"taxonomy":"category","embeddable":true,"href":"https:\/\/www.europesays.com\/de\/wp-json\/wp\/v2\/categories?post=82521"},{"taxonomy":"post_tag","embeddable":true,"href":"https:\/\/www.europesays.com\/de\/wp-json\/wp\/v2\/tags?post=82521"}],"curies":[{"name":"wp","href":"https:\/\/api.w.org\/{rel}","templated":true}]}}