{"id":825271,"date":"2026-02-25T19:03:19","date_gmt":"2026-02-25T19:03:19","guid":{"rendered":"https:\/\/www.europesays.com\/de\/825271\/"},"modified":"2026-02-25T19:03:19","modified_gmt":"2026-02-25T19:03:19","slug":"die-kandidaten-fuer-das-amt-des-ersten-vorsitzenden-tsg-hoffenheim","status":"publish","type":"post","link":"https:\/\/www.europesays.com\/de\/825271\/","title":{"rendered":"Die Kandidaten f\u00fcr das Amt des Ersten Vorsitzenden \u00bb TSG Hoffenheim"},"content":{"rendered":"<p>Die Mitgliederversammlung des TSG 1899 Hoffenheim e.V. findet am Montag, 9. M\u00e4rz 2026 um 18 Uhr in der PreZero Arena in Sinsheim (Dietmar-Hopp-Str. 1, 74889 Sinsheim, Sitzplatzbereich: Gegentrib\u00fcne) statt. Gew\u00e4hlt wird unter anderem ein neuer Erster Vorsitzender. Wir stellen die Kandidaten vor. <\/p>\n<p>\t                        Die KANDIDATEN f\u00fcr das Amt des Ersten Vorsitzenden<\/p>\n<p>\u00a0<\/p>\n<p><img decoding=\"async\" width=\"200\" height=\"250\" alt=\"\" src=\"https:\/\/www.europesays.com\/de\/wp-content\/uploads\/2026\/02\/2026-mv-heiss.jpg\" loading=\"lazy\" class=\"left ss-htmleditorfield-file image\"\/><\/p>\n<p><strong>Uwe Heiss<br \/><\/strong><strong>Wohnort:<\/strong> Reichartshausen<br \/><strong>TSG-Mitglied seit<\/strong>: 2020<\/p>\n<p>Uwe Heiss verbindet seine berufliche T\u00e4tigkeit als F\u00fchrungskraft und gesch\u00e4ftsf\u00fchrender Gesellschafter mit einem Engagement im Breitensport der TSG Hoffenheim. Der geb\u00fcrtige Reichartshausener, fr\u00fcher selbst aktiver Fu\u00dfballer und Trainer, arbeitet als Diplom-Ingenieur. Er ist bei einem Fertigungsunternehmen, das sich auf die Produktion technischer Kunststoffteile spezialisiert hat, t\u00e4tig, allerdings nicht mehr in Vollzeit. Bei der TSG trainiert der 66-J\u00e4hrige das dritte Frauenteam in der Verbandsliga Nordbaden.<\/p>\n<p>Das sagt Uwe Heiss zu seiner Kandidatur: \u201eMeine Motivation, dieses Amt zu \u00fcbernehmen, gr\u00fcndet sich auf zwei S\u00e4ulen: Leidenschaft f\u00fcr den Verein und Erfahrung in F\u00fchrung und Organisation. In meiner langj\u00e4hrigen, internationalen F\u00fchrungst\u00e4tigkeit habe ich gelernt, wie wichtig strategisches Denken, verl\u00e4ssliche Entscheidungsstrukturen und ein wertsch\u00e4tzender Umgang mit Menschen sind, um nachhaltigen Erfolg zu erm\u00f6glichen. Diese Erfahrungen m\u00f6chte ich gezielt in den Dienst der TSG Hoffenheim stellen. Als Pr\u00e4sident sehe ich meine Aufgabe darin, den Verein in allen Bereichen zu st\u00e4rken. Ich bin davon \u00fcberzeugt, dass wir gemeinsam die TSG Hoffenheim in eine erfolgreiche Zukunft f\u00fchren k\u00f6nnen.\u201c<\/p>\n<p>\u00a0<\/p>\n<p><img decoding=\"async\" width=\"200\" height=\"250\" alt=\"\" src=\"https:\/\/www.europesays.com\/de\/wp-content\/uploads\/2026\/02\/2026-mv-beil.jpg\" loading=\"lazy\" class=\"left ss-htmleditorfield-file image\"\/><\/p>\n<p><strong>Florian Beil<br \/><\/strong><strong>Wohnort:<\/strong> Malsch (bei Wiesloch)<br \/><strong>TSG-Mitglied seit<\/strong>: 2020<\/p>\n<p>Florian Beil k\u00fcmmert sich als Teammanager in der TSG-Akademie seit Juli 2020 um die organisatorischen Abl\u00e4ufe der Teams von der U14 bis zur U19. Der 37-J\u00e4hrige studierte Sportmanagement (Bachelor of Arts), spielte in der Jugend selbst f\u00fcr die TSG Hoffenheim und war im Anschluss als Profifu\u00dfballer unter anderem f\u00fcr Hannover 96 und den 1. FC Magdeburg aktiv.\u00a0<\/p>\n<p>Das sagt Florian Beil zu seiner Kandidatur: \u201eIch bin \u00fcberzeugt, f\u00fcr das Amt des Ersten Vorsitzenden besonders geeignet zu sein, weil ich die TSG seit mehr als 20 Jahren aus unterschiedlichen Rollen kenne: als Spieler, Fan und Mitarbeiter. Ich bin bereit, langfristig Verantwortung zu \u00fcbernehmen und bringe Energie, Mut und Perspektive mit, um die n\u00e4chsten Entwicklungsphasen mitzugestalten. Der Verein bildet das Fundament \u2013 mit seinen Mitgliedern, dem Breitensport, der Jugendf\u00f6rderung, der Frauenabteilung und dem Ehrenamt. Nach den Unruhen zuletzt muss das Ziel sein, den Verein in ruhiges Fahrwasser zu bringen und die Zusammenarbeit mit der GmbH weiter zu st\u00e4rken. Beides geh\u00f6rt zusammen und verfolgt ein Ziel: eine starke, nachhaltige und erfolgreiche TSG.\u201c<\/p>\n<p>\u00a0<\/p>\n<p><img decoding=\"async\" width=\"200\" height=\"250\" alt=\"\" src=\"https:\/\/www.europesays.com\/de\/wp-content\/uploads\/2026\/02\/2026-mv-kreuzwieser.jpg\" loading=\"lazy\" class=\"left ss-htmleditorfield-file image\"\/><\/p>\n<p><strong>Andr\u00e9 Kreuzwieser<br \/><\/strong><strong>Wohnort:<\/strong> Hoffenheim<br \/><strong>TSG-Mitglied seit<\/strong>: 1986<\/p>\n<p>Andr\u00e9 Kreuzwieser ist in Hoffenheim aufgewachsen und lebt auch heute noch dort. Er hat viele Jahre f\u00fcr die TSG sowohl in der Jugend als auch bei den Aktiven gespielt, war unter anderem als Spieler der heutigen U23 in der Verbandsliga aktiv. Er arbeitete \u00fcber viele Jahre als Berater und Projektleiter in der Softwarebranche und verantwortete dabei internationale Projekte. Derzeit ist der 45-J\u00e4hrige unternehmerisch t\u00e4tig und als Mitgesellschafter an einem Softwareunternehmen beteiligt.<\/p>\n<p>Das sagt Andr\u00e9 Kreuzwieser zu seiner Kandidatur: \u201eIch kandidiere, weil mich meine pers\u00f6nliche Geschichte als waschechter \u201eHoffemer\u201c, fr\u00fcherer TSG-Spieler und Dauerkartenbesitzer seit 2008 mit der TSG tief verbindet. Ein \u201eDorfklub\u201c, der eine einzigartige und in vielen Bereichen so erfolgreiche Geschichte geschrieben hat. Umso mehr besch\u00e4ftigt mich, dass es trotzdem in den vergangenen Jahren Phasen gab, in denen Stabilit\u00e4t, Kontinuit\u00e4t und Geschlossenheit gelitten haben. Genau hier m\u00f6chte ich mit Ruhe, Dialogbereitschaft und klarer Kommunikation zu mehr Vertrauen beitragen und den Verein in eine sportlich und wirtschaftlich erfolgreiche und zugleich geschlossene Zukunft f\u00fchren. \u201eZamme simma Hoffe\u201c muss wieder gelebter Alltag werden.\u201c<\/p>\n<p>Weitere Informationen<\/p>\n<p>Die Mitgliederversammlung startet am Montag, den 9. M\u00e4rz, um 18 Uhr. Einlass in der PreZero Arena wird ab 16:30 Uhr sein.\u00a0<\/p>\n<p>Die Mitglieder des TSG Hoffenheim e.V. haben die\u00a0Informationen \u00fcber die Tagesordnungspunkte durch den Versand der offiziellen Einladung bereits satzungsgem\u00e4\u00df erhalten.\u00a0<\/p>\n<p>Hier geht&#8217;s zur <strong>Tagesordnung und wichtigen Zusatzinformationen zur Veranstaltung<\/strong>: <a rel=\"noopener noreferrer nofollow\" href=\"https:\/\/s3.tsg-hoffenheim.de\/public\/EV\/Bekanntmachung-geaenderte-Tagesordnung-Mitgliederversammlung-9.-Maerz-2026-TSG-Hoffenheim-e.V..pdf\" target=\"_blank\">Link <\/a><\/p>\n<p>Hier geht&#8217;s zum <strong>Antrag zur \u00c4nderung der Satzung in \u00a7 10 Abs. 2<\/strong>:\u00a0<a rel=\"noopener noreferrer nofollow\" href=\"https:\/\/s3.tsg-hoffenheim.de\/public\/EV\/Aenderungsantrag-Wahlausschuss-Mitgliederversammlung-9.-Maerz-2026-TSG-Hoffenheim-e.V..pdf\" target=\"_blank\">Link<\/a>\u00a0\u00a0<\/p>\n<p>Hier geht&#8217;s zum <strong>\u00c4nderungsentwurf anl\u00e4sslich der Mitgliederversammlung<\/strong> sowie zur <strong>Tischvorlage<\/strong>: <a rel=\"noopener noreferrer nofollow\" href=\"https:\/\/s3.tsg-hoffenheim.de\/public\/EV\/Aenderungsentwurf-der-Satzung-und-Kassenbericht-Mitgliederversammlung-9.-Maerz-2026-TSG-Hoffenheim-e.V..pdf\" target=\"_blank\">Link<\/a>\u00a0\u00a0<\/p>\n<p>Die Kandidaten f\u00fcr das Amt des Zweiten Vorsitzenden werden in KW10 auf <a rel=\"noopener noreferrer nofollow\" href=\"https:\/\/www.tsg-hoffenheim.de\" target=\"_blank\">www.tsg-hoffenheim.de<\/a> ver\u00f6ffentlicht.<\/p>\n<p>    <img decoding=\"async\" src=\"https:\/\/www.europesays.com\/de\/wp-content\/uploads\/2026\/02\/tsg-app-icon.png\" alt=\"TSG App Icon\" class=\"logo\"\/><\/p>\n","protected":false},"excerpt":{"rendered":"Die Mitgliederversammlung des TSG 1899 Hoffenheim e.V. findet am Montag, 9. M\u00e4rz 2026 um 18 Uhr in der&hellip;\n","protected":false},"author":2,"featured_media":825272,"comment_status":"","ping_status":"","sticky":false,"template":"","format":"standard","meta":{"footnotes":"","_share_on_mastodon":"0"},"categories":[136],"tags":[299,29,30,8844,265,8550],"class_list":["post-825271","post","type-post","status-publish","format-standard","has-post-thumbnail","category-sport","tag-bundesliga","tag-deutschland","tag-germany","tag-hoffenheim","tag-sport","tag-tsg"],"share_on_mastodon":{"url":"https:\/\/pubeurope.com\/@de\/116132826940698064","error":""},"_links":{"self":[{"href":"https:\/\/www.europesays.com\/de\/wp-json\/wp\/v2\/posts\/825271","targetHints":{"allow":["GET"]}}],"collection":[{"href":"https:\/\/www.europesays.com\/de\/wp-json\/wp\/v2\/posts"}],"about":[{"href":"https:\/\/www.europesays.com\/de\/wp-json\/wp\/v2\/types\/post"}],"author":[{"embeddable":true,"href":"https:\/\/www.europesays.com\/de\/wp-json\/wp\/v2\/users\/2"}],"replies":[{"embeddable":true,"href":"https:\/\/www.europesays.com\/de\/wp-json\/wp\/v2\/comments?post=825271"}],"version-history":[{"count":0,"href":"https:\/\/www.europesays.com\/de\/wp-json\/wp\/v2\/posts\/825271\/revisions"}],"wp:featuredmedia":[{"embeddable":true,"href":"https:\/\/www.europesays.com\/de\/wp-json\/wp\/v2\/media\/825272"}],"wp:attachment":[{"href":"https:\/\/www.europesays.com\/de\/wp-json\/wp\/v2\/media?parent=825271"}],"wp:term":[{"taxonomy":"category","embeddable":true,"href":"https:\/\/www.europesays.com\/de\/wp-json\/wp\/v2\/categories?post=825271"},{"taxonomy":"post_tag","embeddable":true,"href":"https:\/\/www.europesays.com\/de\/wp-json\/wp\/v2\/tags?post=825271"}],"curies":[{"name":"wp","href":"https:\/\/api.w.org\/{rel}","templated":true}]}}