{"id":825301,"date":"2026-02-25T19:18:12","date_gmt":"2026-02-25T19:18:12","guid":{"rendered":"https:\/\/www.europesays.com\/de\/825301\/"},"modified":"2026-02-25T19:18:12","modified_gmt":"2026-02-25T19:18:12","slug":"fans-des-fc-augsburg-und-der-augsburger-panther-koennten-am-freitag-wegen-streiks-probleme-bei-der-anreise-bekommen","status":"publish","type":"post","link":"https:\/\/www.europesays.com\/de\/825301\/","title":{"rendered":"Fans des FC Augsburg und der Augsburger Panther k\u00f6nnten am Freitag wegen Streiks Probleme bei der Anreise bekommen"},"content":{"rendered":"<p class=\"mb-6 text-xs md:text-m lg:text-l font-serif group-[.font-sans]:font-sans \">\n    Aus Sicht der Besch\u00e4ftigten h\u00e4tte es wohl kaum einen besseren Termin geben k\u00f6nnen, aus Sicht der Fans d\u00fcrfte der \u00c4rger gro\u00df sein. Wenn am Freitagabend der <a href=\"https:\/\/augsburger-allgemeine.de\/sport\/fc-augsburg\/\" target=\"_self\" class=\"underline \" rel=\"nofollow noopener\">FC Augsburg<\/a> und die <a href=\"https:\/\/augsburger-allgemeine.de\/sport\/eishockey\/augsburger-panther\/\" target=\"_self\" class=\"underline \" rel=\"nofollow noopener\">Augsburger Panther<\/a> ihre Heimspiele austragen, werden Busse und Trambahnen mit wenigen Ausnahmen stillstehen. Fu\u00dfball- und Eishockeyfans greifen f\u00fcr gew\u00f6hnlich gerne auf das Angebot der Stadtwerke Augsburg (SWA) zur\u00fcck, um zu den Stadien zu gelangen. Die Klubs werben damit, dass man den \u00f6ffentlichen Nahverkehr f\u00fcr die Anreise nutzen soll, so gelten ihre Tickets an Spieltagen als Fahrkarten im Augsburger Verkehrsverbund (AVV).\n  <\/p>\n<p class=\"mb-6 text-xs md:text-m lg:text-l font-serif group-[.font-sans]:font-sans \">\n    <a href=\"https:\/\/www.augsburger-allgemeine.de\/augsburg\/trotz-oepnv-streik-zur-arbeit-was-beschaeftigte-jetzt-wissen-muessen-113584629\" target=\"_self\" class=\"underline \" rel=\"nofollow noopener\">Weil Verdi am Freitag und Samstag zum Streik aufgerufen hat<\/a>, m\u00fcssen sich die Anh\u00e4nger der Vereine dieses Mal aber eine Alternative zum \u00d6PNV suchen. Das betrifft nicht nur die Heimfans, sondern auch die der G\u00e4stemannschaften. Der FCA empf\u00e4ngt den 1. FC K\u00f6ln (20.30 Uhr, WWK-Arena), die Panther spielen zu Hause gegen Red Bull <a href=\"https:\/\/www.augsburger-allgemeine.de\/orte\/aa-muenchen\" target=\"_self\" class=\"underline \" rel=\"nofollow noopener\">M\u00fcnchen<\/a> (19.30 Uhr, Curt-Frenzel-Stadion). Rund um die Spielst\u00e4tten droht also ein Verkehrschaos.\n  <\/p>\n<p>            Kaum Fahrradstellpl\u00e4tze rund ums Curt-Frenzel-Stadion<\/p>\n<p class=\"mb-6 text-xs md:text-m lg:text-l font-serif group-[.font-sans]:font-sans \">\n    Zuletzt war der<a href=\"https:\/\/www.augsburger-allgemeine.de\/bayern\/oepnv-streik-heute-in-muenchen-und-dachau-das-muessen-pendler-und-fahrgaeste-wissen-113437180\" target=\"_self\" class=\"underline \" rel=\"nofollow noopener\"> FC Bayern M\u00fcnchen mit seinem DFB-Pokal-Heimspiel gegen RB Leipzig von einem Verdi-Streik betroffen gewesen<\/a>. Zwischenzeitlich stand eine Verschiebung der Partie im Raum. Letztlich entschieden sich die Verantwortlichen f\u00fcr die Austragung, teils fuhren trotz des Streiks U-Bahnen, teils wurden Busshuttles eingerichtet.\n  <\/p>\n<p class=\"mb-6 text-xs md:text-m lg:text-l font-serif group-[.font-sans]:font-sans \">\n    In <a href=\"https:\/\/www.augsburger-allgemeine.de\/augsburg\/\" target=\"_self\" class=\"underline \" rel=\"nofollow noopener\">Augsburg<\/a> sind \u00e4hnliche Ma\u00dfnahmen bislang nicht geplant. Die Panther erkl\u00e4rten auf Nachfrage, ihnen sei von den SWA mitgeteilt worden, man k\u00f6nne keine zus\u00e4tzlichen Kapazit\u00e4ten anbieten. Hei\u00dft: Fans, die sonst die Stra\u00dfenbahn nutzen, m\u00fcssen aufs <a href=\"https:\/\/www.ka-news.de\/auto\" target=\"_self\" class=\"underline \" rel=\"nofollow noopener\">Auto<\/a> oder andere Fortbewegungsmittel umsteigen. Weil die Nachbarn aus M\u00fcnchen als Gegner dienen, d\u00fcrften auch mehr G\u00e4stefans als gew\u00f6hnlich den Weg nach Augsburg finden. Erschwerend kommt bei den Eishockeyanh\u00e4ngern hinzu, dass es wenige Fahrradstellpl\u00e4tze rund ums CFS gibt und <a href=\"https:\/\/www.augsburger-allgemeine.de\/augsburg\/augsburg-osterplaerrer-2025-termin-reservierung-feuerwerk-parken-23-02-113415987\" target=\"_self\" class=\"underline \" rel=\"nofollow noopener\">auf dem Pl\u00e4rrer bereits f\u00fcr das Volksfest an Ostern<\/a> aufgebaut wird. Entsprechend stehen weniger Pl\u00e4tze f\u00fcr Autos zur Verf\u00fcgung. Ins ausverkaufte CFS passen knapp 6.200 Fans.\n  <\/p>\n<p>            Werden K\u00f6lner Anh\u00e4nger zu einem Fanmarsch gezwungen?<\/p>\n<p class=\"mb-6 text-xs md:text-m lg:text-l font-serif group-[.font-sans]:font-sans \">\n    Beinahe f\u00fcnfmal so viele Fans werden beim Fu\u00dfball erwartet. Hier gibt es zumindest den Vorteil, dass Anh\u00e4nger mit dem Auto leichter anreisen k\u00f6nnen. Doch <a href=\"https:\/\/www.augsburger-allgemeine.de\/sport\/parken-bei-fca-spielen-anfahr-und-preise-an-der-wwk-arena-102985754\" target=\"_self\" class=\"underline \" rel=\"nofollow noopener\">bei rund 30.000 Zuschauern<\/a> l\u00e4sst sich leicht ausmalen, dass viel Geduld gefragt sein wird. Die Parkpl\u00e4tze an der Arena d\u00fcrften relativ schnell gef\u00fcllt sein. Ausweichen kann man auf den Walter Campus (500 Pl\u00e4tze), die Tiefgarage am Geb\u00e4udekomplex Weitblick 1.7 (280 Pl\u00e4tze) oder die Messe Augsburg (Bushuttle zum Stadion). Aber vor allem K\u00f6lner Fans, die mit dem Zug anreisen, k\u00f6nnten ein Problem bekommen. Wom\u00f6glich droht ihnen ein ungewollter Fanmarsch zur Arena (rund sechs Kilometer). Der FCA wollte weitere Informationen einholen und anschlie\u00dfend dar\u00fcber informieren.\n  <\/p>\n<p class=\"mb-6 text-xs md:text-m lg:text-l font-serif group-[.font-sans]:font-sans \">\n    Zumindest d\u00fcrfte das Wetter mitspielen. Erwartet wird trockene Witterung bei Plusgraden im zweistelligen Bereich. Das Fahrrad d\u00fcrfte am Freitag f\u00fcr viele Augsburger zu einem \u00e4u\u00dferst beliebten Vehikel werden.\n  <\/p>\n<ul data-module-id=\"DragDropModule\" class=\"flex flex-wrap justify-start group-[.no-bookmarks]:hidden\">\n<li class=\"mb-3 mr-3\">\n    Johannes Graf<\/p>\n<p>      Icon Haken im Kreis gesetzt<\/p>\n<p>      Icon Plus im Kreis<\/p>\n<\/li>\n<li class=\"mb-3 mr-3\">\n    Augsburg<\/p>\n<p>      Icon Haken im Kreis gesetzt<\/p>\n<p>      Icon Plus im Kreis<\/p>\n<\/li>\n<li class=\"mb-3 mr-3\">\n    FC Augsburg<\/p>\n<p>      Icon Haken im Kreis gesetzt<\/p>\n<p>      Icon Plus im Kreis<\/p>\n<\/li>\n<\/ul>\n","protected":false},"excerpt":{"rendered":"Aus Sicht der Besch\u00e4ftigten h\u00e4tte es wohl kaum einen besseren Termin geben k\u00f6nnen, aus Sicht der Fans d\u00fcrfte&hellip;\n","protected":false},"author":2,"featured_media":825302,"comment_status":"","ping_status":"","sticky":false,"template":"","format":"standard","meta":{"footnotes":"","_share_on_mastodon":"0"},"categories":[1846],"tags":[680,28914,513,772,148348,3364,29,548,663,3934,483,30,13,1268,14,15,12,149482,1238,42898,11864],"class_list":["post-825301","post","type-post","status-publish","format-standard","has-post-thumbnail","category-augsburg","tag-augsburg","tag-augsburger-panther","tag-auto","tag-bayern","tag-curt-frenzel-stadion","tag-de","tag-deutschland","tag-eu","tag-europa","tag-europe","tag-fc-augsburg","tag-germany","tag-headlines","tag-muenchen","tag-nachrichten","tag-news","tag-schlagzeilen","tag-stadtwerke-augsburg","tag-streik","tag-trambahn","tag-verkehrschaos"],"share_on_mastodon":{"url":"https:\/\/pubeurope.com\/@de\/116132885691794208","error":""},"_links":{"self":[{"href":"https:\/\/www.europesays.com\/de\/wp-json\/wp\/v2\/posts\/825301","targetHints":{"allow":["GET"]}}],"collection":[{"href":"https:\/\/www.europesays.com\/de\/wp-json\/wp\/v2\/posts"}],"about":[{"href":"https:\/\/www.europesays.com\/de\/wp-json\/wp\/v2\/types\/post"}],"author":[{"embeddable":true,"href":"https:\/\/www.europesays.com\/de\/wp-json\/wp\/v2\/users\/2"}],"replies":[{"embeddable":true,"href":"https:\/\/www.europesays.com\/de\/wp-json\/wp\/v2\/comments?post=825301"}],"version-history":[{"count":0,"href":"https:\/\/www.europesays.com\/de\/wp-json\/wp\/v2\/posts\/825301\/revisions"}],"wp:featuredmedia":[{"embeddable":true,"href":"https:\/\/www.europesays.com\/de\/wp-json\/wp\/v2\/media\/825302"}],"wp:attachment":[{"href":"https:\/\/www.europesays.com\/de\/wp-json\/wp\/v2\/media?parent=825301"}],"wp:term":[{"taxonomy":"category","embeddable":true,"href":"https:\/\/www.europesays.com\/de\/wp-json\/wp\/v2\/categories?post=825301"},{"taxonomy":"post_tag","embeddable":true,"href":"https:\/\/www.europesays.com\/de\/wp-json\/wp\/v2\/tags?post=825301"}],"curies":[{"name":"wp","href":"https:\/\/api.w.org\/{rel}","templated":true}]}}