{"id":825371,"date":"2026-02-25T19:56:14","date_gmt":"2026-02-25T19:56:14","guid":{"rendered":"https:\/\/www.europesays.com\/de\/825371\/"},"modified":"2026-02-25T19:56:14","modified_gmt":"2026-02-25T19:56:14","slug":"unglaubliches-drama-in-der-champions-league-dortmund-in-letzter-sekunde-raus-sport","status":"publish","type":"post","link":"https:\/\/www.europesays.com\/de\/825371\/","title":{"rendered":"Unglaubliches Drama in der Champions League: Dortmund in letzter Sekunde RAUS | Sport"},"content":{"rendered":"<p><a class=\"skip-content skip-content--link\" href=\"#in-content-skip-link-target-v-0-0\">TTS-Player \u00fcberspringen\u21b5<\/a><a id=\"in-content-skip-link-target-v-0-0\" class=\"skip-content--target-link-hidden skip-content skip-content--target-link\" href=\"#in-content-skip-link-target-v-0-0\">Artikel weiterlesen<\/a><\/p>\n<p><b>Der BVB kassiert im gro\u00dfen Zoff-Gipfel in Bergamo eine 1:4-Klatsche, fliegt so nach dem 2:0-Hinspielsieg aus der <\/b><a href=\"https:\/\/www.bild.de\/sport\/fussball\/champions-league\/home-15770784.bild.html\" class=\"text-link\" rel=\"nofollow noopener\" target=\"_blank\"><b>Champions League<\/b><\/a><b>. Eine dramatische Niederlage f\u00fcr die Schwarz-Gelben mit verheerenden Folgen. Der Klub hat die elf Millionen Euro f\u00fcr den Einzug ins Achtelfinale fest f\u00fcr den Sommer eingeplant. Jetzt steht neben dem emotionalen Loch nach der Pleite auch ein finanzielles.<\/b><\/p>\n<p>Was f\u00fcr ein unglaubliches Ende!<\/p>\n<p>Es l\u00e4uft die Nachspielzeit. Kobel l\u00e4uft einen langen Ball ab, spielt die Kugel in die F\u00fc\u00dfe eines Bergamo-Angreifers. Der hebt die Kugel in den Strafraum. Bensebaini kl\u00e4rt den Ball mit der Hacke weg, trifft den heranfliegenden Krstovic mit der Hacke an der Stirn \u2013 Elfmeter und Gelb-Rot Bensebaini! Der Montenegriner bleibt am Boden liegen, blutet heftig an der Stirn. Auf den B\u00e4nken erhitzen die Gem\u00fcter. Nico Schlotterbeck und ein Verantwortlicher von Bergamo sehen Rot!<\/p>\n<p>Der Ex-Herthaner Samardzic beh\u00e4lt in der Atmosph\u00e4re die Ruhe, verwandelt sicher \u2013 1:4, der Knockout f\u00fcr den BVB (90.+ 8).<\/p>\n<p><img decoding=\"async\" width=\"992\" height=\"558\" alt=\"Atalantas Krstovic liegt blutend am Boden, wird von \u00c4rzten medizinisch betreut\" src=\"https:\/\/www.europesays.com\/de\/wp-content\/uploads\/2026\/02\/640287c68c5a3cac1cf3d41f223c3d82,108ea5f4.jpeg\"   class=\"landscape\" loading=\"lazy\"\/><\/p>\n<p class=\"fig__caption__text\">Atalantas Krstovic liegt blutend am Boden, wird von \u00c4rzten medizinisch betreut<\/p>\n<p>Foto: AFP<\/p>\n<p><b>Der BVB startet bereits denkbar schlecht in die Partie!<\/b><\/p>\n<p>Ryerson und Startelf-R\u00fcckkehrer Can werden auf rechts \u00fcberspielt. Bensebaini verl\u00e4ngert die Hereingabe von Bernasconi ungl\u00fccklich an Svensson vorbei in die F\u00fc\u00dfe von Scamacca. Bergamos St\u00fcrmer schiebt die Kugel unbedr\u00e4ngt ein \u2013 0:1 (5.)! Kurz vor der Pause legen die Gastgeber nach. Kobel faustet eine Flanke weg, Zappacosta kommt aus 18 Metern an den Ball, und zieht ab. Bensebaini wirft sich unorthodox in den Schuss, f\u00e4lscht ihn mit dem Oberschenkel ins eigene Tor ab \u2013 0:2 (45.). Bittere Halbzeit f\u00fcr Bensebaini, der bei beiden Gegentoren ungl\u00fccklich aussieht. <\/p>\n<p>Nach der Pause trifft Beier nach Zuspiel von Ryerson nur den Pfosten (54.). In das BVB-Aufb\u00e4umen k\u00f6pft Pasalic unbedr\u00e4ngt f\u00fcr Atalanta ein \u2013 0:3 (57.). <\/p>\n<p><b>Der BVB am Boden, aber kommt zun\u00e4chst zur\u00fcck!<\/b><\/p>\n<p>Silva und Chukwuemeka kommen f\u00fcr Beier und Brandt (60.), sp\u00e4ter Adeyemi und Couto f\u00fcr Bellingham und Ryerson (70.). Die beiden Erstgenannten kombinieren sich \u00fcber links gut durch, spielen Guirassy frei. Der St\u00fcrmer trifft den Ball jedoch nicht richtig (74.). Die anschlie\u00dfende Ecke landet bei Chukwuemeka, der die Kugel auf Adeyemi spitzelt. Von rechts zieht er in die Mitte und trifft per Schlenzer links oben ins Eck \u2013 1:3 (75.).<\/p>\n<p>Doch dann beenden der Kobel-Bock und der verursachte Elfmeter von Bensebaini alle Hoffnungen der Dortmunder.<\/p>\n","protected":false},"excerpt":{"rendered":"TTS-Player \u00fcberspringen\u21b5Artikel weiterlesen Der BVB kassiert im gro\u00dfen Zoff-Gipfel in Bergamo eine 1:4-Klatsche, fliegt so nach dem 2:0-Hinspielsieg&hellip;\n","protected":false},"author":2,"featured_media":825372,"comment_status":"","ping_status":"","sticky":false,"template":"","format":"standard","meta":{"footnotes":"","_share_on_mastodon":"0"},"categories":[1833],"tags":[888,468,3364,29,217,538,347,30,5131,1262,1209,301,819,45],"class_list":["post-825371","post","type-post","status-publish","format-standard","has-post-thumbnail","category-dortmund","tag-borussia-dortmund","tag-champions-league","tag-de","tag-deutschland","tag-dortmund","tag-erste-bundesliga","tag-fussball","tag-germany","tag-kovac-niko","tag-muehlenbeck-marcus","tag-nordrhein-westfalen","tag-spielbericht","tag-sport-leuchtturm-essen","tag-texttospeech"],"share_on_mastodon":{"url":"https:\/\/pubeurope.com\/@de\/116133035196313902","error":""},"_links":{"self":[{"href":"https:\/\/www.europesays.com\/de\/wp-json\/wp\/v2\/posts\/825371","targetHints":{"allow":["GET"]}}],"collection":[{"href":"https:\/\/www.europesays.com\/de\/wp-json\/wp\/v2\/posts"}],"about":[{"href":"https:\/\/www.europesays.com\/de\/wp-json\/wp\/v2\/types\/post"}],"author":[{"embeddable":true,"href":"https:\/\/www.europesays.com\/de\/wp-json\/wp\/v2\/users\/2"}],"replies":[{"embeddable":true,"href":"https:\/\/www.europesays.com\/de\/wp-json\/wp\/v2\/comments?post=825371"}],"version-history":[{"count":0,"href":"https:\/\/www.europesays.com\/de\/wp-json\/wp\/v2\/posts\/825371\/revisions"}],"wp:featuredmedia":[{"embeddable":true,"href":"https:\/\/www.europesays.com\/de\/wp-json\/wp\/v2\/media\/825372"}],"wp:attachment":[{"href":"https:\/\/www.europesays.com\/de\/wp-json\/wp\/v2\/media?parent=825371"}],"wp:term":[{"taxonomy":"category","embeddable":true,"href":"https:\/\/www.europesays.com\/de\/wp-json\/wp\/v2\/categories?post=825371"},{"taxonomy":"post_tag","embeddable":true,"href":"https:\/\/www.europesays.com\/de\/wp-json\/wp\/v2\/tags?post=825371"}],"curies":[{"name":"wp","href":"https:\/\/api.w.org\/{rel}","templated":true}]}}