{"id":825437,"date":"2026-02-25T20:32:49","date_gmt":"2026-02-25T20:32:49","guid":{"rendered":"https:\/\/www.europesays.com\/de\/825437\/"},"modified":"2026-02-25T20:32:49","modified_gmt":"2026-02-25T20:32:49","slug":"pol-ac-nach-unfallflucht-im-nordkreis-polizei-bittet-um-mithilfe","status":"publish","type":"post","link":"https:\/\/www.europesays.com\/de\/825437\/","title":{"rendered":"POL-AC: Nach Unfallflucht im Nordkreis: Polizei bittet um Mithilfe"},"content":{"rendered":"<p class=\"date\">25.02.2026 \u2013 14:29<\/p>\n<p class=\"customer\">\n                        <a class=\"story-customer\" title=\"weiter zum newsroom von Polizei Aachen\" href=\"https:\/\/www.presseportal.de\/blaulicht\/nr\/11559\" rel=\"nofollow noopener\" target=\"_blank\">Polizei Aachen<\/a>\n                    <\/p>\n<p><a data-category=\"citylink-story-view\" data-action=\"click\" data-label=\"Citylink in Meldungsansicht\" class=\"story-city event-trigger\" href=\"https:\/\/www.presseportal.de\/regional\/Alsdorf\" title=\"News aus Alsdorf \" rel=\"nofollow noopener\" target=\"_blank\">Alsdorf<\/a> (ots)<\/p>\n<p>Nach einem Zusammensto\u00df zwischen einem E-Scooter-Fahrer und einer Fu\u00dfg\u00e4ngerin am sp\u00e4ten Dienstagnachmittag (24.02.26) sucht die Polizei nach Zeugen. Die Frau aus Baesweiler war bei dem Unfall schwer verletzt worden.<\/p>\n<p>Nach bisherigen Erkenntnissen passierte der Unfall gegen 17.40 Uhr in der Bahnhofstra\u00dfe. Die Frau kam gerade aus der Apotheke und wollte durch den seitlichen Ausgang \u00fcber den Gehweg zum r\u00fcckw\u00e4rtig gelegenen Parkplatz gehen. Zeitgleich befuhr ein E-Scooter-Fahrer vermutlich den Fahrradweg entlang der Bahnhofstra\u00dfe. Beim Abbiegen nach rechts auf den Gehweg, der zum Parkplatz f\u00fchrt, kam es aus bislang ungekl\u00e4rter Ursache zum Zusammensto\u00df zwischen dem E-Scooter-Fahrer und der Fu\u00dfg\u00e4ngerin. Die Frau st\u00fcrzte und verletzte sich dabei schwer. Der unbekannte Mann fuhr weiter, ohne sich um die Frau zu k\u00fcmmern. Passanten brachten die 69-J\u00e4hrige in die nahegelegene Arztpraxis. Von dort aus wurde sie zur Behandlung in ein Krankenhaus gebracht.<\/p>\n<p>Das zust\u00e4ndige Verkehrskommissariat der Polizei Aachen hat die Ermittlungen wegen fahrl\u00e4ssiger K\u00f6rperverletzung und unerlaubten Entfernens vom Unfallort aufgenommen. Der fl\u00fcchtige erwachsene Mann soll dunkel gekleidet gewesen sein und fuhr einen schwarzen E-Scooter.<\/p>\n<p>Wer etwas beobachtet hat oder Angaben zu dem fl\u00fcchtigen E-Scooter-Fahrer machen kann, wird gebeten, sich zu melden. Hinweise werden unter folgenden Rufnummern entgegengenommen: w\u00e4hrend der B\u00fcrozeiten unter 0241-9577 42101 oder au\u00dferhalb der B\u00fcrozeiten unter 0241-9577 0. (sk)<\/p>\n<p class=\"contact-headline\">R\u00fcckfragen bitte an:<\/p>\n<p class=\"contact-text\">Polizei Aachen<br \/>Pressestelle<\/p>\n<p>Telefon: 0241 \/ 9577 &#8211; 21211<br \/>E-Mail: <a href=\"https:\/\/www.presseportal.de\/blaulicht\/pm\/11559\/mailto: Pressestelle.Aachen@polizei.nrw.de\" class=\"uri-mailto\" rel=\"nofollow noopener\" target=\"_blank\"> Pressestelle.Aachen@polizei.nrw.de<\/a><\/p>\n<p class=\"originator\">Original-Content von: Polizei Aachen, \u00fcbermittelt durch news aktuell<\/p>\n","protected":false},"excerpt":{"rendered":"25.02.2026 \u2013 14:29 Polizei Aachen Alsdorf (ots) Nach einem Zusammensto\u00df zwischen einem E-Scooter-Fahrer und einer Fu\u00dfg\u00e4ngerin am sp\u00e4ten&hellip;\n","protected":false},"author":2,"featured_media":386213,"comment_status":"","ping_status":"","sticky":false,"template":"","format":"standard","meta":{"footnotes":"","_share_on_mastodon":"0"},"categories":[1853],"tags":[1424,3364,29,548,663,3934,30,13,177,14,15,1209,176,121,178,180,179,181,12],"class_list":["post-825437","post","type-post","status-publish","format-standard","has-post-thumbnail","category-aachen","tag-aachen","tag-de","tag-deutschland","tag-eu","tag-europa","tag-europe","tag-germany","tag-headlines","tag-kriminalitt","tag-nachrichten","tag-news","tag-nordrhein-westfalen","tag-nrw","tag-polizei","tag-presse","tag-pressemeldung","tag-pressemitteilung","tag-pressemitteilungen","tag-schlagzeilen"],"share_on_mastodon":{"url":"https:\/\/pubeurope.com\/@de\/116133180523475265","error":""},"_links":{"self":[{"href":"https:\/\/www.europesays.com\/de\/wp-json\/wp\/v2\/posts\/825437","targetHints":{"allow":["GET"]}}],"collection":[{"href":"https:\/\/www.europesays.com\/de\/wp-json\/wp\/v2\/posts"}],"about":[{"href":"https:\/\/www.europesays.com\/de\/wp-json\/wp\/v2\/types\/post"}],"author":[{"embeddable":true,"href":"https:\/\/www.europesays.com\/de\/wp-json\/wp\/v2\/users\/2"}],"replies":[{"embeddable":true,"href":"https:\/\/www.europesays.com\/de\/wp-json\/wp\/v2\/comments?post=825437"}],"version-history":[{"count":0,"href":"https:\/\/www.europesays.com\/de\/wp-json\/wp\/v2\/posts\/825437\/revisions"}],"wp:featuredmedia":[{"embeddable":true,"href":"https:\/\/www.europesays.com\/de\/wp-json\/wp\/v2\/media\/386213"}],"wp:attachment":[{"href":"https:\/\/www.europesays.com\/de\/wp-json\/wp\/v2\/media?parent=825437"}],"wp:term":[{"taxonomy":"category","embeddable":true,"href":"https:\/\/www.europesays.com\/de\/wp-json\/wp\/v2\/categories?post=825437"},{"taxonomy":"post_tag","embeddable":true,"href":"https:\/\/www.europesays.com\/de\/wp-json\/wp\/v2\/tags?post=825437"}],"curies":[{"name":"wp","href":"https:\/\/api.w.org\/{rel}","templated":true}]}}