{"id":825444,"date":"2026-02-25T20:36:54","date_gmt":"2026-02-25T20:36:54","guid":{"rendered":"https:\/\/www.europesays.com\/de\/825444\/"},"modified":"2026-02-25T20:36:54","modified_gmt":"2026-02-25T20:36:54","slug":"pol-mg-pkw-kollidiert-mit-ampelanlage-22-jaehriger-fahrer-verletzt","status":"publish","type":"post","link":"https:\/\/www.europesays.com\/de\/825444\/","title":{"rendered":"POL-MG: PKW kollidiert mit Ampelanlage &#8211; 22-j\u00e4hriger Fahrer verletzt"},"content":{"rendered":"<p class=\"date\">25.02.2026 \u2013 03:47<\/p>\n<p class=\"customer\">\n                        <a class=\"story-customer\" title=\"weiter zum newsroom von Polizei M\u00f6nchengladbach\" href=\"https:\/\/www.presseportal.de\/blaulicht\/nr\/30127\" rel=\"nofollow noopener\" target=\"_blank\">Polizei M\u00f6nchengladbach<\/a>\n                    <\/p>\n<p><a data-category=\"citylink-story-view\" data-action=\"click\" data-label=\"Citylink in Meldungsansicht\" class=\"story-city event-trigger\" href=\"https:\/\/www.presseportal.de\/regional\/M%F6nchengladbach\" title=\"News aus M\u00f6nchengladbach \" rel=\"nofollow noopener\" target=\"_blank\">M\u00f6nchengladbach<\/a> (ots)<\/p>\n<p>Am gestrigen Tag ist es auf der Odenkirchener Stra\u00dfe im Kreuzungsbereich Odenkirchener Stra\u00dfe \/ Unterheydener Stra\u00dfe zu einem Verkehrsunfall gekommen, bei dem ein PKW mit einer Ampel kollidierte.<br \/>\nHierbei wurde der 22-j\u00e4hrige M\u00f6nchengladbacher schwer verletzt.<\/p>\n<p>Nach bisherigem Ermittlungsstand befuhr der Fahrer mit seinem Fahrzeug die Odenkirchener Stra\u00dfe aus Fahrtrichtung Rheydt kommend in Richtung Odenkirchen. Kurz vor dem Kreuzungsbereich verlor er aus bislang ungekl\u00e4rter Ursache die Kontrolle \u00fcber sein Fahrzeug. Der PKW kam nach links von der Fahrbahn ab und prallte gegen einen Ampelmast.<\/p>\n<p>Durch den Zusammensto\u00df wurden Teile der Ampelanlage besch\u00e4digt, zudem wurde der Mast deutlich deformiert. Der Fahrzeugf\u00fchrer wurde in ein umliegendes Krankenhaus verbracht.<\/p>\n<p>Die Ermittlungen zur genauen Unfallursache dauern an.<\/p>\n<p class=\"contact-headline\">R\u00fcckfragen von Journalisten bitte an:<\/p>\n<p class=\"contact-text\">Polizei M\u00f6nchengladbach<br \/>Leitstelle<\/p>\n<p>Telefon: 02161\/29 10222<br \/>Fax: 02161\/29 20 199<br \/><a target=\"_blank\" class=\"uri-ext outbound\" rel=\"noopener nofollow\" href=\"https:\/\/moenchengladbach.polizei.nrw\">https:\/\/moenchengladbach.polizei.nrw<\/a><\/p>\n<p class=\"originator\">Original-Content von: Polizei M\u00f6nchengladbach, \u00fcbermittelt durch news aktuell<\/p>\n","protected":false},"excerpt":{"rendered":"25.02.2026 \u2013 03:47 Polizei M\u00f6nchengladbach M\u00f6nchengladbach (ots) Am gestrigen Tag ist es auf der Odenkirchener Stra\u00dfe im Kreuzungsbereich&hellip;\n","protected":false},"author":2,"featured_media":386213,"comment_status":"","ping_status":"","sticky":false,"template":"","format":"standard","meta":{"footnotes":"","_share_on_mastodon":"0"},"categories":[1849],"tags":[3364,29,548,663,3934,30,13,177,4455,14,15,1209,176,121,178,180,179,181,12],"class_list":["post-825444","post","type-post","status-publish","format-standard","has-post-thumbnail","category-moenchengladbach","tag-de","tag-deutschland","tag-eu","tag-europa","tag-europe","tag-germany","tag-headlines","tag-kriminalitt","tag-moenchengladbach","tag-nachrichten","tag-news","tag-nordrhein-westfalen","tag-nrw","tag-polizei","tag-presse","tag-pressemeldung","tag-pressemitteilung","tag-pressemitteilungen","tag-schlagzeilen"],"share_on_mastodon":{"url":"https:\/\/pubeurope.com\/@de\/116133196459354785","error":""},"_links":{"self":[{"href":"https:\/\/www.europesays.com\/de\/wp-json\/wp\/v2\/posts\/825444","targetHints":{"allow":["GET"]}}],"collection":[{"href":"https:\/\/www.europesays.com\/de\/wp-json\/wp\/v2\/posts"}],"about":[{"href":"https:\/\/www.europesays.com\/de\/wp-json\/wp\/v2\/types\/post"}],"author":[{"embeddable":true,"href":"https:\/\/www.europesays.com\/de\/wp-json\/wp\/v2\/users\/2"}],"replies":[{"embeddable":true,"href":"https:\/\/www.europesays.com\/de\/wp-json\/wp\/v2\/comments?post=825444"}],"version-history":[{"count":0,"href":"https:\/\/www.europesays.com\/de\/wp-json\/wp\/v2\/posts\/825444\/revisions"}],"wp:featuredmedia":[{"embeddable":true,"href":"https:\/\/www.europesays.com\/de\/wp-json\/wp\/v2\/media\/386213"}],"wp:attachment":[{"href":"https:\/\/www.europesays.com\/de\/wp-json\/wp\/v2\/media?parent=825444"}],"wp:term":[{"taxonomy":"category","embeddable":true,"href":"https:\/\/www.europesays.com\/de\/wp-json\/wp\/v2\/categories?post=825444"},{"taxonomy":"post_tag","embeddable":true,"href":"https:\/\/www.europesays.com\/de\/wp-json\/wp\/v2\/tags?post=825444"}],"curies":[{"name":"wp","href":"https:\/\/api.w.org\/{rel}","templated":true}]}}