{"id":825575,"date":"2026-02-25T22:00:21","date_gmt":"2026-02-25T22:00:21","guid":{"rendered":"https:\/\/www.europesays.com\/de\/825575\/"},"modified":"2026-02-25T22:00:21","modified_gmt":"2026-02-25T22:00:21","slug":"deutschlands-neue-ruestungsaktie-luebecker-mittelstaendler-gabler-geht-an-die-boerse-welt","status":"publish","type":"post","link":"https:\/\/www.europesays.com\/de\/825575\/","title":{"rendered":"Deutschlands neue R\u00fcstungsaktie: L\u00fcbecker Mittelst\u00e4ndler Gabler geht an die B\u00f6rse &#8211; WELT"},"content":{"rendered":"<ol>\n<li><a href=\"https:\/\/news.google.com\/rss\/articles\/CBMi4wFBVV95cUxPMkY2alNsVDhMcnlqTTE4Qm92RnhteGRsbGVtVnNPNnh2QVl5U2xQbEo0QzhlYllWTWFCMVdjbGFjNl8xemFNeUZoNmVzQkstZXd5elhjb0dXaWpqcmVRNXJZdTBrOE15SEpRSGVlcXROeGpoRjNrdnpiWTJ0WmdTVFY0RHlFSFpDOEptWVJmWnFjclhsUXJPNXJTTlowS1A4ZWozUUZmZFU4M0xCNjV0dTQ5dVZhbUVFYWdlLXNBVXZ3UHoxcWJkTDhJaTZRaVlrSGtwdS1pamJzWE04SmhrdUJOYw?oc=5\" target=\"_blank\" rel=\"nofollow noopener\">Deutschlands neue R\u00fcstungsaktie: L\u00fcbecker Mittelst\u00e4ndler Gabler geht an die B\u00f6rse<\/a>&nbsp;&nbsp;WELT<\/li>\n<li><a href=\"https:\/\/news.google.com\/rss\/articles\/CBMi0gFBVV95cUxQZzZxM2w2V1d4LTJ0ZGVSMDRIb3FjQkR2bDJuMDBRTGc4RVJYWDlDTTROMUtHWWVkVVlWM3oyX0poYllkVUNUc0tQNFhVOWRZNkdHRWdFb2lIMFNzY2p4VmZ5T0xPRlljUlVJU3ZmVTJzTXFMVklwWkNNOTdMVTkwVmp5SEozNm5hMmRrd29WQ0NjYjRKdGJpQmFVWlhaY0hPdnF1M2RlSm9tVFREdUdnSk5jZ0RCdkVpYzFzUXRISnJFa2VGTmdYOUw3WVA1T0VheXc?oc=5\" target=\"_blank\" rel=\"nofollow noopener\">Milliardenmarkt unter Wasser: Deutscher U-Boot Spezialist geht an die B\u00f6rse<\/a>&nbsp;&nbsp;BILD<\/li>\n<li><a href=\"https:\/\/news.google.com\/rss\/articles\/CBMizwFBVV95cUxQYWdqMXZYSm5ZZWx4VTgzZFZDSkdYVFlHdms3WHBUNTgzY2ZIVWZteFlIaUltdlJLenVsV2I4THpNeU85SlYzZFhEZ2N6dHJ2RTBpS2l3M0xZR3JOWVNEM2ladHdyN2ZYV2VVWm8zZmtOeGpmYnRUTUxfSHJEWnJHVjdTSWpnUWpKdnB4endvTXpneFhUYnNycHBXY04ycEFMeGFFVVJ2ZVBNQ3QzNjFMN1VwcXpRRjhzRHZTc3NJZFFkUU9IX2M1Q3ZmalN0RUnSAb4BQVVfeXFMUHV0M01iNHR1dm00UlZmNkR4WUdLcDNZUTVJeTlkTFJiZ0xwN2FoVjlRYnlFX3MyZV9jNGI3YjVtcnl5MEdaSVRPZTJxWjVlSlV6c1V3Z25sMmVEekM4b0JkTmJseWIxUVJpbFBuc3lXVEFPUmRMQ1BTUGdQRjBya1RQcUxRa3FDQVcxUXZGQ3dVRDJJaUtNeHRsQ2NqNUJWZG5RQmpwWXFoWjNMdUxCbUQ3Z2VIZng4UjhoMV9zdw?oc=5\" target=\"_blank\" rel=\"nofollow noopener\">Gabler-Aktie: U-Boot-Ausr\u00fcster legt Preisspanne f\u00fcr geplanten B\u00f6rsengang fest<\/a>&nbsp;&nbsp;finanzen.net<\/li>\n<li><a href=\"https:\/\/news.google.com\/rss\/articles\/CBMiswFBVV95cUxNMVVOVUFrdmJhNUFmSVZrZUlCaF95SjlLYUdMZ1FMLWpjZ0ttWDlZQy11VUJLMVlSenhEUDZtY2VHNjdDNl9uRHRrVFR6UEhJUTdzaTlYc2dfU3BpTGUxcHBzQmU3Vk9aNUtvN2ZKdk9pRHFIM3ZaRy1lZEVudWVIbG01d2UyOTRZRWpaeWRTYkZORmxnMUNVMkJMOXZPVjljVERXX0ZZS1RpcVM2WHRvMkd3SQ?oc=5\" target=\"_blank\" rel=\"nofollow noopener\">Gabler Group plant B\u00f6rsengang: Das m\u00fcssen Anleger jetzt wissen<\/a>&nbsp;&nbsp;Capital.de<\/li>\n<li><a href=\"https:\/\/news.google.com\/rss\/articles\/CBMi1gFBVV95cUxQUDVhVFdMSF9lVUxIaHQxRGZkZXQ0czUwNHRIUVg3WkNlemdMTlVwOVNxQ3lNUTlnWGxJSV9sdUJUME9uQXU1U2NfZ1lEaDBwZGNFRU1MRVRSZGtZNVVXQ05JcS1fLXRFZlZvV3RjdDFuWGtBVkRfUGRUU3JHM3RNQmFIbXZ1ajRYVW9WUktVZnNfWU9BZ3JUY3RRQWxFcDlxMkFZZXlwU3Exc0lndXgwaHRwLWl5OGxOWnJrRWFpS1NqSmZTMHgwUEpCbWNIT2lKU0prVEJB0gHbAUFVX3lxTFBESEhOdks1QUtITk5kN0ZJVjV4SW9YZnNCb21Kb3l6ajl6OW1SNXNxLVRzWF9vRTZ3ZHhKNjQ4NDdYcU5LZ0g2SFJZMkNiRkVoU0NoemFXME5uSDc1QU1lX3RUXzVTWHJVVEFseTVsck5DeUloTkNUb1Y3T2lNTUxJNEd2b3djdGVQaktTRVVnZGtMS0l4cUdzWlZXTVh1MTBITnVTNmFXLTBjZXp5bklGOXN1LTFRWlgtWXB3QUhYQTJvVWNadTdzRklFbUNNRWV3MmhQR1ZGYUhPdw?oc=5\" target=\"_blank\" rel=\"nofollow noopener\">EQS-News: Gabler Group AG k\u00fcndigt Preisspanne und Angebotsstruktur f\u00fcr geplanten B\u00f6rsengang an &#8211; boerse.de<\/a>&nbsp;&nbsp;boerse.de<\/li>\n<\/ol>\n","protected":false},"excerpt":{"rendered":"Deutschlands neue R\u00fcstungsaktie: L\u00fcbecker Mittelst\u00e4ndler Gabler geht an die B\u00f6rse&nbsp;&nbsp;WELT Milliardenmarkt unter Wasser: Deutscher U-Boot Spezialist geht an&hellip;\n","protected":false},"author":2,"featured_media":825576,"comment_status":"","ping_status":"","sticky":false,"template":"","format":"standard","meta":{"footnotes":"","_share_on_mastodon":"0"},"categories":[134],"tags":[1753,175,170,169,29,184972,30,59002,171,174,63401,8821,173,172],"class_list":["post-825575","post","type-post","status-publish","format-standard","has-post-thumbnail","category-unternehmen-maerkte","tag-boersen","tag-business","tag-companies","tag-companies-markets","tag-deutschland","tag-frankfurter-boerse","tag-germany","tag-kc_finanzen","tag-markets","tag-maerkte","tag-ruestungsindustrie-ks","tag-u-boote","tag-unternehmen","tag-unternehmen-maerkte"],"share_on_mastodon":{"url":"https:\/\/pubeurope.com\/@de\/116133522684767536","error":""},"_links":{"self":[{"href":"https:\/\/www.europesays.com\/de\/wp-json\/wp\/v2\/posts\/825575","targetHints":{"allow":["GET"]}}],"collection":[{"href":"https:\/\/www.europesays.com\/de\/wp-json\/wp\/v2\/posts"}],"about":[{"href":"https:\/\/www.europesays.com\/de\/wp-json\/wp\/v2\/types\/post"}],"author":[{"embeddable":true,"href":"https:\/\/www.europesays.com\/de\/wp-json\/wp\/v2\/users\/2"}],"replies":[{"embeddable":true,"href":"https:\/\/www.europesays.com\/de\/wp-json\/wp\/v2\/comments?post=825575"}],"version-history":[{"count":0,"href":"https:\/\/www.europesays.com\/de\/wp-json\/wp\/v2\/posts\/825575\/revisions"}],"wp:featuredmedia":[{"embeddable":true,"href":"https:\/\/www.europesays.com\/de\/wp-json\/wp\/v2\/media\/825576"}],"wp:attachment":[{"href":"https:\/\/www.europesays.com\/de\/wp-json\/wp\/v2\/media?parent=825575"}],"wp:term":[{"taxonomy":"category","embeddable":true,"href":"https:\/\/www.europesays.com\/de\/wp-json\/wp\/v2\/categories?post=825575"},{"taxonomy":"post_tag","embeddable":true,"href":"https:\/\/www.europesays.com\/de\/wp-json\/wp\/v2\/tags?post=825575"}],"curies":[{"name":"wp","href":"https:\/\/api.w.org\/{rel}","templated":true}]}}