{"id":825643,"date":"2026-02-25T22:39:23","date_gmt":"2026-02-25T22:39:23","guid":{"rendered":"https:\/\/www.europesays.com\/de\/825643\/"},"modified":"2026-02-25T22:39:23","modified_gmt":"2026-02-25T22:39:23","slug":"pol-du-rumeln-kaldenhausen-versucher-raubueberfall-auf-taxifahrer-kriminalpolizei","status":"publish","type":"post","link":"https:\/\/www.europesays.com\/de\/825643\/","title":{"rendered":"POL-DU: Rumeln-Kaldenhausen: Versucher Raub\u00fcberfall auf Taxifahrer &#8211; Kriminalpolizei &#8230;"},"content":{"rendered":"<p class=\"date\">25.02.2026 \u2013 14:30<\/p>\n<p class=\"customer\">\n                        <a class=\"story-customer\" title=\"weiter zum newsroom von Polizei Duisburg\" href=\"https:\/\/www.presseportal.de\/blaulicht\/nr\/50510\" rel=\"nofollow noopener\" target=\"_blank\">Polizei Duisburg<\/a>\n                    <\/p>\n<p><a data-category=\"citylink-story-view\" data-action=\"click\" data-label=\"Citylink in Meldungsansicht\" class=\"story-city event-trigger\" href=\"https:\/\/www.presseportal.de\/regional\/Duisburg\" title=\"News aus Duisburg \" rel=\"nofollow noopener\" target=\"_blank\">Duisburg<\/a> (ots)<\/p>\n<p>In der Nacht zu Mittwoch (25. Februar) kam es gegen 2:10 Uhr zu einem versuchten Raub\u00fcberfall auf einen Taxifahrer (57). Ein maskierter Unbekannter hatte zuvor telefonisch das Taxi zur Marienstra\u00dfe angefordert.<\/p>\n<p>Als der 57-J\u00e4hrige ankam, setzte sich der T\u00e4ter in das Fahrzeug und forderte unter Vorhalt einer Schreckschusswaffe die Herausgabe der Geldb\u00f6rse des Fahrers. Der Taxifahrer weigerte sich jedoch, seine Wertsachen herauszugeben. Es kam daraufhin zu einer k\u00f6rperlichen Auseinandersetzung zwischen den beiden. Der T\u00e4ter fl\u00fcchtete schlie\u00dflich fu\u00dfl\u00e4ufig ohne Beute in unbekannte Richtung. Der 57-J\u00e4hrige erlitt kleinere Verletzungen, verzichtete jedoch auf eine \u00e4rztliche Behandlung vor Ort.<\/p>\n<p>Das Kriminalkommissariat 13 hat die Ermittlungen aufgenommen und sucht Zeuginnen und Zeugen, die Angaben zu dem maskierten T\u00e4ter machen k\u00f6nnen. Laut Angaben des Taxifahrers trug er schwarze Kleidung und Handschuhe. Hinweise werden unter der Telefonnummer 0203 2800 entgegengenommen.<\/p>\n<p class=\"contact-headline\">Journalisten wenden sich mit R\u00fcckfragen bitte an:<\/p>\n<p class=\"contact-text\">Polizei Duisburg<br \/>&#8211; Pressestelle &#8211;<br \/>Polizei Duisburg<br \/>Telefon: 0203 280 -1041, -1045, -1046, -1047<br \/>Fax: 0203 280 1049<br \/>E-Mail: <a href=\"https:\/\/www.presseportal.de\/blaulicht\/pm\/50510\/mailto: pressestelle.duisburg@polizei.nrw.de\" class=\"uri-mailto\" rel=\"nofollow noopener\" target=\"_blank\"> pressestelle.duisburg@polizei.nrw.de<\/a><br \/><a target=\"_blank\" class=\"uri-ext outbound\" rel=\"noopener nofollow\" href=\"https:\/\/duisburg.polizei.nrw\">https:\/\/duisburg.polizei.nrw<\/a><\/p>\n<p>au\u00dferhalb der B\u00fcrodienstzeiten:<br \/>Polizei Duisburg<br \/>Telefon: 0203 2800<\/p>\n<p class=\"originator\">Original-Content von: Polizei Duisburg, \u00fcbermittelt durch news aktuell<\/p>\n","protected":false},"excerpt":{"rendered":"25.02.2026 \u2013 14:30 Polizei Duisburg Duisburg (ots) In der Nacht zu Mittwoch (25. Februar) kam es gegen 2:10&hellip;\n","protected":false},"author":2,"featured_media":386213,"comment_status":"","ping_status":"","sticky":false,"template":"","format":"standard","meta":{"footnotes":"","_share_on_mastodon":"0"},"categories":[1838],"tags":[3364,29,3715,30,177,1209,176,121,178,180,179,181],"class_list":["post-825643","post","type-post","status-publish","format-standard","has-post-thumbnail","category-duisburg","tag-de","tag-deutschland","tag-duisburg","tag-germany","tag-kriminalitt","tag-nordrhein-westfalen","tag-nrw","tag-polizei","tag-presse","tag-pressemeldung","tag-pressemitteilung","tag-pressemitteilungen"],"share_on_mastodon":{"url":"https:\/\/pubeurope.com\/@de\/116133676107795515","error":""},"_links":{"self":[{"href":"https:\/\/www.europesays.com\/de\/wp-json\/wp\/v2\/posts\/825643","targetHints":{"allow":["GET"]}}],"collection":[{"href":"https:\/\/www.europesays.com\/de\/wp-json\/wp\/v2\/posts"}],"about":[{"href":"https:\/\/www.europesays.com\/de\/wp-json\/wp\/v2\/types\/post"}],"author":[{"embeddable":true,"href":"https:\/\/www.europesays.com\/de\/wp-json\/wp\/v2\/users\/2"}],"replies":[{"embeddable":true,"href":"https:\/\/www.europesays.com\/de\/wp-json\/wp\/v2\/comments?post=825643"}],"version-history":[{"count":0,"href":"https:\/\/www.europesays.com\/de\/wp-json\/wp\/v2\/posts\/825643\/revisions"}],"wp:featuredmedia":[{"embeddable":true,"href":"https:\/\/www.europesays.com\/de\/wp-json\/wp\/v2\/media\/386213"}],"wp:attachment":[{"href":"https:\/\/www.europesays.com\/de\/wp-json\/wp\/v2\/media?parent=825643"}],"wp:term":[{"taxonomy":"category","embeddable":true,"href":"https:\/\/www.europesays.com\/de\/wp-json\/wp\/v2\/categories?post=825643"},{"taxonomy":"post_tag","embeddable":true,"href":"https:\/\/www.europesays.com\/de\/wp-json\/wp\/v2\/tags?post=825643"}],"curies":[{"name":"wp","href":"https:\/\/api.w.org\/{rel}","templated":true}]}}