{"id":825812,"date":"2026-02-26T00:18:16","date_gmt":"2026-02-26T00:18:16","guid":{"rendered":"https:\/\/www.europesays.com\/de\/825812\/"},"modified":"2026-02-26T00:18:16","modified_gmt":"2026-02-26T00:18:16","slug":"kritik-an-sanierungsspolitik-der-leg-in-garath","status":"publish","type":"post","link":"https:\/\/www.europesays.com\/de\/825812\/","title":{"rendered":"Kritik an Sanierungsspolitik der LEG in Garath"},"content":{"rendered":"<p class=\"text_ohne_einzug richtext text-em-55 !leading-serif mx-6 desktop:mx-0\">Nils Meckenstock hatte bei seinem Besuch in der Sitzung der Bezirksvertretung (BV) 10 am Dienstagabend einen schweren Stand. Er ist gerade mal seit dem 1. Januar Niederlassungsleiter D\u00fcsseldorf des Wohnungsriesen LEG \u2013 wobei sein Zust\u00e4ndigkeitsbereich von, wie er bei seiner Vorstellung sagte, M\u00f6nchengladbach bis Siegen reicht. Von vielen Seiten gab es in der Sitzung m\u00e4chtig Kritik daran, wie die LEG ihren Wohnungsbestand im Stadtteil in Schuss h\u00e4lt.<\/p>\n","protected":false},"excerpt":{"rendered":"Nils Meckenstock hatte bei seinem Besuch in der Sitzung der Bezirksvertretung (BV) 10 am Dienstagabend einen schweren Stand.&hellip;\n","protected":false},"author":2,"featured_media":825813,"comment_status":"","ping_status":"","sticky":false,"template":"","format":"standard","meta":{"footnotes":"","_share_on_mastodon":"0"},"categories":[1831],"tags":[186,17127,20151,3364,29,3405,7852,30,27382,1209,626,90896,185012],"class_list":["post-825812","post","type-post","status-publish","format-standard","has-post-thumbnail","category-duesseldorf","tag-afd","tag-aufzuege","tag-bezirksvertretung","tag-de","tag-deutschland","tag-duesseldorf","tag-garath","tag-germany","tag-leg","tag-nordrhein-westfalen","tag-wohnung","tag-wohnungsbestand","tag-wohnungsriesens"],"share_on_mastodon":{"url":"https:\/\/pubeurope.com\/@de\/116134065282244648","error":""},"_links":{"self":[{"href":"https:\/\/www.europesays.com\/de\/wp-json\/wp\/v2\/posts\/825812","targetHints":{"allow":["GET"]}}],"collection":[{"href":"https:\/\/www.europesays.com\/de\/wp-json\/wp\/v2\/posts"}],"about":[{"href":"https:\/\/www.europesays.com\/de\/wp-json\/wp\/v2\/types\/post"}],"author":[{"embeddable":true,"href":"https:\/\/www.europesays.com\/de\/wp-json\/wp\/v2\/users\/2"}],"replies":[{"embeddable":true,"href":"https:\/\/www.europesays.com\/de\/wp-json\/wp\/v2\/comments?post=825812"}],"version-history":[{"count":0,"href":"https:\/\/www.europesays.com\/de\/wp-json\/wp\/v2\/posts\/825812\/revisions"}],"wp:featuredmedia":[{"embeddable":true,"href":"https:\/\/www.europesays.com\/de\/wp-json\/wp\/v2\/media\/825813"}],"wp:attachment":[{"href":"https:\/\/www.europesays.com\/de\/wp-json\/wp\/v2\/media?parent=825812"}],"wp:term":[{"taxonomy":"category","embeddable":true,"href":"https:\/\/www.europesays.com\/de\/wp-json\/wp\/v2\/categories?post=825812"},{"taxonomy":"post_tag","embeddable":true,"href":"https:\/\/www.europesays.com\/de\/wp-json\/wp\/v2\/tags?post=825812"}],"curies":[{"name":"wp","href":"https:\/\/api.w.org\/{rel}","templated":true}]}}