{"id":825857,"date":"2026-02-26T00:44:25","date_gmt":"2026-02-26T00:44:25","guid":{"rendered":"https:\/\/www.europesays.com\/de\/825857\/"},"modified":"2026-02-26T00:44:25","modified_gmt":"2026-02-26T00:44:25","slug":"die-frauen-in-staffel-21","status":"publish","type":"post","link":"https:\/\/www.europesays.com\/de\/825857\/","title":{"rendered":"Die Frauen in Staffel 21"},"content":{"rendered":"<p class=\"mb-6 text-xs md:text-m lg:text-l font-serif group-[.font-sans]:font-sans \">\n    Der Wettbewerb um den Titel \u201eGermany\u2019s Next Topmodel\u201c geht 2026 in eine neue Runde\u00a0\u2013 seit Mittwoch, den 11. Februar 2026, sucht Chefjurorin Heidi Klum erneut nach frischen Model-Talenten. Wie bereits in den vergangenen Jahren stehen die T\u00fcren der 21. Staffel sowohl Frauen als auch M\u00e4nnern offen. Die <a href=\"https:\/\/www.augsburger-allgemeine.de\/panorama\/tv\/gntm-2026-start-sendetermine-von-staffel-21-25-2-26-113139108\" target=\"_self\" class=\"underline \" rel=\"nofollow noopener\">Sendetermine<\/a> laufen bis auf Weiteres nach Geschlechtern getrennt: Die Folgen mit den weiblichen Kandidaten werden donnerstags um 20.15 Uhr linear auf ProSieben und bei Joyn im Livestream <a href=\"https:\/\/www.augsburger-allgemeine.de\/panorama\/tv\/gntm-2026-uebertragung-und-wiederholung-im-tv-und-stream-ganze-folgen-staffel-21-25-2-26-113414178\" target=\"_self\" class=\"underline \" rel=\"nofollow noopener\">\u00fcbertragen<\/a>. Ladies first? Hier ausnahmsweise mal nicht. Die <a href=\"https:\/\/www.augsburger-allgemeine.de\/panorama\/tv\/gntm-2026-kandidaten-alle-maenner-in-staffel-21-die-teilnehmer-vorgestellt-25-2-2026-113453063\" target=\"_self\" class=\"underline \" rel=\"nofollow noopener\">M\u00e4nner<\/a> sind jeweils schon mittwochs dran. Diese Aufteilung wird vermutlich erst gegen Ende der Staffel aufgebrochen, sofern der Sender bei seiner vorj\u00e4hrigen Prozedur bleibt.\n  <\/p>\n<p class=\"mb-6 text-xs md:text-m lg:text-l font-serif group-[.font-sans]:font-sans \">\n    Zum Auftakt der 21. Staffel wurde Heidi Klum von Star-Fotograf Rankin in einem <a href=\"https:\/\/www.joyn.de\/serien\/germanys-next-topmodel\" rel=\"nofollow noopener\" target=\"_blank\" class=\"underline \">Los-Angeles\u2011Setting<\/a> abgelichtet. Das Motiv zeigt die Gastgeberin vor einer grafisch gestalteten Kulisse aus warmen Farbt\u00f6nen und stilisierten Palmen. Klum steuert zudem den Opener der neuen Staffel bei: Sie singt \u201eRed Eye\u201c, produziert von Diplo. Parallel startete ProSieben eine umfassende Marketingkampagne, die das Format bereits vor dem Staffelbeginn breit sichtbar machte.\n  <\/p>\n<p class=\"mb-6 text-xs md:text-m lg:text-l font-serif group-[.font-sans]:font-sans \">\n    Beim offenen Casting in K\u00f6ln stellten sich Hunderte Frauen der Jury, um einen der begehrten Pl\u00e4tze im Wettbewerb zu ergattern. Unterst\u00fctzt von Mode-Ikone <a href=\"https:\/\/www.augsburger-allgemeine.de\/panorama\/tv\/gntm-2026-jury-die-juroren-in-staffel-21-25-2-26-113347481\" target=\"_self\" class=\"underline \" rel=\"nofollow noopener\">Jean Paul Gaultier<\/a> w\u00e4hlte Heidi Klum schlie\u00dflich 27 Teilnehmerinnen aus, die ihren Traum von einer Karriere als Model in der neuen Staffel weiterverfolgen d\u00fcrfen. Hier lesen Sie, wer die Kandidatinnen der 21. Staffel sind \u2013 und was sie ausmacht.\n  <\/p>\n<p>            GNTM 2026: Alle Kandidatinnen im \u00dcberblick \u2013 diese Frauen nehmen an Staffel 21 teil<\/p>\n<p class=\"mb-6 text-xs md:text-m lg:text-l font-serif group-[.font-sans]:font-sans \">\n    Hier zun\u00e4chst einmal eine \u00dcbersicht der Teilnehmerinnen:\n  <\/p>\n<ul rel=\"\" class=\"[&amp;&gt;li]:relative list-none  [&amp;&gt;li]:pl-[1.2em] [&amp;&gt;li]:marker:text-[0] [&amp;&gt;li]:relative [&amp;&gt;li]:before:absolute [&amp;&gt;li]:before:w-3 [&amp;&gt;li]:before:h-3 [&amp;&gt;li]:before:bg-brand [&amp;&gt;li]:before:left-0 [&amp;&gt;li]:before:top-[8px] [&amp;&gt;li]:before:rounded-full  my-5\">\n<li class=\" mb-3 text-xs md:text-m lg:text-l\">Alisa, 27 Jahre, aus Unterhaching<\/li>\n<li class=\" mb-3 text-xs md:text-m lg:text-l\">Angie, 26 Jahre, aus K\u00f6ln<\/li>\n<li class=\" mb-3 text-xs md:text-m lg:text-l\">Anika, 27 Jahre, aus Paderborn<\/li>\n<li class=\" mb-3 text-xs md:text-m lg:text-l\">Anna, 22 Jahre, aus dem Landkreis Rosenheim<\/li>\n<li class=\" mb-3 text-xs md:text-m lg:text-l\">Antonia, 19 Jahre, aus K\u00f6ln<\/li>\n<li class=\" mb-3 text-xs md:text-m lg:text-l\">Aurelie, 21 Jahre, aus Pulheim<\/li>\n<li class=\" mb-3 text-xs md:text-m lg:text-l\">Bianca, 47 Jahre, aus Luzern (CH)<\/li>\n<li class=\" mb-3 text-xs md:text-m lg:text-l\">Cl\u00e9o, 19 Jahre, aus M\u00fcnchen<\/li>\n<li class=\" mb-3 text-xs md:text-m lg:text-l\">Daphne, 25 Jahre, aus Pulheim<\/li>\n<li class=\" mb-3 text-xs md:text-m lg:text-l\">Dilara, 23 Jahre, aus Hannover<\/li>\n<li class=\" mb-3 text-xs md:text-m lg:text-l\">Eileen, 19 Jahre, aus dem Alb\u2011Donau\u2011Kreis<\/li>\n<li class=\" mb-3 text-xs md:text-m lg:text-l\">Janet, 24 Jahre, aus Dortmund<\/li>\n<li class=\" mb-3 text-xs md:text-m lg:text-l\">Julia, 25 Jahre, aus dem Landkreis Wesermarsch<\/li>\n<li class=\" mb-3 text-xs md:text-m lg:text-l\">Juliet, 24 Jahre, aus Dortmund<\/li>\n<li class=\" mb-3 text-xs md:text-m lg:text-l\">Juna, 23 Jahre, aus M\u00fcnchen<\/li>\n<li class=\" mb-3 text-xs md:text-m lg:text-l\">Kim, 24 Jahre, aus Berlin<\/li>\n<li class=\" mb-3 text-xs md:text-m lg:text-l\">Lara, 19 Jahre, aus Salzdetfurth<\/li>\n<li class=\" mb-3 text-xs md:text-m lg:text-l\">Lola, 19 Jahre, aus Berlin<\/li>\n<li class=\" mb-3 text-xs md:text-m lg:text-l\">Marie, 23 Jahre, aus Aachen<\/li>\n<li class=\" mb-3 text-xs md:text-m lg:text-l\">Marlene, 20 Jahre, aus Erftstadt<\/li>\n<li class=\" mb-3 text-xs md:text-m lg:text-l\">Merret, 20 Jahre, aus Berlin<\/li>\n<li class=\" mb-3 text-xs md:text-m lg:text-l\">Nana, 24 Jahre, aus Frechen<\/li>\n<li class=\" mb-3 text-xs md:text-m lg:text-l\">Sina, 23 Jahre, aus dem Landkreis Merzig\u2011Wadern<\/li>\n<li class=\" mb-3 text-xs md:text-m lg:text-l\">Sophie, 18 Jahre, aus K\u00f6ln<\/li>\n<li class=\" mb-3 text-xs md:text-m lg:text-l\">Stella, 21 Jahre, aus Bonn<\/li>\n<li class=\" mb-3 text-xs md:text-m lg:text-l\">Ursula, 54 Jahre, aus Ascona (CH)<\/li>\n<li class=\" mb-3 text-xs md:text-m lg:text-l\">Vanessa, 19 Jahre, aus G\u00f6ttingen<\/li>\n<\/ul>\n<p>            Kandidatinnen \u201eGNTM\u201c 2026: Die Teilnehmerinnen der Staffel 21 vorgestellt<\/p>\n<p class=\"mb-6 text-xs md:text-m lg:text-l font-serif group-[.font-sans]:font-sans \">\n    <strong class=\"font-bold\">Alisa, 27 Jahre, aus Unterhaching:<\/strong> \u201eIch will ein Statement f\u00fcr Curvy Models setzen, alle sind sch\u00f6n, egal ob mehr oder weniger Kurven\u201c\n  <\/p>\n<p>    <img decoding=\"async\" src=\"https:\/\/images.mgpd.de\/img\/113478031\/crop\/c16_9-w100\/1615168690\/470083098\/3282492-verbessert-sr.jpg\" alt=\"Alisa\" title=\"Alisa\" loading=\"lazy\" class=\"h-full w-full object-cover\"\/><\/p>\n<p>      Icon vergr\u00f6\u00dfern<\/p>\n<p>    Alisa<br \/>\n    Foto: ProSieben\/Daniel Graf<\/p>\n<p>        Schlie\u00dfen <\/p>\n<p>      Icon Schlie\u00dfen<\/p>\n<p>        Icon vergr\u00f6\u00dfern<\/p>\n<p>        Icon verkleinern<\/p>\n<p>      Icon Pfeil bewegen<\/p>\n<p>    Alisa<br \/>\n    Foto: ProSieben\/Daniel Graf<\/p>\n<p class=\"mb-6 text-xs md:text-m lg:text-l font-serif group-[.font-sans]:font-sans \">\n    Alisa ist bereits im Showbusiness t\u00e4tig und arbeitet au\u00dferdem als Project Assistant. Die 27-J\u00e4hrige aus dem Landkreis M\u00fcnchen hat sich mit ihrer Schauspielkarriere einen gro\u00dfen Traum erf\u00fcllt. F\u00fcr die Zukunft w\u00fcnscht sie sich zus\u00e4tzlich eine Laufbahn als Model. Bei #GNTM m\u00f6chte sie zeigen, wie vielseitig sie ist, und als Curvy Model beweisen, dass Sch\u00f6nheit in jeder Form existiert \u2013 unabh\u00e4ngig davon, ob jemand mehr oder weniger Kurven hat.\n  <\/p>\n<p class=\"mb-6 text-xs md:text-m lg:text-l font-serif group-[.font-sans]:font-sans \">\n    <strong class=\"font-bold\">Anika, 27 Jahre, aus Paderborn<\/strong>: \u201eMein Traum, mich als Model ohne Haare zu zeigen, ist wahr geworden\u201c\n  <\/p>\n<p>    <img decoding=\"async\" src=\"https:\/\/www.europesays.com\/de\/wp-content\/uploads\/2026\/02\/3282694-verbessert-sr.jpg\" alt=\"Anika\" title=\"Anika\" loading=\"lazy\" class=\"h-full w-full object-cover\"\/><\/p>\n<p>      Icon vergr\u00f6\u00dfern<\/p>\n<p>    Anika<br \/>\n    Foto: ProSieben\/Daniel Graf<\/p>\n<p>        Schlie\u00dfen <\/p>\n<p>      Icon Schlie\u00dfen<\/p>\n<p>        Icon vergr\u00f6\u00dfern<\/p>\n<p>        Icon verkleinern<\/p>\n<p>      Icon Pfeil bewegen<\/p>\n<p>    Anika<br \/>\n    Foto: ProSieben\/Daniel Graf<\/p>\n<p class=\"mb-6 text-xs md:text-m lg:text-l font-serif group-[.font-sans]:font-sans \">\n    Anika ist 27 Jahre alt und arbeitet als Sozialarbeiterin in der Kinder\u2011 und Jugendhilfe. Ihren Ausgleich findet sie in der Spiritualit\u00e4t, die sie durch Yoga, Manifestieren und Journalen lebt. Als sehr aktiver Mensch braucht sie st\u00e4ndig Bewegung, Abwechslung und neue Eindr\u00fccke \u2013 stundenlang zu Hause sitzen ist nichts f\u00fcr sie. Reisen spielt deshalb eine gro\u00dfe Rolle in ihrem Leben. Heidi Klum sieht sie als Vorbild, weil sie Individualit\u00e4t und Vielfalt in der Modewelt f\u00f6rdert.\n  <\/p>\n<p class=\"mb-6 text-xs md:text-m lg:text-l font-serif group-[.font-sans]:font-sans \">\n    <strong class=\"font-bold\">Anna, 22 Jahre, aus dem Landkreis Rosenheim:<\/strong> \u201eIch bin ein einfaches M\u00e4dchen vom Land\u201c\n  <\/p>\n<p>    <img decoding=\"async\" src=\"https:\/\/images.mgpd.de\/img\/113478062\/crop\/c16_9-w100\/711841658\/1320252948\/3315413-verbessert-sr.jpg\" alt=\"Anna\" title=\"Anna\" loading=\"lazy\" class=\"h-full w-full object-cover\"\/><\/p>\n<p>      Icon vergr\u00f6\u00dfern<\/p>\n<p>    Anna<br \/>\n    Foto: ProSieben\/Daniel Graf<\/p>\n<p>        Schlie\u00dfen <\/p>\n<p>      Icon Schlie\u00dfen<\/p>\n<p>        Icon vergr\u00f6\u00dfern<\/p>\n<p>        Icon verkleinern<\/p>\n<p>      Icon Pfeil bewegen<\/p>\n<p>    Anna<br \/>\n    Foto: ProSieben\/Daniel Graf<\/p>\n<p class=\"mb-6 text-xs md:text-m lg:text-l font-serif group-[.font-sans]:font-sans \">\n    Die 22\u2011j\u00e4hrige Pflegefachfrau aus dem Chiemgauer Alpenland m\u00f6chte nun erstmals in die Mode- und Werbebranche einsteigen. Besonders hervorstechend sind ihre strahlend blauen Augen. Sport spielt in Annas Leben seit jeher eine gro\u00dfe Rolle \u2013 vor allem Tennis und Fu\u00dfball. Au\u00dferdem liebt sie es, sich zu stylen, Gesellschaftsspiele zu spielen und Horrorfilme zu schauen.\n  <\/p>\n<p class=\"mb-6 text-xs md:text-m lg:text-l font-serif group-[.font-sans]:font-sans \">\n    <strong class=\"font-bold\">Antonia, 19 Jahre, aus K\u00f6ln: <\/strong>\u201eIch m\u00f6chte die Ideen der Designer mit dem Toni-Touch zum Leben erwecken\u201c\n  <\/p>\n<p>    <img decoding=\"async\" src=\"https:\/\/images.mgpd.de\/img\/113478085\/crop\/c16_9-w100\/998392690\/1205271837\/antonia.jpg\" alt=\"Antonia\" title=\"Antonia\" loading=\"lazy\" class=\"h-full w-full object-cover\"\/><\/p>\n<p>      Icon vergr\u00f6\u00dfern<\/p>\n<p>    Antonia<br \/>\n    Foto: ProSieben\/Daniel Graf<\/p>\n<p>        Schlie\u00dfen <\/p>\n<p>      Icon Schlie\u00dfen<\/p>\n<p>        Icon vergr\u00f6\u00dfern<\/p>\n<p>        Icon verkleinern<\/p>\n<p>      Icon Pfeil bewegen<\/p>\n<p>    Antonia<br \/>\n    Foto: ProSieben\/Daniel Graf<\/p>\n<p class=\"mb-6 text-xs md:text-m lg:text-l font-serif group-[.font-sans]:font-sans \">\n    Die 19\u2011j\u00e4hrige Antonia arbeitet als Kellnerin und hat australisch\u2011deutsche Wurzeln. Mode, Volleyball und seit Kurzem auch Techno geh\u00f6ren zu ihren gr\u00f6\u00dften Leidenschaften. Au\u00dferdem spielt sie begeistert Schach, ein Hobby, das ihr Vater ihr schon fr\u00fch n\u00e4herbrachte. \u201eGermany\u2019s Next Topmodel\u201c sieht sie als Chance, wertvolle Erfahrungen zu sammeln und ihre Karriere aufzubauen.\n  <\/p>\n<p class=\"mb-6 text-xs md:text-m lg:text-l font-serif group-[.font-sans]:font-sans \">\n    <strong class=\"font-bold\">Aurelie, 21 Jahre, aus Pulheim:<\/strong> \u201eMein Bekanntenkreis sagt mir, dass ich auf jeden Fall das Potenzial zum Modeln habe und auch ich sehe das so\u201c\n  <\/p>\n<p>    <img decoding=\"async\" src=\"https:\/\/images.mgpd.de\/img\/113478095\/crop\/c16_9-w100\/1269123974\/1189818082\/aurelie.jpg\" alt=\"Aurelie\" title=\"Aurelie\" loading=\"lazy\" class=\"h-full w-full object-cover\"\/><\/p>\n<p>      Icon vergr\u00f6\u00dfern<\/p>\n<p>    Aurelie<br \/>\n    Foto: ProSieben\/Daniel Graf<\/p>\n<p>        Schlie\u00dfen <\/p>\n<p>      Icon Schlie\u00dfen<\/p>\n<p>        Icon vergr\u00f6\u00dfern<\/p>\n<p>        Icon verkleinern<\/p>\n<p>      Icon Pfeil bewegen<\/p>\n<p>    Aurelie<br \/>\n    Foto: ProSieben\/Daniel Graf<\/p>\n<p class=\"mb-6 text-xs md:text-m lg:text-l font-serif group-[.font-sans]:font-sans \">\n    Die 21\u2011j\u00e4hrige Flugbegleiterin Aur\u00e9lie aus Pulheim hat ein klares Ziel: #GNTM. Mit ihrer offenen, humorvollen Art m\u00f6chte sie Heidi und das Publikum f\u00fcr sich gewinnen. Ihr Umfeld beschreibt sie als selbstbewusst und optisch auff\u00e4llig. Als ehemalige Cheerleaderin liebt sie den Teamsport \u2013 nun will sie zeigen, dass sie auch solo gl\u00e4nzen kann.\n  <\/p>\n<p class=\"mb-6 text-xs md:text-m lg:text-l font-serif group-[.font-sans]:font-sans \">\n    <strong class=\"font-bold\">Bianca, 47 Jahre, aus Luzern (CH):<\/strong> \u201eIch m\u00f6chte das erste Best-Ager Model sein, das gewinnt\u201c\n  <\/p>\n<p>    <img decoding=\"async\" src=\"https:\/\/images.mgpd.de\/img\/113478134\/crop\/c16_9-w100\/1840328891\/343153585\/bianca.jpg\" alt=\"Bianca\" title=\"Bianca\" loading=\"lazy\" class=\"h-full w-full object-cover\"\/><\/p>\n<p>      Icon vergr\u00f6\u00dfern<\/p>\n<p>    Bianca<br \/>\n    Foto: ProSieben\/Daniel Graf<\/p>\n<p>        Schlie\u00dfen <\/p>\n<p>      Icon Schlie\u00dfen<\/p>\n<p>        Icon vergr\u00f6\u00dfern<\/p>\n<p>        Icon verkleinern<\/p>\n<p>      Icon Pfeil bewegen<\/p>\n<p>    Bianca<br \/>\n    Foto: ProSieben\/Daniel Graf<\/p>\n<p class=\"mb-6 text-xs md:text-m lg:text-l font-serif group-[.font-sans]:font-sans \">\n    Bianca ist 47, halb Schweizerin, halb S\u00fcdafrikanerin und arbeitet als Model, Autorin und Yogaschul\u2011Inhaberin. Mit 14 startete sie ihre Modelkarriere, mit 24 wurde sie Miss Schweiz. Jetzt m\u00f6chte sie bei #GNTM zeigen, dass Sch\u00f6nheit kein Alterslimit kennt. Ihre Mission: Menschen dazu inspirieren, \u00c4lterwerden als pers\u00f6nlichen Wachstumspfad zu begreifen.\n  <\/p>\n<p class=\"mb-6 text-xs md:text-m lg:text-l font-serif group-[.font-sans]:font-sans \">\n    <strong class=\"font-bold\">Cl\u00e9o, 19 Jahre, aus <a href=\"https:\/\/www.augsburger-allgemeine.de\/orte\/aa-muenchen\" target=\"_self\" class=\"underline \" rel=\"nofollow noopener\">M\u00fcnchen<\/a>:<\/strong> \u201eIch will mir beweisen, dass ich all das schaffen kann, was ich mir vornehme\u201c\n  <\/p>\n<p>    <img decoding=\"async\" src=\"https:\/\/images.mgpd.de\/img\/113478143\/crop\/c16_9-w100\/1155636607\/412773380\/cleo.jpg\" alt=\"Cl\u00e9o\" title=\"Cl\u00e9o\" loading=\"lazy\" class=\"h-full w-full object-cover\"\/><\/p>\n<p>      Icon vergr\u00f6\u00dfern<\/p>\n<p>    Cl\u00e9o<br \/>\n    Foto: ProSieben\/Daniel Graf<\/p>\n<p>        Schlie\u00dfen <\/p>\n<p>      Icon Schlie\u00dfen<\/p>\n<p>        Icon vergr\u00f6\u00dfern<\/p>\n<p>        Icon verkleinern<\/p>\n<p>      Icon Pfeil bewegen<\/p>\n<p>    Cl\u00e9o<br \/>\n    Foto: ProSieben\/Daniel Graf<\/p>\n<p class=\"mb-6 text-xs md:text-m lg:text-l font-serif group-[.font-sans]:font-sans \">\n    Cl\u00e9o studiert Geographie in M\u00fcnchen und will sich bei #GNTM beweisen. Mit markanten Augen, viel Lernbereitschaft und echter Kritikf\u00e4higkeit tritt die 19\u2011J\u00e4hrige an, um ein Vorbild zu sein. Neben Singen und Backen tr\u00e4umt sie davon, f\u00fcr Jacquemus zu laufen oder eine Nike\u2011Kampagne zu shooten. Sie spricht mehrere Sprachen, darunter Franz\u00f6sisch und Ewe, und folgt den Mottos \u201eYOLO\u201c und \u201eJust do it\u201c, um ihre Zukunft als Model zu gestalten.\n  <\/p>\n<p class=\"mb-6 text-xs md:text-m lg:text-l font-serif group-[.font-sans]:font-sans \">\n    <strong class=\"font-bold\">Daphne, 25 Jahre, aus Pulheim: <\/strong>\u201eIch will nicht nur h\u00fcbsch sein, sondern wirken \u2013 und ich bin \u00fcberzeugt, dass mich das bei #GNTM weit bringen wird\u201c\n  <\/p>\n<p>    <img decoding=\"async\" src=\"https:\/\/images.mgpd.de\/img\/113478163\/crop\/c16_9-w100\/259861678\/199496677\/daphne.jpg\" alt=\"Daphne\" title=\"Daphne\" loading=\"lazy\" class=\"h-full w-full object-cover\"\/><\/p>\n<p>      Icon vergr\u00f6\u00dfern<\/p>\n<p>    Daphne<br \/>\n    Foto: ProSieben\/Daniel Graf<\/p>\n<p>        Schlie\u00dfen <\/p>\n<p>      Icon Schlie\u00dfen<\/p>\n<p>        Icon vergr\u00f6\u00dfern<\/p>\n<p>        Icon verkleinern<\/p>\n<p>      Icon Pfeil bewegen<\/p>\n<p>    Daphne<br \/>\n    Foto: ProSieben\/Daniel Graf<\/p>\n<p class=\"mb-6 text-xs md:text-m lg:text-l font-serif group-[.font-sans]:font-sans \">\n    Daphne bringt Feuer, Leidenschaft und Energie zu #GNTM. Die 25\u2011J\u00e4hrige aus Pulheim mit ecuadorianischen Wurzeln hat bereits f\u00fcr Onlineplattformen und Musikvideos gemodelt und sucht nun eine neue B\u00fchne f\u00fcr ihren gro\u00dfen Traum. Wenn sie nicht vor der Kamera steht, arbeitet sie in einem M\u00f6belhaus. Bei #GNTM m\u00f6chte sie vor allem mit ihrer Pers\u00f6nlichkeit, ihren Bambi\u2011Augen und ihren Locken \u00fcberzeugen.\n  <\/p>\n<p class=\"mb-6 text-xs md:text-m lg:text-l font-serif group-[.font-sans]:font-sans \">\n    <strong class=\"font-bold\">Dilara, 23 Jahre, aus Hannover:<\/strong> \u201eIch bin einfach ich selbst und das zieht Leute an\u201c\n  <\/p>\n<p>    <img decoding=\"async\" src=\"https:\/\/images.mgpd.de\/img\/113478170\/crop\/c16_9-w100\/2064082834\/2097262399\/dilara.jpg\" alt=\"Dilara\" title=\"Dilara\" loading=\"lazy\" class=\"h-full w-full object-cover\"\/><\/p>\n<p>      Icon vergr\u00f6\u00dfern<\/p>\n<p>    Dilara<br \/>\n    Foto: ProSieben\/Daniel Graf<\/p>\n<p>        Schlie\u00dfen <\/p>\n<p>      Icon Schlie\u00dfen<\/p>\n<p>        Icon vergr\u00f6\u00dfern<\/p>\n<p>        Icon verkleinern<\/p>\n<p>      Icon Pfeil bewegen<\/p>\n<p>    Dilara<br \/>\n    Foto: ProSieben\/Daniel Graf<\/p>\n<p class=\"mb-6 text-xs md:text-m lg:text-l font-serif group-[.font-sans]:font-sans \">\n    Dilara, 23 aus Hannover, arbeitet als Gesundheits\u2011 und Krankenpflegerin in einer psychiatrischen Einrichtung. Mit ihren 1,80\u202fm und ihren Locken f\u00e4llt sie sofort ins Auge. In ihrer Freizeit verbringt sie gern Zeit mit Freunden, ihrem Partner und ihrer Familie. Au\u00dferdem liebt sie Reisen, Shopping und das Posieren vor der Kamera.\n  <\/p>\n<p class=\"mb-6 text-xs md:text-m lg:text-l font-serif group-[.font-sans]:font-sans \">\n    <strong class=\"font-bold\">Eileen, 19 Jahre, aus dem Alb\u2010Donau\u2010Kreis:<\/strong> \u201eIch bin stolz auf meine Gr\u00f6\u00dfe und das sollte jede andere Frau auch sein\u201c\n  <\/p>\n<p>    <img decoding=\"async\" src=\"https:\/\/images.mgpd.de\/img\/113478172\/crop\/c16_9-w100\/1060599006\/1686806537\/eileen.jpg\" alt=\"Eileen\" title=\"Eileen\" loading=\"lazy\" class=\"h-full w-full object-cover\"\/><\/p>\n<p>      Icon vergr\u00f6\u00dfern<\/p>\n<p>    Eileen<br \/>\n    Foto: ProSieben\/Daniel Graf<\/p>\n<p>        Schlie\u00dfen <\/p>\n<p>      Icon Schlie\u00dfen<\/p>\n<p>        Icon vergr\u00f6\u00dfern<\/p>\n<p>        Icon verkleinern<\/p>\n<p>      Icon Pfeil bewegen<\/p>\n<p>    Eileen<br \/>\n    Foto: ProSieben\/Daniel Graf<\/p>\n<p class=\"mb-6 text-xs md:text-m lg:text-l font-serif group-[.font-sans]:font-sans \">\n    Mit ihren gut 1,80 sticht die Verk\u00e4uferin im Textileinzelhandel sofort ins Auge. Abseits ihres Interesses f\u00fcr Mode ist die Techno-Liebhaberin gerne in der Natur unterwegs. Nun tr\u00e4umt sie davon, bei \u201eGNTM\u201c eine Karriere ins Model-Business zu starten.\n  <\/p>\n<p class=\"mb-6 text-xs md:text-m lg:text-l font-serif group-[.font-sans]:font-sans \">\n    <strong class=\"font-bold\">Julia, 25 Jahre, aus dem Landkreis Wesermarsch: <\/strong>\u201eIch h\u00e4tte gerne mein Gesicht in Badezimmern auf der ganzen Welt\u201c\n  <\/p>\n<p>    <img decoding=\"async\" src=\"https:\/\/images.mgpd.de\/img\/113480078\/crop\/c16_9-w100\/379876835\/1879195657\/julia-2.jpg\" alt=\"Julia\" title=\"Julia\" loading=\"lazy\" class=\"h-full w-full object-cover\"\/><\/p>\n<p>      Icon vergr\u00f6\u00dfern<\/p>\n<p>    Julia<br \/>\n    Foto: ProSieben\/Daniel Graf<\/p>\n<p>        Schlie\u00dfen <\/p>\n<p>      Icon Schlie\u00dfen<\/p>\n<p>        Icon vergr\u00f6\u00dfern<\/p>\n<p>        Icon verkleinern<\/p>\n<p>      Icon Pfeil bewegen<\/p>\n<p>    Julia<br \/>\n    Foto: ProSieben\/Daniel Graf<\/p>\n<p class=\"mb-6 text-xs md:text-m lg:text-l font-serif group-[.font-sans]:font-sans \">\n    Julia, 25, studiert und lebt nach dem Motto \u201eEinfach mal machen!\u201c. Sie hat bereits mehrere kleinere Projekte umgesetzt \u2013 sowohl vor der Kamera als auch journalistisch \u2013 und kennt dadurch beide Seiten einer Produktion. Ihr gro\u00dfer Traum ist eine Reise nach Lappland: Rentierschlitten, Polarlichter und ein gem\u00fctlicher Abend mit Pumpkin Spice Latte vor dem Kamin.\n  <\/p>\n<p class=\"mb-6 text-xs md:text-m lg:text-l font-serif group-[.font-sans]:font-sans \">\n    <strong class=\"font-bold\">Juna, 23 Jahre, aus M\u00fcnchen:<\/strong> \u201eIch bin schon f\u00fcr Kilian Kerner oder Danny Reinke gelaufen\u201c\n  <\/p>\n<p>    <img decoding=\"async\" src=\"https:\/\/images.mgpd.de\/img\/113478535\/crop\/c16_9-w100\/1045765366\/379905383\/juna.jpg\" alt=\"Juna\" title=\"Juna\" loading=\"lazy\" class=\"h-full w-full object-cover\"\/><\/p>\n<p>      Icon vergr\u00f6\u00dfern<\/p>\n<p>    Juna<br \/>\n    Foto: ProSieben\/Daniel Graf<\/p>\n<p>        Schlie\u00dfen <\/p>\n<p>      Icon Schlie\u00dfen<\/p>\n<p>        Icon vergr\u00f6\u00dfern<\/p>\n<p>        Icon verkleinern<\/p>\n<p>      Icon Pfeil bewegen<\/p>\n<p>    Juna<br \/>\n    Foto: ProSieben\/Daniel Graf<\/p>\n<p class=\"mb-6 text-xs md:text-m lg:text-l font-serif group-[.font-sans]:font-sans \">\n    Juna, 23, studiert Soziologie in M\u00fcnchen und bringt bereits erste Laufstegerfahrung zu #GNTM mit. Ihre Freizeit verbringt sie im M\u00fcnchner Nachtleben und auf TikTok, wo sie selbst aktiv Content produziert. Sie ist mit ehemaligen #GNTM\u2011Teilnehmenden wie Zoe, Canel, Jannik und Xenia befreundet. Ihr Markenzeichen: gebleichte Haare und Augenbrauen, die ihr schon Modeljobs verschafft haben. Ihr gro\u00dfer Traum ist eine internationale Modelkarriere.\n  <\/p>\n<p class=\"mb-6 text-xs md:text-m lg:text-l font-serif group-[.font-sans]:font-sans \">\n    <strong class=\"font-bold\">Kim, 24 Jahre, aus Berlin:<\/strong> \u201eIch will meine Community und Menschen, die sich in mir sehen, bei #GNTM repr\u00e4sentieren\u201c\n  <\/p>\n<p>    <img decoding=\"async\" src=\"https:\/\/images.mgpd.de\/img\/113478542\/crop\/c16_9-w100\/334124952\/1604015600\/kim.jpg\" alt=\"Kim\" title=\"Kim\" loading=\"lazy\" class=\"h-full w-full object-cover\"\/><\/p>\n<p>      Icon vergr\u00f6\u00dfern<\/p>\n<p>    Kim<br \/>\n    Foto: ProSieben\/Daniel Graf<\/p>\n<p>        Schlie\u00dfen <\/p>\n<p>      Icon Schlie\u00dfen<\/p>\n<p>        Icon vergr\u00f6\u00dfern<\/p>\n<p>        Icon verkleinern<\/p>\n<p>      Icon Pfeil bewegen<\/p>\n<p>    Kim<br \/>\n    Foto: ProSieben\/Daniel Graf<\/p>\n<p class=\"mb-6 text-xs md:text-m lg:text-l font-serif group-[.font-sans]:font-sans \">\n    Kim, 24, f\u00fchlt sich sowohl in der Indoor\u2011Trampolinhalle als auch auf der B\u00fchne als Dragqueen zu Hause. Dort hat Kim bereits Model\u2011 und B\u00fchnenerfahrung gesammelt \u2013 bei Auftritten, Fotoshootings und sogar auf dem Runway. Jetzt m\u00f6chte Kim bei #GNTM antreten, um die Community sichtbar zu machen und um den Sieg zu k\u00e4mpfen.\n  <\/p>\n<p class=\"mb-6 text-xs md:text-m lg:text-l font-serif group-[.font-sans]:font-sans \">\n    <strong class=\"font-bold\">Lara, 19 Jahre, aus Salzdetfurth:<\/strong> \u201eIch bin ein Adrenalinjunkie\u201c\n  <\/p>\n<p>    <img decoding=\"async\" src=\"https:\/\/www.europesays.com\/de\/wp-content\/uploads\/2026\/02\/lara.jpg\" alt=\"Lara\" title=\"Lara\" loading=\"lazy\" class=\"h-full w-full object-cover\"\/><\/p>\n<p>      Icon vergr\u00f6\u00dfern<\/p>\n<p>    Lara<br \/>\n    Foto: ProSieben\/Daniel Graf<\/p>\n<p>        Schlie\u00dfen <\/p>\n<p>      Icon Schlie\u00dfen<\/p>\n<p>        Icon vergr\u00f6\u00dfern<\/p>\n<p>        Icon verkleinern<\/p>\n<p>      Icon Pfeil bewegen<\/p>\n<p>    Lara<br \/>\n    Foto: ProSieben\/Daniel Graf<\/p>\n<p class=\"mb-6 text-xs md:text-m lg:text-l font-serif group-[.font-sans]:font-sans \">\n    Lara, 19, kommt aus Bad Salzdetfurth und liebt alles, was den Puls hochtreibt. Mit ihrer Gr\u00f6\u00dfe und Ausstrahlung m\u00f6chte sie bei #GNTM zeigen, dass klassische Tall\u2011Models weiterhin ihren Platz haben. Sie tritt an, um Erwartungen zu sprengen und allen zu beweisen, wie viel Entschlossenheit in ihr steckt. F\u00fcr ihren Traum vom Modeln geht sie mutig jeden Schritt, der n\u00f6tig ist.\n  <\/p>\n<p class=\"mb-6 text-xs md:text-m lg:text-l font-serif group-[.font-sans]:font-sans \">\n    <strong class=\"font-bold\">Lola, 19 Jahre, aus Berlin:<\/strong> \u201eIch nutze jede Gelegenheit, meinen Walk zu \u00fcben, selbst, wenn ich nur einkaufen gehe\u201c\n  <\/p>\n<p>    <img decoding=\"async\" src=\"https:\/\/images.mgpd.de\/img\/113478664\/crop\/c16_9-w100\/155982244\/291377149\/lola.jpg\" alt=\"Lola\" title=\"Lola\" loading=\"lazy\" class=\"h-full w-full object-cover\"\/><\/p>\n<p>      Icon vergr\u00f6\u00dfern<\/p>\n<p>    Lola<br \/>\n    Foto: ProSieben\/Daniel Graf<\/p>\n<p>        Schlie\u00dfen <\/p>\n<p>      Icon Schlie\u00dfen<\/p>\n<p>        Icon vergr\u00f6\u00dfern<\/p>\n<p>        Icon verkleinern<\/p>\n<p>      Icon Pfeil bewegen<\/p>\n<p>    Lola<br \/>\n    Foto: ProSieben\/Daniel Graf<\/p>\n<p class=\"mb-6 text-xs md:text-m lg:text-l font-serif group-[.font-sans]:font-sans \">\n    Lola, 19, lebt in Berlin und arbeitet im Social\u2011Media\u2011Bereich, doch ihre Wurzeln reichen bis nach Palma de Mallorca und Australien. Das Meer war lange ihr zweites Zuhause \u2013 daher ihr Spitzname \u201eWasserratte\u201c. In Berlin hat sie Afro\u2011Tanz f\u00fcr sich entdeckt, au\u00dferdem liebt sie Reiten, Fitness, Meditation, Kunst und B\u00fccher. Am gl\u00fccklichsten ist sie jedoch unterwegs: 22 L\u00e4nder hat sie bereits bereist, immer auf der Suche nach neuen Orten, Kulturen und Begegnungen.\n  <\/p>\n<p class=\"mb-6 text-xs md:text-m lg:text-l font-serif group-[.font-sans]:font-sans \">\n    <strong class=\"font-bold\">Marie, 23 Jahre, aus Aachen:<\/strong> \u201eIch konnte mich und meinen K\u00f6rper bis vor zwei Jahren gar nicht akzeptieren\u201c\n  <\/p>\n<p>    <img decoding=\"async\" src=\"https:\/\/images.mgpd.de\/img\/113478673\/crop\/c16_9-w100\/1104817812\/1202915926\/marie.jpg\" alt=\"Marie\" title=\"Marie\" loading=\"lazy\" class=\"h-full w-full object-cover\"\/><\/p>\n<p>      Icon vergr\u00f6\u00dfern<\/p>\n<p>    Marie<br \/>\n    Foto: ProSieben\/Daniel Graf<\/p>\n<p>        Schlie\u00dfen <\/p>\n<p>      Icon Schlie\u00dfen<\/p>\n<p>        Icon vergr\u00f6\u00dfern<\/p>\n<p>        Icon verkleinern<\/p>\n<p>      Icon Pfeil bewegen<\/p>\n<p>    Marie<br \/>\n    Foto: ProSieben\/Daniel Graf<\/p>\n<p class=\"mb-6 text-xs md:text-m lg:text-l font-serif group-[.font-sans]:font-sans \">\n    Die 23-j\u00e4hrige Aachener Studentin liebt es, sich selbst herauszufordern und immer wieder Neues auszuprobieren. Auf ihrem Weg hat sie gelernt, ihren K\u00f6rper anzunehmen und St\u00e4rke daraus zu ziehen. Mit dieser Haltung m\u00f6chte sie bei #GNTM zeigen, dass echtes Selbstbewusstsein von innen kommt. Sie ist spontan, abenteuerlustig und jederzeit bereit, f\u00fcr einen Kurztrip nach Mallorca ins Flugzeug zu steigen.\n  <\/p>\n<p class=\"mb-6 text-xs md:text-m lg:text-l font-serif group-[.font-sans]:font-sans \">\n    <strong class=\"font-bold\">Marlene, 20 Jahre, aus Erftstadt:<\/strong> \u201eWarum eigentlich nicht? Ich bin \u00fcber 18, und es passt gerade super in mein Leben. Ich probiere es einfach mal aus\u201c\n  <\/p>\n<p>    <img decoding=\"async\" src=\"https:\/\/images.mgpd.de\/img\/113478685\/crop\/c16_9-w100\/810687060\/234716218\/marlene.jpg\" alt=\"Marlene\" title=\"Marlene\" loading=\"lazy\" class=\"h-full w-full object-cover\"\/><\/p>\n<p>      Icon vergr\u00f6\u00dfern<\/p>\n<p>    Marlene<br \/>\n    Foto: ProSieben\/Daniel Graf<\/p>\n<p>        Schlie\u00dfen <\/p>\n<p>      Icon Schlie\u00dfen<\/p>\n<p>        Icon vergr\u00f6\u00dfern<\/p>\n<p>        Icon verkleinern<\/p>\n<p>      Icon Pfeil bewegen<\/p>\n<p>    Marlene<br \/>\n    Foto: ProSieben\/Daniel Graf<\/p>\n<p class=\"mb-6 text-xs md:text-m lg:text-l font-serif group-[.font-sans]:font-sans \">\n    Die 20-j\u00e4hrige Modemanagement-Studentin pendelt zwischen H\u00f6rsaal und Espressomaschine \u2013 als Barista findet sie ihren Ruhepol im Trubel. Mode begleitet sie schon seit ihrer Kindheit: Sie liebt es, mit Looks zu experimentieren und ihre Pers\u00f6nlichkeit \u00fcber Outfits sichtbar zu machen. Am liebsten st\u00f6bert sie auf Flohm\u00e4rkten und in Vintage\u2011Shops, immer auf der Suche nach besonderen St\u00fccken, die ihre Kreativit\u00e4t anfeuern. Sport hilft ihr, den Kopf freizubekommen und neue Energie zu tanken.\n  <\/p>\n<p class=\"mb-6 text-xs md:text-m lg:text-l font-serif group-[.font-sans]:font-sans \">\n    <strong class=\"font-bold\">Merret, 20 Jahre, aus Berlin:<\/strong> \u201eIch versuche, das Authentischste von mir preiszugeben\u201c\n  <\/p>\n<p>    <img decoding=\"async\" src=\"https:\/\/images.mgpd.de\/img\/113478689\/crop\/c16_9-w100\/1972723096\/1962802499\/merret.jpg\" alt=\"Merret\" title=\"Merret\" loading=\"lazy\" class=\"h-full w-full object-cover\"\/><\/p>\n<p>      Icon vergr\u00f6\u00dfern<\/p>\n<p>    Merret<br \/>\n    Foto: ProSieben\/Daniel Graf<\/p>\n<p>        Schlie\u00dfen <\/p>\n<p>      Icon Schlie\u00dfen<\/p>\n<p>        Icon vergr\u00f6\u00dfern<\/p>\n<p>        Icon verkleinern<\/p>\n<p>      Icon Pfeil bewegen<\/p>\n<p>    Merret<br \/>\n    Foto: ProSieben\/Daniel Graf<\/p>\n<p class=\"mb-6 text-xs md:text-m lg:text-l font-serif group-[.font-sans]:font-sans \">\n    Die 20\u2011j\u00e4hrige Designerin aus Berlin lebt Kreativit\u00e4t in all ihren Formen: Sie entwirft eigene Kollektionen, stylt die Looks und steht selbst vor der Kamera. Am meisten begeistert sie der Moment, in dem eine Idee pl\u00f6tzlich Gestalt annimmt. Neben Mode widmet sie sich dem Schreiben, Malen, der Fotografie und dem Reisen \u2013 \u00fcberall sucht sie nach neuen Bildern und Geschichte.\n  <\/p>\n<p class=\"mb-6 text-xs md:text-m lg:text-l font-serif group-[.font-sans]:font-sans \">\n    <strong class=\"font-bold\">Nana, 24 Jahre, aus Frechen:<\/strong> \u201eIch versuche, mir die Bibel soweit es geht zum Vorbild zu nehmen\u201c\n  <\/p>\n<p>    <img decoding=\"async\" src=\"https:\/\/images.mgpd.de\/img\/113478706\/crop\/c16_9-w100\/2017857869\/1179113085\/nana.jpg\" alt=\"Nana\" title=\"Nana\" loading=\"lazy\" class=\"h-full w-full object-cover\"\/><\/p>\n<p>      Icon vergr\u00f6\u00dfern<\/p>\n<p>    Nana<br \/>\n    Foto: ProSieben\/Daniel Graf<\/p>\n<p>        Schlie\u00dfen <\/p>\n<p>      Icon Schlie\u00dfen<\/p>\n<p>        Icon vergr\u00f6\u00dfern<\/p>\n<p>        Icon verkleinern<\/p>\n<p>      Icon Pfeil bewegen<\/p>\n<p>    Nana<br \/>\n    Foto: ProSieben\/Daniel Graf<\/p>\n<p class=\"mb-6 text-xs md:text-m lg:text-l font-serif group-[.font-sans]:font-sans \">\n    Nana studiert dual und findet ihren Ausgleich in allem, was Kreativit\u00e4t freisetzt. Ob kunstvolle Nails, selbstgen\u00e4hte Pieces, gemalte Bilder oder handgemachter Schmuck \u2013 sie liebt es, Ideen mit den H\u00e4nden Wirklichkeit werden zu lassen. Auch Schauspiel, Gesang und B\u00fccher geh\u00f6ren zu ihren R\u00fcckzugsorten. Ihr Signature\u2011Move: Lipgloss, ohne den sie kaum das Haus verl\u00e4sst. Freundinnen und Freunde sch\u00e4tzen besonders ihre warmherzige, humorvolle Art.\n  <\/p>\n<p class=\"mb-6 text-xs md:text-m lg:text-l font-serif group-[.font-sans]:font-sans \">\n    <strong class=\"font-bold\">Stella, 21 Jahre, aus Bonn:<\/strong> \u201eIch habe 20 Jahre lang kein Gem\u00fcse gegessen\u201c\n  <\/p>\n<p>    <img decoding=\"async\" src=\"https:\/\/images.mgpd.de\/img\/113478807\/crop\/c16_9-w100\/812783467\/647201089\/stella.jpg\" alt=\"Stella\" title=\"Stella\" loading=\"lazy\" class=\"h-full w-full object-cover\"\/><\/p>\n<p>      Icon vergr\u00f6\u00dfern<\/p>\n<p>    Stella<br \/>\n    Foto: ProSieben\/Daniel Graf<\/p>\n<p>        Schlie\u00dfen <\/p>\n<p>      Icon Schlie\u00dfen<\/p>\n<p>        Icon vergr\u00f6\u00dfern<\/p>\n<p>        Icon verkleinern<\/p>\n<p>      Icon Pfeil bewegen<\/p>\n<p>    Stella<br \/>\n    Foto: ProSieben\/Daniel Graf<\/p>\n<p class=\"mb-6 text-xs md:text-m lg:text-l font-serif group-[.font-sans]:font-sans \">\n    Die 21\u2011j\u00e4hrige BWL\u2011Studentin aus Bonn tankt Energie beim Joggen und beim Malen \u2013 zwei Ruhepole, die ihr den Kopf freimachen. Ihre spontane Seite lebt sie gern auf Kurztrips aus, bei denen sie neue St\u00e4dte und Stimmungen aufsaugt. Ein gro\u00dfer Traum f\u00fchrt sie nach New York, das sie schon lange fasziniert. Am Modeln reizt sie besonders, immer wieder in neue Rollen zu schl\u00fcpfen und unterschiedliche Charaktere zum Leben zu erwecken.\n  <\/p>\n<p class=\"mb-6 text-xs md:text-m lg:text-l font-serif group-[.font-sans]:font-sans \">\n    <strong class=\"font-bold\">Ursula, 54 Jahre, aus Ascona (CH):<\/strong> \u201eIch m\u00f6chte zeigen, dass Reife und Lebensfreude genauso kraftvoll sein k\u00f6nnen wie jugendliche Sch\u00f6nheit\u201c\n  <\/p>\n<p>    <img decoding=\"async\" src=\"https:\/\/images.mgpd.de\/img\/113478816\/crop\/c16_9-w100\/1256387952\/1741657458\/ursula.jpg\" alt=\"Ursula\" title=\"Ursula\" loading=\"lazy\" class=\"h-full w-full object-cover\"\/><\/p>\n<p>      Icon vergr\u00f6\u00dfern<\/p>\n<p>    Ursula<br \/>\n    Foto: ProSieben\/Daniel Graf<\/p>\n<p>        Schlie\u00dfen <\/p>\n<p>      Icon Schlie\u00dfen<\/p>\n<p>        Icon vergr\u00f6\u00dfern<\/p>\n<p>        Icon verkleinern<\/p>\n<p>      Icon Pfeil bewegen<\/p>\n<p>    Ursula<br \/>\n    Foto: ProSieben\/Daniel Graf<\/p>\n<p class=\"mb-6 text-xs md:text-m lg:text-l font-serif group-[.font-sans]:font-sans \">\n    Ursula, 54, kehrt nach vielen Jahren zur\u00fcck auf den Laufsteg \u2013 dorthin, wo ihre Modelreise einst als Teenager begann. Heute lebt sie mit ihrer Familie im italienischen Teil der Schweiz, f\u00fchrt eine Naturkosmetikmarke und steht f\u00fcr authentische, unverf\u00e4lschte Sch\u00f6nheit. Kreativit\u00e4t ist ihr Motor, Harmonie ihr Kompass. Bei #GNTM m\u00f6chte sie zeigen, dass Stil und Ausstrahlung zeitlos sind und Frauen jeden Alters inspirieren k\u00f6nnen.\n  <\/p>\n<p class=\"mb-6 text-xs md:text-m lg:text-l font-serif group-[.font-sans]:font-sans \">\n    <strong class=\"font-bold\">Vanessa, 19 Jahre, aus G\u00f6ttingen:<\/strong> \u201eIch habe gute Chancen, weil ich ein ,Doll Face\u2018 habe\u201c\n  <\/p>\n<p>    <img decoding=\"async\" src=\"https:\/\/images.mgpd.de\/img\/113478820\/crop\/c16_9-w100\/1705236755\/495658203\/vanessa.jpg\" alt=\"Vanessa\" title=\"Vanessa\" loading=\"lazy\" class=\"h-full w-full object-cover\"\/><\/p>\n<p>      Icon vergr\u00f6\u00dfern<\/p>\n<p>    Vanessa<br \/>\n    Foto: ProSieben\/Daniel Graf<\/p>\n<p>        Schlie\u00dfen <\/p>\n<p>      Icon Schlie\u00dfen<\/p>\n<p>        Icon vergr\u00f6\u00dfern<\/p>\n<p>        Icon verkleinern<\/p>\n<p>      Icon Pfeil bewegen<\/p>\n<p>    Vanessa<br \/>\n    Foto: ProSieben\/Daniel Graf<\/p>\n<p class=\"mb-6 text-xs md:text-m lg:text-l font-serif group-[.font-sans]:font-sans \">\n    Vanessa tr\u00e4umt davon, eines Tages die gro\u00dfen Laufstege der Welt zu erobern \u2013 inspiriert von ihrem Idol Alex Consani. Wenn sie nicht vor der Kamera steht, tankt sie Energie auf die wohl simpelste Art: schlafen. Ihr Motto \u201eMan lebt nur einmal\u201c begleitet sie durch jede Entscheidung und erinnert sie daran, mutig ihren Weg zu gehen. Ganz oben auf ihrer Wunschliste steht Paris \u2013 vielleicht ja genau dann, wenn die Fashion Week die Stadt zum Leuchten bringt.\n  <\/p>\n<p>            Diese Kandidatinnen sind nicht mehr dabei<\/p>\n<p class=\"mb-6 text-xs md:text-m lg:text-l font-serif group-[.font-sans]:font-sans \">\n    <strong class=\"font-bold\">Angie, 26 Jahre, aus K\u00f6ln: <\/strong>\u201e#GNTM war schon immer ein Kindheitstraum von mir\u201c\n  <\/p>\n<p>    <img decoding=\"async\" src=\"https:\/\/images.mgpd.de\/img\/113478043\/crop\/c16_9-w100\/822201372\/449585677\/3315396-verbessert-sr.jpg\" alt=\"Angie\" title=\"Angie\" loading=\"lazy\" class=\"h-full w-full object-cover\"\/><\/p>\n<p>      Icon vergr\u00f6\u00dfern<\/p>\n<p>    Angie<br \/>\n    Foto: ProSieben\/Daniel Graf<\/p>\n<p>        Schlie\u00dfen <\/p>\n<p>      Icon Schlie\u00dfen<\/p>\n<p>        Icon vergr\u00f6\u00dfern<\/p>\n<p>        Icon verkleinern<\/p>\n<p>      Icon Pfeil bewegen<\/p>\n<p>    Angie<br \/>\n    Foto: ProSieben\/Daniel Graf<\/p>\n<p class=\"mb-6 text-xs md:text-m lg:text-l font-serif group-[.font-sans]:font-sans \">\n    Angie, 26, Filialleiterin aus K\u00f6ln, verfolgt ihren gro\u00dfen Kindheitstraum: Model werden. Mit deutsch-indischen Wurzeln, prominenter Verwandtschaft und frisch verlobt, bringt sie starke Pers\u00f6nlichkeit mit. Bei #GNTM wollte sie die Laufstege erobern und Beauty-Kampagnen f\u00fcr sich gewinnen.\n  <\/p>\n<p class=\"mb-6 text-xs md:text-m lg:text-l font-serif group-[.font-sans]:font-sans \">\n    <strong class=\"font-bold\">Janet, 24 Jahre, aus Dortmund: <\/strong>\u201eMeine Zwillingsschwester und ich sehen immer von Kopf bis Fu\u00df gleich aus\u201c\n  <\/p>\n<p>    <img decoding=\"async\" src=\"https:\/\/images.mgpd.de\/img\/113478183\/crop\/c16_9-w100\/1635610644\/793017561\/janet.jpg\" alt=\"Janet\" title=\"Janet\" loading=\"lazy\" class=\"h-full w-full object-cover\"\/><\/p>\n<p>      Icon vergr\u00f6\u00dfern<\/p>\n<p>    Janet<br \/>\n    Foto: ProSieben\/Daniel Graf<\/p>\n<p>        Schlie\u00dfen <\/p>\n<p>      Icon Schlie\u00dfen<\/p>\n<p>        Icon vergr\u00f6\u00dfern<\/p>\n<p>        Icon verkleinern<\/p>\n<p>      Icon Pfeil bewegen<\/p>\n<p>    Janet<br \/>\n    Foto: ProSieben\/Daniel Graf<\/p>\n<p class=\"mb-6 text-xs md:text-m lg:text-l font-serif group-[.font-sans]:font-sans \">\n    Die 24\u2011j\u00e4hrige Business\u2011Law\u2011Studentin Janet aus Dortmund trat gemeinsam mit ihrer Zwillingsschwester Juliet bei #GNTM an. Beide teilen die Leidenschaft f\u00fcrs Backen, Sport und Modeln. Durch ihre togolesische Mutter spricht Janet auch Ewe. Sansibar steht ganz oben auf ihrer Reisewunschliste \u2013 und ihr gr\u00f6\u00dfter Traum ist es, eines Tages f\u00fcr Victoria\u2019s Secret zu laufen.\n  <\/p>\n<p class=\"mb-6 text-xs md:text-m lg:text-l font-serif group-[.font-sans]:font-sans \">\n    <strong class=\"font-bold\">Juliet, 24 Jahre, aus Dortmund:<\/strong> \u201eIch bin ein Twin, dieses Jahr bin ich mit meiner Zwillingsschwester bei #GNTM dabei\u201c\n  <\/p>\n<p>    <img decoding=\"async\" src=\"https:\/\/images.mgpd.de\/img\/113478255\/crop\/c16_9-w100\/402762346\/164546152\/juliet.jpg\" alt=\"Juliet\" title=\"Juliet\" loading=\"lazy\" class=\"h-full w-full object-cover\"\/><\/p>\n<p>      Icon vergr\u00f6\u00dfern<\/p>\n<p>    Juliet<br \/>\n    Foto: ProSieben\/Daniel Graf<\/p>\n<p>        Schlie\u00dfen <\/p>\n<p>      Icon Schlie\u00dfen<\/p>\n<p>        Icon vergr\u00f6\u00dfern<\/p>\n<p>        Icon verkleinern<\/p>\n<p>      Icon Pfeil bewegen<\/p>\n<p>    Juliet<br \/>\n    Foto: ProSieben\/Daniel Graf<\/p>\n<p class=\"mb-6 text-xs md:text-m lg:text-l font-serif group-[.font-sans]:font-sans \">\n    Die 24\u2011j\u00e4hrige Studentin Juliet aus Dortmund hat viele Tr\u00e4ume: Sie liebt es zu backen, Sport zu treiben und zu tanzen. Dieses Jahr trat sie gemeinsam mit ihrer Zwillingsschwester Janet bei #GNTM an. Auf ihrer Bucket List stehen Reisen nach Bora Bora, Sansibar und Japan. Ihr gr\u00f6\u00dfter Wunsch ist es, eines Tages f\u00fcr Victoria\u2019s Secret zu modeln.\n  <\/p>\n<p class=\"mb-6 text-xs md:text-m lg:text-l font-serif group-[.font-sans]:font-sans \">\n    <strong class=\"font-bold\">Sophie, 18 Jahre, aus K\u00f6ln:<\/strong> \u201eEs hat schon lange niemand mehr #GNTM gewonnen, der so viel Schrauben locker hat wie ich\u201c\n  <\/p>\n<p>    <img decoding=\"async\" src=\"https:\/\/images.mgpd.de\/img\/113478766\/crop\/c16_9-w100\/829524608\/2006086561\/sophe.jpg\" alt=\"Sophie\" title=\"Sophie\" loading=\"lazy\" class=\"h-full w-full object-cover\"\/><\/p>\n<p>      Icon vergr\u00f6\u00dfern<\/p>\n<p>    Sophie<br \/>\n    Foto: ProSieben\/Daniel Graf<\/p>\n<p>        Schlie\u00dfen <\/p>\n<p>      Icon Schlie\u00dfen<\/p>\n<p>        Icon vergr\u00f6\u00dfern<\/p>\n<p>        Icon verkleinern<\/p>\n<p>      Icon Pfeil bewegen<\/p>\n<p>    Sophie<br \/>\n    Foto: ProSieben\/Daniel Graf<\/p>\n<p class=\"mb-6 text-xs md:text-m lg:text-l font-serif group-[.font-sans]:font-sans \">\n    Sophie, 18, studiert Psychologie und bringt eine unkonventionelle, verspielte Energie mit, die sie bei #GNTM klar von anderen abhob. Sie liebt es, kreativ zu werden und ist f\u00fcr jede spontane Idee zu haben. Trotz ihres jungen Alters tritt sie mit einer Selbstverst\u00e4ndlichkeit auf, die man ihr nicht sofort zutraut \u2013 untersch\u00e4tzen sollte man sie definitiv nicht.\n  <\/p>\n<p class=\"mb-6 text-xs md:text-m lg:text-l font-serif group-[.font-sans]:font-sans \">\n    <strong class=\"font-bold\">Sina, 23 Jahre, aus dem Landkreis Merzig\u2011Wadern:<\/strong> \u201eMit 17 Jahren bin ich in den Taekwondo Bundeskader gekommen\u201c\n  <\/p>\n<p>    <img decoding=\"async\" src=\"https:\/\/images.mgpd.de\/img\/113478751\/crop\/c16_9-w100\/798105139\/622700314\/sina.jpg\" alt=\"Sina\" title=\"Sina\" loading=\"lazy\" class=\"h-full w-full object-cover\"\/><\/p>\n<p>      Icon vergr\u00f6\u00dfern<\/p>\n<p>    Sina<br \/>\n    Foto: ProSieben\/Daniel Graf<\/p>\n<p>        Schlie\u00dfen <\/p>\n<p>      Icon Schlie\u00dfen<\/p>\n<p>        Icon vergr\u00f6\u00dfern<\/p>\n<p>        Icon verkleinern<\/p>\n<p>      Icon Pfeil bewegen<\/p>\n<p>    Sina<br \/>\n    Foto: ProSieben\/Daniel Graf<\/p>\n<p class=\"mb-6 text-xs md:text-m lg:text-l font-serif group-[.font-sans]:font-sans \">\n    Sina, 23, kommt aus dem Saarland und studiert Lehramt \u2013 doch ihre eigentliche Power zeigt sie auf der Matte. Im Taekwondo hat sie gelernt, Disziplin, Fokus und Kampfgeist zu leben. Jetzt m\u00f6chte sie diese Energie in eine v\u00f6llig neue Richtung lenken und ihren Traum vom Modeln verfolgen. Bei #GNTM wollte sie beweisen, dass sie auch abseits des Sports die St\u00e4rke hat, sich durchzusetzen.\n  <\/p>\n<ul data-module-id=\"DragDropModule\" class=\"flex flex-wrap justify-start group-[.no-bookmarks]:hidden\">\n<li class=\"mb-3 mr-3\">\n    Claus Holscher<\/p>\n<p>      Icon Haken im Kreis gesetzt<\/p>\n<p>      Icon Plus im Kreis<\/p>\n<\/li>\n<li class=\"mb-3 mr-3\">\n    Germany&#8217;s Next Topmodel<\/p>\n<p>      Icon Haken im Kreis gesetzt<\/p>\n<p>      Icon Plus im Kreis<\/p>\n<\/li>\n<li class=\"mb-3 mr-3\">\n    Heidi Klum<\/p>\n<p>      Icon Haken im Kreis gesetzt<\/p>\n<p>      Icon Plus im Kreis<\/p>\n<\/li>\n<\/ul>\n","protected":false},"excerpt":{"rendered":"Der Wettbewerb um den Titel \u201eGermany\u2019s Next Topmodel\u201c geht 2026 in eine neue Runde\u00a0\u2013 seit Mittwoch, den 11.&hellip;\n","protected":false},"author":2,"featured_media":825858,"comment_status":"","ping_status":"","sticky":false,"template":"","format":"standard","meta":{"footnotes":"","_share_on_mastodon":"0"},"categories":[155],"tags":[296,29,214,30,11270,5135,3523,1420,1268,37553,11877,265,215],"class_list":["post-825857","post","type-post","status-publish","format-standard","has-post-thumbnail","category-unterhaltung","tag-berlin","tag-deutschland","tag-entertainment","tag-germany","tag-germanys-next-topmodel","tag-heidi-klum","tag-kamera","tag-koeln","tag-muenchen","tag-pro7","tag-pulheim","tag-sport","tag-unterhaltung"],"share_on_mastodon":{"url":"https:\/\/pubeurope.com\/@de\/116134169032743698","error":""},"_links":{"self":[{"href":"https:\/\/www.europesays.com\/de\/wp-json\/wp\/v2\/posts\/825857","targetHints":{"allow":["GET"]}}],"collection":[{"href":"https:\/\/www.europesays.com\/de\/wp-json\/wp\/v2\/posts"}],"about":[{"href":"https:\/\/www.europesays.com\/de\/wp-json\/wp\/v2\/types\/post"}],"author":[{"embeddable":true,"href":"https:\/\/www.europesays.com\/de\/wp-json\/wp\/v2\/users\/2"}],"replies":[{"embeddable":true,"href":"https:\/\/www.europesays.com\/de\/wp-json\/wp\/v2\/comments?post=825857"}],"version-history":[{"count":0,"href":"https:\/\/www.europesays.com\/de\/wp-json\/wp\/v2\/posts\/825857\/revisions"}],"wp:featuredmedia":[{"embeddable":true,"href":"https:\/\/www.europesays.com\/de\/wp-json\/wp\/v2\/media\/825858"}],"wp:attachment":[{"href":"https:\/\/www.europesays.com\/de\/wp-json\/wp\/v2\/media?parent=825857"}],"wp:term":[{"taxonomy":"category","embeddable":true,"href":"https:\/\/www.europesays.com\/de\/wp-json\/wp\/v2\/categories?post=825857"},{"taxonomy":"post_tag","embeddable":true,"href":"https:\/\/www.europesays.com\/de\/wp-json\/wp\/v2\/tags?post=825857"}],"curies":[{"name":"wp","href":"https:\/\/api.w.org\/{rel}","templated":true}]}}