{"id":826161,"date":"2026-02-26T03:37:18","date_gmt":"2026-02-26T03:37:18","guid":{"rendered":"https:\/\/www.europesays.com\/de\/826161\/"},"modified":"2026-02-26T03:37:18","modified_gmt":"2026-02-26T03:37:18","slug":"rechte-terrorgruppe-vor-gericht-15-jaehriger-soll-drahtzieher-gewesen-sein","status":"publish","type":"post","link":"https:\/\/www.europesays.com\/de\/826161\/","title":{"rendered":"Rechte Terrorgruppe vor Gericht: 15-J\u00e4hriger soll Drahtzieher gewesen sein"},"content":{"rendered":"<p>Rechte Terrorgruppe vor Gericht15-J\u00e4hriger soll Drahtzieher gewesen sein<\/p>\n<p>26.02.2026, 00:25 Uhr <\/p>\n<p>Artikel anh\u00f6ren(03:13 min)<\/p>\n<p><img decoding=\"async\" class=\"Image_img__fQCi0 Image_Img_16_9__4BLfH widget-picture-inline_maximizable__t_E7h\" loading=\"eager\" fetchpriority=\"high\" src=\"https:\/\/www.europesays.com\/de\/wp-content\/uploads\/2026\/02\/Die-Schaeden-nach-einem-Brandanschlag-auf-das-Kulturhaus-in-Altdoebern-sind-immer-noch-zu-erkennen-D.webp\" alt=\"Die-Schaeden-nach-einem-Brandanschlag-auf-das-Kulturhaus-in-Altdoebern-sind-immer-noch-zu-erkennen-Der-Generalbundesanwalt-geht-gegen-junge-Maenner-vor-die-einer-mutmasslichen-rechtsextremen-Terrorzelle-angehoeren-sollen-Bei-einer-Polizei-Aktion-gegen-eine-Vereinigung-die-sich-selbst-Letzte-Verteidigungswelle-nennt-werden-am-fruehen-Morgen-in-Brandenburg-Mecklenburg-Vorpommern-und-Hessen-fuenf-Verdaechtige-festgenommen-Sie-sollen-nach-Angaben-der-Karlsruher-Behoerde-14-bis-18-Jahre-alt-sein\"\/>Den Brandanschlag auf das Kulturhaus in Altd\u00f6bern wertet der Generalbundesanwalt als versuchten Mord. (Foto: picture alliance\/dpa)TeilenFolgen auf:<a href=\"https:\/\/www.whatsapp.com\/channel\/0029Va5cdVJD8SDp5YZgYF01\" title=\"Auf WhatsApp folgen\" target=\"_blank\" rel=\"nofollow noopener\"><img decoding=\"async\" src=\"https:\/\/www.n-tv.de\/socialIcons\/whatsapp.svg\" alt=\"whatsapp\" class=\"ArticleShare_icon__FsrC2\"\/><\/a><a href=\"https:\/\/news.google.com\/publications\/CAAiEPMdif5mpRNxiLOeUpHCwwsqFAgKIhDzHYn-ZqUTcYiznlKRwsML?hl=de&amp;gl=DE&amp;ceid=DE%3Ade\" title=\"Auf Google News folgen\" target=\"_blank\" rel=\"nofollow noopener\"><img decoding=\"async\" src=\"https:\/\/www.n-tv.de\/socialIcons\/google.svg\" alt=\"whatsapp\" class=\"ArticleShare_icon__FsrC2\"\/><\/a><\/p>\n<p class=\"Typography_text-m__XI0da Typography_weight-bold__uT6mq storyline_lead_text_leadtext__q_wg8\">Reporter von &#8222;Stern&#8220; und RTL decken die m\u00f6rderischen Anschlagspl\u00e4ne einer rechtsterroristischen Jugendbande auf. In der kommenden Woche startet in Hamburg der Prozess gegen acht Mitglieder der &#8222;Letzten Verteidigungswelle&#8220;. Der R\u00e4delsf\u00fchrer soll gerade einmal 15 Jahre alt sein. <\/p>\n<p class=\"Typography_text-default__P3otY Typography_weight-normal__pqUbH storyline_paragraph_p__qSR5N\">Kurz vor dem Gerichtsprozess gegen Mitglieder der mutma\u00dflichen rechten Jugendterrorgruppe &#8222;Letzte Verteidigungswelle&#8220; (LVW) r\u00fcckt die Rolle eines im Tatzeitraum 15-J\u00e4hrigen in den Fokus. Wie der &#8222;Stern&#8220; berichtet, soll die Gruppe Anschl\u00e4ge und Pl\u00e4ne deutlich gezielter vorbereitet haben als bisher bekannt. Zudem soll es seit der Gr\u00fcndung der LVW ein Ziel der Gruppe gewesen sein, Menschen zu t\u00f6ten. Dies schreibe der Generalbundesanwalt vor allem einem Jugendlichen aus Mecklenburg-Vorpommern zu, den er als einen der R\u00e4delsf\u00fchrer angeklagt hat, schreibt das Magazin.<\/p>\n<p class=\"Typography_text-default__P3otY Typography_weight-normal__pqUbH storyline_paragraph_p__qSR5N\">Laut Ermittlern soll der Teenager nicht nur am 17. April 2024 auf WhatsApp eine Chatgruppe mit dem Namen &#8222;LVW-Generalchat&#8220; gegr\u00fcndet, sondern dort auch als Strippenzieher agiert haben, der wiederholt Straftaten einforderte, hei\u00dft es in dem Bericht. So habe er nur wenige Tage nach Gr\u00fcndung der Chatgruppe geschrieben, es sei Ziel der LVW, Anschl\u00e4ge zu begehen und Ausl\u00e4nder zu t\u00f6ten. Zudem soll er die LVW in einer Nachricht selbst als &#8222;Terroreinheit&#8220; bezeichnet haben. Und mutma\u00dfliche Brandstiftungen wie im brandenburgischen Altd\u00f6bern nicht nur abgesegnet, sondern solche Taten mehrfach regelrecht eingefordert haben.<\/p>\n<p class=\"Typography_text-default__P3otY Typography_weight-normal__pqUbH storyline_paragraph_p__qSR5N\">In der Nacht auf den 23. Oktober 2024 brannte in Altd\u00f6bern ein Kulturzentrum aus. Sachschaden: rund eine halbe Million Euro. Nach Ansicht der Ermittler wurden vier Menschen, die nebenan schliefen, nur durch einen Zufall nicht get\u00f6tet oder verletzt. Der Generalbundesanwalt wertet den Brand laut Anklage als versuchten Mord &#8211; und als Teil einer geplanten rechtsextremen Terrorserie. Der Anwalt des Jugendlichen antwortete auf konkrete Fragen des &#8222;Stern&#8220; zu den Vorw\u00fcrfen, dass er sich derzeit &#8222;noch nicht&#8220; \u00e4u\u00dfern wolle.<\/p>\n<p>Gewalt gegen Ausl\u00e4nder und Gegner<\/p>\n<p class=\"Typography_text-default__P3otY Typography_weight-normal__pqUbH storyline_paragraph_p__qSR5N\">Ab kommender Woche stehen acht Jugendliche beziehungsweise junge M\u00e4nner im Alter zwischen 15 und 22 Jahren vor dem Hanseatischen Oberlandesgericht in Hamburg. Die Bundesanwaltschaft wirft ihnen die Mitgliedschaft oder Unterst\u00fctzung einer terroristischen Vereinigung vor. Zudem einigen von ihnen versuchten Mord, Verabredung zum Mord und weitere Verbrechen. Die Gruppe soll versucht haben, durch Gewalt gegen Ausl\u00e4nder und politische Gegner den Zusammenbruch der Demokratie herbeizuf\u00fchren.<\/p>\n<p class=\"Typography_text-default__P3otY Typography_weight-normal__pqUbH storyline_paragraph_p__qSR5N\">Im vergangenen Jahr hatte ein Reporterteam von &#8222;Stern&#8220; und RTL Anschl\u00e4ge und Anschlagspl\u00e4ne der &#8222;Letzten Verteidigungswelle&#8220; aufgedeckt. Kurz darauf zog der Generalbundesanwalt die Ermittlungen an sich.<\/p>\n<p class=\"Typography_text-s__wu_cm Typography_weight-normal__pqUbH Typography_color-darkgrey__sZEnP article-detail-footer_source__KslPc\">Quelle: ntv.de, mau<\/p>\n","protected":false},"excerpt":{"rendered":"Rechte Terrorgruppe vor Gericht15-J\u00e4hriger soll Drahtzieher gewesen sein 26.02.2026, 00:25 Uhr Artikel anh\u00f6ren(03:13 min) Den Brandanschlag auf das&hellip;\n","protected":false},"author":2,"featured_media":826162,"comment_status":"","ping_status":"","sticky":false,"template":"","format":"standard","meta":{"footnotes":"","_share_on_mastodon":"0"},"categories":[2],"tags":[185077,29,30,13,14,15,16,505,770,12,927,2544,10,8,9,11],"class_list":["post-826161","post","type-post","status-publish","format-standard","has-post-thumbnail","category-deutschland","tag-anti-terror-kampf","tag-deutschland","tag-germany","tag-headlines","tag-nachrichten","tag-news","tag-politik","tag-prozesse","tag-rechtsextremismus","tag-schlagzeilen","tag-terroranschlaege","tag-terrorismus","tag-top-news","tag-top-meldungen","tag-topmeldungen","tag-topnews"],"share_on_mastodon":{"url":"","error":""},"_links":{"self":[{"href":"https:\/\/www.europesays.com\/de\/wp-json\/wp\/v2\/posts\/826161","targetHints":{"allow":["GET"]}}],"collection":[{"href":"https:\/\/www.europesays.com\/de\/wp-json\/wp\/v2\/posts"}],"about":[{"href":"https:\/\/www.europesays.com\/de\/wp-json\/wp\/v2\/types\/post"}],"author":[{"embeddable":true,"href":"https:\/\/www.europesays.com\/de\/wp-json\/wp\/v2\/users\/2"}],"replies":[{"embeddable":true,"href":"https:\/\/www.europesays.com\/de\/wp-json\/wp\/v2\/comments?post=826161"}],"version-history":[{"count":0,"href":"https:\/\/www.europesays.com\/de\/wp-json\/wp\/v2\/posts\/826161\/revisions"}],"wp:featuredmedia":[{"embeddable":true,"href":"https:\/\/www.europesays.com\/de\/wp-json\/wp\/v2\/media\/826162"}],"wp:attachment":[{"href":"https:\/\/www.europesays.com\/de\/wp-json\/wp\/v2\/media?parent=826161"}],"wp:term":[{"taxonomy":"category","embeddable":true,"href":"https:\/\/www.europesays.com\/de\/wp-json\/wp\/v2\/categories?post=826161"},{"taxonomy":"post_tag","embeddable":true,"href":"https:\/\/www.europesays.com\/de\/wp-json\/wp\/v2\/tags?post=826161"}],"curies":[{"name":"wp","href":"https:\/\/api.w.org\/{rel}","templated":true}]}}