{"id":826415,"date":"2026-02-26T05:58:12","date_gmt":"2026-02-26T05:58:12","guid":{"rendered":"https:\/\/www.europesays.com\/de\/826415\/"},"modified":"2026-02-26T05:58:12","modified_gmt":"2026-02-26T05:58:12","slug":"hamburg-tribute-album-zum-80-geburtstag-von-udo-lindenberg","status":"publish","type":"post","link":"https:\/\/www.europesays.com\/de\/826415\/","title":{"rendered":"Hamburg | Tribute-Album zum 80. Geburtstag von Udo Lindenberg"},"content":{"rendered":"<p>Hamburg (dpa) &#8211; Musiker wie Hans Zimmer, Peter Maffay oder Inga Humpe verneigen sich mit einem Tribute-Album vor Udo Lindenberg zu seinem 80. Geburtstag. Auf dem Album mit dem Titel \u00abWe love Udo &#8211; Das Udo Lindenberg Tribute Album\u00bb interpretieren 24 K\u00fcnstlerinnen und K\u00fcnstler ausgew\u00e4hlte Lindenberg-Songs neu \u2013 von \u00abIch lieb\u2019 dich \u00fcberhaupt nicht mehr\u00bb (Max Giesinger) bis \u00abBis ans Ende der Welt\u00bb (Ina M\u00fcller).\u00a0<\/p>\n<p>\u00abDas Album versammelt neue Versionen ausgew\u00e4hlter Lindenberg-Songs \u2013 mal nah am Original, mal \u00fcberraschend neu gedacht, mal reduziert, mal kraftvoll aufgeladen\u00bb, teilte die Agentur Peter Lanz mit. Was die Interpretationen verbindet, sei der Respekt vor einem \u0152uvre, das in der deutschsprachigen Musikgeschichte einzigartig ist: poetisch, unbequem, klar, menschlich \u2013 und immer mit Haltung.<\/p>\n<p>Das Album erscheint am 8. Mai. Die erste Single-Auskopplung kommt schon am 27. Februar von der Musikerin C\u00e9line. \u00abUdo Lindenberg war f\u00fcr mich nie einfach nur ein Musiker, sondern eine unverwechselbare K\u00fcnstlerpers\u00f6nlichkeit\u00bb, sagt C\u00e9line, die das Lied \u00abPlan B\u00bb neu interpretiert.\u00a0<\/p>\n<p>Udo Lindenberg, 1946 im westf\u00e4lischen Gronau geboren, wird am 17. Mai 80 Jahre alt.<\/p>\n","protected":false},"excerpt":{"rendered":"Hamburg (dpa) &#8211; Musiker wie Hans Zimmer, Peter Maffay oder Inga Humpe verneigen sich mit einem Tribute-Album vor&hellip;\n","protected":false},"author":2,"featured_media":826416,"comment_status":"","ping_status":"","sticky":false,"template":"","format":"standard","meta":{"footnotes":"","_share_on_mastodon":"0"},"categories":[1826],"tags":[29,30,692,2549,810],"class_list":["post-826415","post","type-post","status-publish","format-standard","has-post-thumbnail","category-hamburg","tag-deutschland","tag-germany","tag-hamburg","tag-leute","tag-musik"],"share_on_mastodon":{"url":"https:\/\/pubeurope.com\/@de\/116135402340828669","error":""},"_links":{"self":[{"href":"https:\/\/www.europesays.com\/de\/wp-json\/wp\/v2\/posts\/826415","targetHints":{"allow":["GET"]}}],"collection":[{"href":"https:\/\/www.europesays.com\/de\/wp-json\/wp\/v2\/posts"}],"about":[{"href":"https:\/\/www.europesays.com\/de\/wp-json\/wp\/v2\/types\/post"}],"author":[{"embeddable":true,"href":"https:\/\/www.europesays.com\/de\/wp-json\/wp\/v2\/users\/2"}],"replies":[{"embeddable":true,"href":"https:\/\/www.europesays.com\/de\/wp-json\/wp\/v2\/comments?post=826415"}],"version-history":[{"count":0,"href":"https:\/\/www.europesays.com\/de\/wp-json\/wp\/v2\/posts\/826415\/revisions"}],"wp:featuredmedia":[{"embeddable":true,"href":"https:\/\/www.europesays.com\/de\/wp-json\/wp\/v2\/media\/826416"}],"wp:attachment":[{"href":"https:\/\/www.europesays.com\/de\/wp-json\/wp\/v2\/media?parent=826415"}],"wp:term":[{"taxonomy":"category","embeddable":true,"href":"https:\/\/www.europesays.com\/de\/wp-json\/wp\/v2\/categories?post=826415"},{"taxonomy":"post_tag","embeddable":true,"href":"https:\/\/www.europesays.com\/de\/wp-json\/wp\/v2\/tags?post=826415"}],"curies":[{"name":"wp","href":"https:\/\/api.w.org\/{rel}","templated":true}]}}