{"id":826498,"date":"2026-02-26T06:45:16","date_gmt":"2026-02-26T06:45:16","guid":{"rendered":"https:\/\/www.europesays.com\/de\/826498\/"},"modified":"2026-02-26T06:45:16","modified_gmt":"2026-02-26T06:45:16","slug":"highspeed-karussell-faehrt-ohne-kiwis-und-franzosen","status":"publish","type":"post","link":"https:\/\/www.europesays.com\/de\/826498\/","title":{"rendered":"Highspeed-Karussell f\u00e4hrt ohne Kiwis und Franzosen"},"content":{"rendered":"<p class=\"has-link\">Der Zirkus zieht weiter und l\u00e4sst zwei Teams zur\u00fcck. Nach der schweren Kollision beim SailGP von Auckland zwischen Neuseeland und Frankreich steht nun bereits der n\u00e4chste Stopp auf der Tour an. Er kommt zu fr\u00fch f\u00fcr die <a class=\"is-link\" href=\"https:\/\/floatmagazin.de\/leute\/hat-sailgp-den-bogen-ueberspannt\/\" target=\"_blank\" rel=\"noopener nofollow\">beiden Crash-Teams<\/a>. Neuseeland und Frankreich werden fehlen, wenn es am Wochenende vor Sydney auf den Kurs geht.<\/p>\n<p class=\"has-link\">Die knappe Zeit zwischen den beiden Grand Prix in Neuseeland und Australien reichte gerade einmal, um die Ursachen f\u00fcr den Rennunfall zu erforschen. Der gro\u00dfe Stapel Carbon-Schrott, der dabei entstanden ist, konnte dagegen noch nicht wieder zusammengesetzt werden.<\/p>\n<p class=\"has-link\">So werden also nur elf Teams ab Samstag (Rennstart um 7:30 Uhr deutscher Zeit) auf der spektakul\u00e4ren Rennstrecke in der Bucht von Sydney an den Start gehen. Die deutsche Mannschaft setzt dabei wieder auf das Team, das sich seit dem Saisonbeginn in Downunder zusammenfindet.<\/p>\n<p>\n<\/p>\n<p class=\"has-link\">Skipper Erik Kosegarten-Heil wird die Abstimmung mit Wing-Trimmer Kevin Peponnet weiter verfeinern m\u00fcssen, um im Konzert an der Spitze mitspielen zu k\u00f6nnen. Der Franzose sorgt seit dieser Saison f\u00fcr den Speed an Bord.<\/p>\n<p>Gebremste Adrenalinaussch\u00fcttung<\/p>\n<p class=\"has-link\">W\u00e4hrend das Timing der Startbeschleunigung zum Saisonauftakt von Perth noch nicht stimmte, waren die Auftritte in Auckland vielversprechender. Vor allem am zweiten Tag von Neuseeland, als das Feld halbiert wurde, konnte sich der wei\u00df-blaue Renner aus Deutschland gut an der Linie positionieren.<\/p>\n<p class=\"has-link\">Durch den Ausfall der Kiwis und der Franzosen in Sydney wird es auch am Wochenende etwas luftiger in der Startbox. Die Adrenalinaussch\u00fcttung d\u00fcrfte also etwas gebremst sein. Denn der Crash von Auckland hat gezeigt, wie eng es mit 13 Teams im Hochgeschwindigkeitsrennen auf dem Kurs ist.<\/p>\n<p><img data-recalc-dims=\"1\" decoding=\"async\" class=\"lazy size-full wp-image-206214\" src=\"https:\/\/www.europesays.com\/de\/wp-content\/uploads\/2026\/02\/2026-02-25-team-germany-samo-vidic.jpg\" alt=\"\" width=\"680\" height=\"453\" loading=\"lazy\"  \/><\/p>\n<p>F\u00fcr das deutsche Team ist ein entspannteres Feld von F50 gut \u00a9 Samo Vidic for SailGP<\/p>\n<p class=\"has-link\">Wenige Tage vor dem Start des kommenden Grand Prix hat SailGP nun den Bericht zur Ursachenforschung des Auckland-Crashes vorgelegt. Der Vorfall ereignete sich zu Beginn des dritten Rennens am ersten Wettkampftag.<\/p>\n<p class=\"has-link\">Der neuseel\u00e4ndische F50-Katamaran verlor kurz vor der ersten Boje die Kontrolle und rutschte abrupt in den Kurs des franz\u00f6sischen F50-Katamarans. Beide Boote wurden erheblich besch\u00e4digt, und zwei Athleten wurden bei der Kollision verletzt.<\/p>\n<p>                <a class=\"prev\" href=\"https:\/\/floatmagazin.de\/leute\/saxdor-eine-werft-auf-der-ueberholspur-saxdor-460-gtc\/\" rel=\"nofollow noopener\" target=\"_blank\"><\/p>\n<p>\n                            Vorheriger Artikel:<br \/>\n                            Eine Werft auf der \u00dcberholspur\n                        <\/p>\n<p>            <\/a><\/p>\n","protected":false},"excerpt":{"rendered":"Der Zirkus zieht weiter und l\u00e4sst zwei Teams zur\u00fcck. Nach der schweren Kollision beim SailGP von Auckland zwischen&hellip;\n","protected":false},"author":2,"featured_media":826499,"comment_status":"","ping_status":"","sticky":false,"template":"","format":"standard","meta":{"footnotes":"","_share_on_mastodon":"0"},"categories":[3974],"tags":[331,332,185117,548,663,3934,3980,156,113833,13,14,15,23692,12],"class_list":["post-826498","post","type-post","status-publish","format-standard","has-post-thumbnail","category-frankreich","tag-aktuelle-nachrichten","tag-aktuelle-news","tag-erik-kosegarten-heil","tag-eu","tag-europa","tag-europe","tag-france","tag-frankreich","tag-germany-sailgp-team","tag-headlines","tag-nachrichten","tag-news","tag-sailgp","tag-schlagzeilen"],"share_on_mastodon":{"url":"https:\/\/pubeurope.com\/@de\/116135587148041434","error":""},"_links":{"self":[{"href":"https:\/\/www.europesays.com\/de\/wp-json\/wp\/v2\/posts\/826498","targetHints":{"allow":["GET"]}}],"collection":[{"href":"https:\/\/www.europesays.com\/de\/wp-json\/wp\/v2\/posts"}],"about":[{"href":"https:\/\/www.europesays.com\/de\/wp-json\/wp\/v2\/types\/post"}],"author":[{"embeddable":true,"href":"https:\/\/www.europesays.com\/de\/wp-json\/wp\/v2\/users\/2"}],"replies":[{"embeddable":true,"href":"https:\/\/www.europesays.com\/de\/wp-json\/wp\/v2\/comments?post=826498"}],"version-history":[{"count":0,"href":"https:\/\/www.europesays.com\/de\/wp-json\/wp\/v2\/posts\/826498\/revisions"}],"wp:featuredmedia":[{"embeddable":true,"href":"https:\/\/www.europesays.com\/de\/wp-json\/wp\/v2\/media\/826499"}],"wp:attachment":[{"href":"https:\/\/www.europesays.com\/de\/wp-json\/wp\/v2\/media?parent=826498"}],"wp:term":[{"taxonomy":"category","embeddable":true,"href":"https:\/\/www.europesays.com\/de\/wp-json\/wp\/v2\/categories?post=826498"},{"taxonomy":"post_tag","embeddable":true,"href":"https:\/\/www.europesays.com\/de\/wp-json\/wp\/v2\/tags?post=826498"}],"curies":[{"name":"wp","href":"https:\/\/api.w.org\/{rel}","templated":true}]}}