{"id":826615,"date":"2026-02-26T07:56:12","date_gmt":"2026-02-26T07:56:12","guid":{"rendered":"https:\/\/www.europesays.com\/de\/826615\/"},"modified":"2026-02-26T07:56:12","modified_gmt":"2026-02-26T07:56:12","slug":"15-m-net-firmenlauf-augsburg-aktuelle-sportnachrichten-aus-augsburg","status":"publish","type":"post","link":"https:\/\/www.europesays.com\/de\/826615\/","title":{"rendered":"15. M-NET FIRMENLAUF AUGSBURG &#8211; aktuelle Sportnachrichten aus Augsburg"},"content":{"rendered":"<p>Firmenlauf in Rekordzeit ausgebucht\u00a0(25.02.2026)<\/p>\n<p>Bereits zum 15. Mal findet der M-net\u00a0Firmenlauf Augsburg in diesem Jahr statt.\u00a0Seit 11 Uhr am gestrigen Dienstag, den 24. Februar 2026, hatten Teilnahmewillige die M\u00f6glichkeit, sich f\u00fcr\u00a0die Veranstaltung\u00a0anzumelden, die\u00a0am\u00a0<\/p>\n<p>19. Mai 2026\u00a0erneut\u00a0sowohl\u00a0als Pr\u00e4senzlauf als auch als virtueller Lauf\u00a0ausgetragen\u00a0wird. Hatte es im letzten Jahr noch eine knappe Woche gedauert bis alle 14.000 Startpl\u00e4tze des Pr\u00e4senzlaufes vergeben waren, wurde\u00a0in diesem Jahr\u00a0ein neuer Rekord erzielt. Nach 15 Sekunden waren bereits die ersten 3.700 Startpl\u00e4tze\u00a0gebucht,\u00a0nach weniger als einer Minute 6.400 Teilnehmer\u00a0angemeldet. Nach\u00a0nicht einmal\u00a06 Stunden, um exakt 15:38\u00a0Uhr, waren\u00a0alle zur Verf\u00fcgung stehenden Startpl\u00e4tze vergeben. Der Pr\u00e4senzlauf ist somit vollst\u00e4ndig ausgebucht.\u00a0<\/p>\n<p><strong>Virtueller Firmenlauf &amp;\u00a0<\/strong><strong>AUXburg<\/strong><strong>\u00a0Wandert<\/strong><strong>\u00a0<\/strong><strong>\u2013<\/strong><strong>\u00a0<\/strong><strong>noch Startpl\u00e4tze verf\u00fcgbar<\/strong><\/p>\n<p>Wer keinen der begehrten Pr\u00e4senzlauf Startpl\u00e4tze ergattern konnte, kann \u00fcbrigens dennoch die Atmosph\u00e4re einer gemeinsamen Veranstaltung mit Kollegen\u00a0genie\u00dfen: Sowohl beim virtuellen M-net\u00a0Firmenlauf am 19. Mai 2026 als auch bei\u00a0AUXburg\u00a0Wandert, dem neuen Firmenwandertag in Augsburg am 24. September 2026, sind noch Startpl\u00e4tze verf\u00fcgbar. Alle Informationen dazu sowie die Anmeldung\u00a0befinden\u00a0sich auf der Website des M-net\u00a0Firmenlauf Augsburg.<\/p>\n<p><strong>Laufend helfen \u2013 das Charity Projekt de<\/strong><strong>r km Sport-Agentur im Rahmen des\u00a0<\/strong><strong>Augsburger Firmenlaufs<\/strong><\/p>\n<p>Mit dem M-net\u00a0Firmenlauf m\u00f6chte die km Sport-Agentur, Initiatorin und Veranstalterin des\u00a0Laufes\u00a0auch ein wichtiges Zeichen f\u00fcr Solidarit\u00e4t\u00a0setzen\u00a0und vor Ort im Raum Augsburg Gutes tun.\u00a0Deshalb spendet die Stadtberger Agentur rund um Katja Mayer seit dem ersten Firmenlauf jeweils einen Teil der Startgeb\u00fchren an soziale Projekte in Augsburg und Umgebung: \u201eAuf diese Weise tragen wir\u00a0gemeinsam mit allen L\u00e4ufern\u00a0unseren Teil dazu bei, die Welt ein kleines bisschen besser zu machen. Wir freuen uns schon jetzt auf spannende,\u00a0zuk\u00fcnftige Projekte, die wir auf den Weg bringen d\u00fcrfen!\u201c freut sich Gesch\u00e4ftsf\u00fchrerin Katja Mayer.<\/p>\n<p>Aussagekr\u00e4ftige Projektantr\u00e4ge nimmt die km Sport-Agentur noch bis 15. April 2026 entgegen.\u00a0Die folgenden Anforderungen sollte das Projekt erf\u00fcllen:\u00a0<\/p>\n<p>\u2022\u00a0In sich abgeschlossen<\/p>\n<p>\u2022\u00a0Sozial motiviert<\/p>\n<p>\u2022\u00a0Standort in Augsburg oder Umgebung<\/p>\n<p>\u2022\u00a0Ein sportlicher Inhalt w\u00e4re sch\u00f6n, ist aber kein Muss<\/p>\n<p class=\"has-medium-font-size\"><strong>FAKTEN ZUM\u00a015. M-NET-FIRMENLAUF AUGSBURG<\/strong><\/p>\n<p><strong>WANN:<\/strong><strong>\u00a0<\/strong><strong>Dienstag<\/strong><strong>,\u00a0<\/strong><strong>19.<\/strong><strong>\u00a0Mai 20<\/strong><strong>2<\/strong><strong>6<\/strong><\/p>\n<p>17:00 Start des Rahmenprogramms<\/p>\n<p>17:45\u00a01. Teil des Live Konzerts der Band \u201eSM!LE\u201c\u00a0<\/p>\n<p>18:30\u00a01. Startwelle des 15. M-net\u00a0Firmenlauf Augsburg<\/p>\n<p>19:00 2. Startwelle des 15. M-net\u00a0Firmenlauf Augsburg<\/p>\n<p>20:00\u00a02. Teil des Live Konzerts der Band \u201eSM!LE\u201c\u00a0<\/p>\n<p>20:30 Siegerehrungen<\/p>\n<p>21:15\u00a03. Teil des Live Konzerts der Band \u201eSM!LE\u201c\u00a0<\/p>\n<p>23:00 Ende der Veranstaltung<\/p>\n<p><strong>WO:<\/strong><strong>\u00a0<\/strong><strong>Messe Augsburg<\/strong><\/p>\n<p><strong>TEILNEHMERLIMIT<\/strong><strong>\u00a0PR\u00c4SENZLAUF<\/strong><strong>:<\/strong><strong>\u00a01<\/strong><strong>4<\/strong><strong>.000<\/strong><strong>\u00a0(7.000 pro Startwelle)<\/strong><\/p>\n<p><strong>STRECKE:<\/strong><strong>\u00a0<\/strong><strong>Autofreier Rundkurs<\/strong><\/p>\n<p>Start &amp; Ziel an der Messe; Streckenl\u00e4nge\u00a05,3\u00a0km, H\u00f6henunterschied 30 m; Untergrund: Asphalt;\u00a0<\/p>\n<p>Laufrichtung im Uhrzeigersinn<\/p>\n<p><strong>WERTUNGEN:<\/strong><strong>\u00a0<\/strong><strong>Teams, Einzelstarter, bestes Kost\u00fcm\u00a0<\/strong><\/p>\n<p><strong>CHARITY:<\/strong><strong\/><\/p>\n<p><strong>1<\/strong><strong>\u00a0\u20ac je L\u00e4ufer gehen an\u00a0<\/strong><strong>s<\/strong><strong>oziale Projekte im Raum Augsburg. Bewerbungen bis\u00a0<\/strong><strong>15. April<\/strong><strong>\u00a020<\/strong><strong>2<\/strong><strong>6<\/strong><strong>.\u00a0<\/strong><\/p>\n<p><strong>KONTAKTADRESSE F\u00dcR CHARITY-PROJEKT-BEWERBUNGEN:\u00a0<\/strong><\/p>\n<p><strong>km Sport-Agentur<\/strong><\/p>\n<p>Kappbergstra\u00dfe 1<\/p>\n<p>86391 Stadtbergen<\/p>\n<p>E-Mail: ed.ru1772092572tnega1772092572trops1772092572-mk@y1772092572tirah1772092572c1772092572<\/p>\n<p>Telefon: 0821 \u2013 56 77 588<\/p>\n<p><a href=\"https:\/\/www.m-net-firmenlauf-augsburg.de\/charity.html\" target=\"_blank\" rel=\"noreferrer noopener nofollow\">https:\/\/www.m-net-firmenlauf-augsburg.de\/charity.html<\/a><\/p>\n<p><strong>LEISTUNGEN:\u00a0<\/strong><\/p>\n<p>Chipzeitmessung;\u00a0Finisher-Medaille; Streckenausschilderung mit Kilometerangaben; Getr\u00e4nke, Obst und Backwaren im Zielbereich; Verpflegungsstation (Wasser) an der Strecke; medizinische Versorgung; Moderation &amp; Unterhaltungsprogramm im Start-\/Zielbereich; Online-Ergebnisliste; Online-Urkunde; Online-Zieleinlaufvideo; Umkleide; Gep\u00e4ckaufbewahrung; Party mit Live-Konzert; Sachpreise bei den Ehrungen<\/p>\n<p><strong>INFORMATIONEN &amp; ANMELDUNG:<\/strong>\u00a0<a href=\"http:\/\/www.m-net-firmenlauf-augsburg.de\" target=\"_blank\" rel=\"noreferrer noopener nofollow\">www.m-net-firmenlauf-augsburg.de<\/a><\/p>\n","protected":false},"excerpt":{"rendered":"Firmenlauf in Rekordzeit ausgebucht\u00a0(25.02.2026) Bereits zum 15. Mal findet der M-net\u00a0Firmenlauf Augsburg in diesem Jahr statt.\u00a0Seit 11 Uhr&hellip;\n","protected":false},"author":2,"featured_media":826616,"comment_status":"","ping_status":"","sticky":false,"template":"","format":"standard","meta":{"footnotes":"","_share_on_mastodon":"0"},"categories":[1846],"tags":[28693,680,185178,185179,772,185180,3364,29,548,663,3934,30,13,185181,185182,14,15,185183,12,185184,185185,141350,4605],"class_list":["post-826615","post","type-post","status-publish","format-standard","has-post-thumbnail","category-augsburg","tag-firmenlauf","tag-augsburg","tag-augsburgsport","tag-auxburgwandert","tag-bayern","tag-charityrun","tag-de","tag-deutschland","tag-eu","tag-europa","tag-europe","tag-germany","tag-headlines","tag-laufenmachtgluecklich","tag-mnetfirmenlauf","tag-nachrichten","tag-news","tag-rekordanmeldung","tag-schlagzeilen","tag-sportaugsburg","tag-sportinaugsburg","tag-sportnews","tag-sports"],"share_on_mastodon":{"url":"https:\/\/pubeurope.com\/@de\/116135866324645459","error":""},"_links":{"self":[{"href":"https:\/\/www.europesays.com\/de\/wp-json\/wp\/v2\/posts\/826615","targetHints":{"allow":["GET"]}}],"collection":[{"href":"https:\/\/www.europesays.com\/de\/wp-json\/wp\/v2\/posts"}],"about":[{"href":"https:\/\/www.europesays.com\/de\/wp-json\/wp\/v2\/types\/post"}],"author":[{"embeddable":true,"href":"https:\/\/www.europesays.com\/de\/wp-json\/wp\/v2\/users\/2"}],"replies":[{"embeddable":true,"href":"https:\/\/www.europesays.com\/de\/wp-json\/wp\/v2\/comments?post=826615"}],"version-history":[{"count":0,"href":"https:\/\/www.europesays.com\/de\/wp-json\/wp\/v2\/posts\/826615\/revisions"}],"wp:featuredmedia":[{"embeddable":true,"href":"https:\/\/www.europesays.com\/de\/wp-json\/wp\/v2\/media\/826616"}],"wp:attachment":[{"href":"https:\/\/www.europesays.com\/de\/wp-json\/wp\/v2\/media?parent=826615"}],"wp:term":[{"taxonomy":"category","embeddable":true,"href":"https:\/\/www.europesays.com\/de\/wp-json\/wp\/v2\/categories?post=826615"},{"taxonomy":"post_tag","embeddable":true,"href":"https:\/\/www.europesays.com\/de\/wp-json\/wp\/v2\/tags?post=826615"}],"curies":[{"name":"wp","href":"https:\/\/api.w.org\/{rel}","templated":true}]}}