{"id":826807,"date":"2026-02-26T09:44:16","date_gmt":"2026-02-26T09:44:16","guid":{"rendered":"https:\/\/www.europesays.com\/de\/826807\/"},"modified":"2026-02-26T09:44:16","modified_gmt":"2026-02-26T09:44:16","slug":"trotz-aufstiegs-absage-andy-wolf-bleibt-dem-1-fc-nuernberg-treu","status":"publish","type":"post","link":"https:\/\/www.europesays.com\/de\/826807\/","title":{"rendered":"Trotz Aufstiegs-Absage: Andy Wolf bleibt dem 1. FC N\u00fcrnberg treu"},"content":{"rendered":"<p>Am gestrigen Mittwoch hatte der 1. FC N\u00fcrnberg verk\u00fcndet, was die Spatzen rund um den Valznerweiher schon von den D\u00e4chern pfiffen: Im Fall der U23 werden die Lizenzunterlagen f\u00fcr die 3. Liga nicht eingereicht. Hei\u00dft: Auch im Erfolgsfall, sollte der FCN-Nachwuchs tats\u00e4chlich die Meisterschaft in der Regionalliga Bayern holen, bleibt die zweite Mannschaft auch n\u00e4chstes Jahr viertklassig. Die Aufstiegs-Absage hat aber zu keinen vereinsinternen Verwerfungen gef\u00fchrt, ganz im Gegenteil: Nur einen Tag sp\u00e4ter am heutigen Donnerstag kann der Club verk\u00fcnden: U23-Erfolgscoach <a href=\"https:\/\/www.fupa.net\/player\/andreas-wolf-26156\" target=\"_blank\" rel=\"noopener nofollow\">Andy Wolf<\/a> bleibt an Bord und wird auch in der kommenden Saison die zweite Mannschaft trainieren. Der 43-J\u00e4hrige, Teil des legend\u00e4ren FCN-Teams, das 2007 den DFB-Pokal holte, geht dann im Sommer in seiner vierte Saison als Cheftrainer der U23. <\/p>\n<p>&#8222;Andreas Wolf verk\u00f6rpert den 1. FC N\u00fcrnberg wie kaum ein Zweiter, wir sind daher \u00e4u\u00dferst gl\u00fccklich dar\u00fcber, dass er auch in Zukunft die Rolle des U23-Cheftrainers \u00fcbernimmt. Durch seine akribische Arbeit gelingt es ihm, unsere Nachwuchsfu\u00dfballer nachhaltig auf den Profifu\u00dfball vorzubereiten und die Talente auch dank seiner eigenen Erfahrungen bestm\u00f6glich zu f\u00f6rdern. Die U23 spielt zudem bisher eine herausragende Saison, weshalb gleich klar war, dass wir mit Andreas Wolf gemeinsam in die Zukunft gehen&#8220;, frohlockt Dieter Frey, Direktor ClubNachwuchs beim 1. FC N\u00fcrnberg. <\/p>\n<p>Andy Wolf selbst l\u00e4sst sich in einer offiziellen Pressemitteilung wie folgt zitieren: &#8222;Ich bin sehr gl\u00fccklich dar\u00fcber, dass ich \u00fcber die Saison hinaus als Trainer der U23 arbeiten werde. Ich f\u00fchle mich hier ligaunabh\u00e4ngig sehr wohl und kann meine Expertise gezielt einbringen. Nat\u00fcrlich steht uns weiterhin viel Arbeit bevor, doch ich werde nach wie vor mein Bestes geben, um die Entwicklung unserer Talente im ClubNachwuchs zielf\u00fchrend voranzutreiben und zu gew\u00e4hrleisten, dass sich der Nachwuchsfu\u00dfball beim FCN auch k\u00fcnftig Tag f\u00fcr Tag weiterentwickelt.&#8220;<\/p>\n","protected":false},"excerpt":{"rendered":"Am gestrigen Mittwoch hatte der 1. FC N\u00fcrnberg verk\u00fcndet, was die Spatzen rund um den Valznerweiher schon von&hellip;\n","protected":false},"author":2,"featured_media":826808,"comment_status":"","ping_status":"","sticky":false,"template":"","format":"standard","meta":{"footnotes":"","_share_on_mastodon":"0"},"categories":[1837],"tags":[783,621,182742,772,3364,29,181264,30,3783,22673],"class_list":["post-826807","post","type-post","status-publish","format-standard","has-post-thumbnail","category-nuernberg","tag-1-fc-nuernberg","tag-2-bundesliga","tag-andreas-wolf","tag-bayern","tag-de","tag-deutschland","tag-dieter-frey","tag-germany","tag-nuernberg","tag-regionalliga-bayern"],"share_on_mastodon":{"url":"https:\/\/pubeurope.com\/@de\/116136290894362060","error":""},"_links":{"self":[{"href":"https:\/\/www.europesays.com\/de\/wp-json\/wp\/v2\/posts\/826807","targetHints":{"allow":["GET"]}}],"collection":[{"href":"https:\/\/www.europesays.com\/de\/wp-json\/wp\/v2\/posts"}],"about":[{"href":"https:\/\/www.europesays.com\/de\/wp-json\/wp\/v2\/types\/post"}],"author":[{"embeddable":true,"href":"https:\/\/www.europesays.com\/de\/wp-json\/wp\/v2\/users\/2"}],"replies":[{"embeddable":true,"href":"https:\/\/www.europesays.com\/de\/wp-json\/wp\/v2\/comments?post=826807"}],"version-history":[{"count":0,"href":"https:\/\/www.europesays.com\/de\/wp-json\/wp\/v2\/posts\/826807\/revisions"}],"wp:featuredmedia":[{"embeddable":true,"href":"https:\/\/www.europesays.com\/de\/wp-json\/wp\/v2\/media\/826808"}],"wp:attachment":[{"href":"https:\/\/www.europesays.com\/de\/wp-json\/wp\/v2\/media?parent=826807"}],"wp:term":[{"taxonomy":"category","embeddable":true,"href":"https:\/\/www.europesays.com\/de\/wp-json\/wp\/v2\/categories?post=826807"},{"taxonomy":"post_tag","embeddable":true,"href":"https:\/\/www.europesays.com\/de\/wp-json\/wp\/v2\/tags?post=826807"}],"curies":[{"name":"wp","href":"https:\/\/api.w.org\/{rel}","templated":true}]}}