{"id":826890,"date":"2026-02-26T10:30:15","date_gmt":"2026-02-26T10:30:15","guid":{"rendered":"https:\/\/www.europesays.com\/de\/826890\/"},"modified":"2026-02-26T10:30:15","modified_gmt":"2026-02-26T10:30:15","slug":"grosse-fanparty-zum-125-vereinsjubilaeum-am-14-maerz","status":"publish","type":"post","link":"https:\/\/www.europesays.com\/de\/826890\/","title":{"rendered":"Gro\u00dfe Fanparty zum 125. Vereinsjubil\u00e4um am 14. M\u00e4rz"},"content":{"rendered":"<p>Zum 125. Vereinsjubil\u00e4um <\/p>\n<p>Gro\u00dfe Alemannia-Fanparty geplant \u2013 Ballermann-Star tritt auf<\/p>\n<p>26.02.2026 &#8211; 10:53 UhrLesedauer: 1 Min.<\/p>\n<p><a href=\"#focus-0\" class=\"transition-colors duration-200 block text-current relative\" data-sctrack=\"FocusGalleryImage.Reference\"><img fetchpriority=\"high\" data-testid=\"Opener.Image\" style=\"--lqipURL:url('https:\/\/images.t-online.de\/2026\/02\/orkcwy9WQEeE\/0x125:4000x2250\/fit-in\/150x0\/filters:blur(25)\/peter-wackel-bei-einem-auftritt-im-bierkoenig-archivbild-der-bekannte-saenger-kommt-nach-zur-alemannia-feier.jpg')\"   loading=\"eager\" src=\"https:\/\/www.europesays.com\/de\/wp-content\/uploads\/2026\/02\/peter-wackel-bei-einem-auftritt-im-bierkoenig-archivbild-der-bekannte-saenger-kommt-nach-zur-alemann.jpeg\" alt=\"imago images 0470073760\" title=\"imago images 0470073760\" width=\"4000\" height=\"2250\" class=\"bg-[url:var(--lqipURL)] bg-cover bg-center flex h-full w-full max-w-full\" decoding=\"async\"\/><img style=\"--width:32;--height:32\" loading=\"lazy\" src=\"https:\/\/aachen.t-online.de\/s\/paper\/_next\/static\/media\/zoom-in.f7dae02f.svg\" alt=\"Vergr\u00f6\u00dfern des Bildes\" title=\"Vergr\u00f6\u00dfern des Bildes\" class=\"block h-[calc(var(--height)_\/_16_*_1rem)] w-[calc(var(--width)_\/_16_*_1rem)] max-w-none absolute bottom-8 right-8 rounded-4 bg-snow p-8\" decoding=\"async\"\/><\/a><\/p>\n<p>Peter Wackel bei einem Auftritt im Bierk\u00f6nig (Archivbild): Der bekannte S\u00e4nger kommt zur Alemannia-Feier. (Quelle: IMAGO)<\/p>\n<p class=\"font-bold text-18 leading-17 user-text-lg:text-22 user-text-xl:text-24\">Die Alemannia l\u00e4dt im M\u00e4rz zur Jubil\u00e4umsparty ins Aachener Event Center ein. Mehrere Live-Auftritte bringen Stimmung \u2013 auch ein bekannter Partyschlagers\u00e4nger kommt.<\/p>\n<p class=\"text-18 leading-17 user-text-lg:text-22 user-text-xl:text-24\"><a class=\"transition-colors duration-200 cursor-pointer text-inherit no-underline text-salemsfur md:hover:text-magenta md:hover:border-magenta md:focus:text-magenta border-current border-b border-solid break-words\" href=\"https:\/\/www.t-online.de\/themen\/alemannia-aachen\/\" data-sctrack=\"BodyAnchor\" rel=\"nofollow noopener\" target=\"_blank\">Alemannia Aachen<\/a> feiert sein 125-j\u00e4hriges Bestehen mit einer gro\u00dfen Fanparty. Am Samstag, 14. M\u00e4rz 2026, verwandelt sich das Aachener Event Center in W\u00fcrselen in eine schwarz-gelbe Feierzone.<\/p>\n<p class=\"text-18 leading-17 user-text-lg:text-22 user-text-xl:text-24\">Die Party beginnt um 20 Uhr, Einlass ist ab 19 Uhr. Auf der B\u00fchne stehen unter anderem Partyschlagers\u00e4nger Peter Wackel, die 4 Amigos, Roxy, Uwe Barthel und Djane Nanasky. Insgesamt werden 2.000 Tickets angeboten.<\/p>\n<p class=\"text-18 leading-17 user-text-lg:text-22 user-text-xl:text-24\">Der Vorverkauf hat am Mittwoch \u00fcber die Vereinswebseite gestartet. Karten kosten 25 Euro im Vorverkauf, an der Abendkasse 29 Euro. Jeder Besucher erh\u00e4lt beim Vorzeigen des Tickets ein Freibier.<\/p>\n<p class=\"text-18 leading-17 user-text-lg:text-22 user-text-xl:text-24\">F\u00fcr ein exklusives Erlebnis gibt es zehn VIP-Tische f\u00fcr jeweils sechs Personen. Sie bieten eigenen Eingang, separate Bar, eigene Toiletten, beste Sicht auf die B\u00fchne sowie eine Flasche Wodka, Whisky, Gin oder Rum und Softgetr\u00e4nke. Der Preis pro VIP-Tisch betr\u00e4gt 500 Euro.<\/p>\n","protected":false},"excerpt":{"rendered":"Zum 125. Vereinsjubil\u00e4um Gro\u00dfe Alemannia-Fanparty geplant \u2013 Ballermann-Star tritt auf 26.02.2026 &#8211; 10:53 UhrLesedauer: 1 Min. Peter Wackel&hellip;\n","protected":false},"author":2,"featured_media":826891,"comment_status":"","ping_status":"","sticky":false,"template":"","format":"standard","meta":{"footnotes":"","_share_on_mastodon":"0"},"categories":[1853],"tags":[722,72885,1424,999,3015,3364,29,548,663,3934,30,13,66401,14,15,1209,15059,12,32672,30436],"class_list":["post-826890","post","type-post","status-publish","format-standard","has-post-thumbnail","category-aachen","tag-722","tag-72885","tag-aachen","tag-alemannia-aachen","tag-ballermann","tag-de","tag-deutschland","tag-eu","tag-europa","tag-europe","tag-germany","tag-headlines","tag-jubilaeumsparty","tag-nachrichten","tag-news","tag-nordrhein-westfalen","tag-peter-wackel","tag-schlagzeilen","tag-vereinsjubilaeum","tag-wuerselen"],"share_on_mastodon":{"url":"https:\/\/pubeurope.com\/@de\/116136472054269711","error":""},"_links":{"self":[{"href":"https:\/\/www.europesays.com\/de\/wp-json\/wp\/v2\/posts\/826890","targetHints":{"allow":["GET"]}}],"collection":[{"href":"https:\/\/www.europesays.com\/de\/wp-json\/wp\/v2\/posts"}],"about":[{"href":"https:\/\/www.europesays.com\/de\/wp-json\/wp\/v2\/types\/post"}],"author":[{"embeddable":true,"href":"https:\/\/www.europesays.com\/de\/wp-json\/wp\/v2\/users\/2"}],"replies":[{"embeddable":true,"href":"https:\/\/www.europesays.com\/de\/wp-json\/wp\/v2\/comments?post=826890"}],"version-history":[{"count":0,"href":"https:\/\/www.europesays.com\/de\/wp-json\/wp\/v2\/posts\/826890\/revisions"}],"wp:featuredmedia":[{"embeddable":true,"href":"https:\/\/www.europesays.com\/de\/wp-json\/wp\/v2\/media\/826891"}],"wp:attachment":[{"href":"https:\/\/www.europesays.com\/de\/wp-json\/wp\/v2\/media?parent=826890"}],"wp:term":[{"taxonomy":"category","embeddable":true,"href":"https:\/\/www.europesays.com\/de\/wp-json\/wp\/v2\/categories?post=826890"},{"taxonomy":"post_tag","embeddable":true,"href":"https:\/\/www.europesays.com\/de\/wp-json\/wp\/v2\/tags?post=826890"}],"curies":[{"name":"wp","href":"https:\/\/api.w.org\/{rel}","templated":true}]}}