{"id":826898,"date":"2026-02-26T10:34:33","date_gmt":"2026-02-26T10:34:33","guid":{"rendered":"https:\/\/www.europesays.com\/de\/826898\/"},"modified":"2026-02-26T10:34:33","modified_gmt":"2026-02-26T10:34:33","slug":"57-jaehriger-soll-seine-tochter-vergewaltigt-haben","status":"publish","type":"post","link":"https:\/\/www.europesays.com\/de\/826898\/","title":{"rendered":"57-J\u00e4hriger soll seine Tochter vergewaltigt haben"},"content":{"rendered":"<p class=\"text_ohne_einzug richtext text-em-55 !leading-serif mx-6 desktop:mx-0\">  Am M\u00f6nchengladbacher Landgericht beginnt am 20. M\u00e4rz der Prozess gegen einen 57 Jahre alten Mann aus H\u00fcckelhoven. Er muss sich vor der 1. Gro\u00dfen Strafkammer verantworten. Der Tatvorwurf lautet auf Vergewaltigung und Beischlaf zwischen Verwandten, teilt das Gericht mit.<\/p>\n<p class=\"richtext text-em-55 !leading-serif mx-6 desktop:mx-0\">Wie es weiter hei\u00dft, soll der 57-J\u00e4hrige mit seiner geistig behinderten Tochter, geboren 1998, zwischen Januar 2022 und Ende Juni 2024 bei zehn Gelegenheiten Geschlechtsverkehr gehabt haben, dabei soll er sie auch zum Oralverkehr gezwungen haben. Von diesem Sachverhalt geht die Staatsanwaltschaft aus. Der H\u00fcckelhovener soll immer gewisse Zeitfenster ausgenutzt haben, in denen seine Ehefrau, die Mutter der Gesch\u00e4digten, nicht zu Hause gewesen sei, erkl\u00e4rt die Staatsanwaltschaft weiter.<\/p>\n<p class=\"richtext text-em-55 !leading-serif mx-6 desktop:mx-0\">Der 57 Jahre alte H\u00fcckelhovener soll bei den Taten seiner Tochter gegen\u00fcber immer erkl\u00e4rt haben, sie m\u00fcsse dies lernen. Die Gesch\u00e4digte habe nach Angaben der Staatsanwaltschaft M\u00f6nchengladbach nicht nur verbal, sondern auch gestikulierend mitgeteilt, dass der Vater in den Momenten der Taten gegen ihren Willen gehandelt habe. Das habe der Mann allerdings immer ignoriert.<\/p>\n<p class=\"richtext text-em-55 !leading-serif mx-6 desktop:mx-0\">Der Prozess vor der 1. Gro\u00dfen Strafkammer des Landgerichts in M\u00f6nchengladbach gegen den Mann aus H\u00fcckelhoven beginnt am 20. M\u00e4rz, danach sind laut Staatsanwaltschaft drei weitere Verhandlungstermine angesetzt, die am 23. M\u00e4rz, 24. M\u00e4rz und am 27. M\u00e4rz stattfinden sollen. Am 27. M\u00e4rz k\u00f6nnte dann auch das Urteil gegen den Angeklagten gesprochen werden.<\/p>\n","protected":false},"excerpt":{"rendered":"Am M\u00f6nchengladbacher Landgericht beginnt am 20. M\u00e4rz der Prozess gegen einen 57 Jahre alten Mann aus H\u00fcckelhoven. Er&hellip;\n","protected":false},"author":2,"featured_media":826899,"comment_status":"","ping_status":"","sticky":false,"template":"","format":"standard","meta":{"footnotes":"","_share_on_mastodon":"0"},"categories":[1849],"tags":[6507,3364,29,33928,548,663,3934,30,13,27496,185233,4455,14,15,1209,1269,12,1997,77592,12468],"class_list":["post-826898","post","type-post","status-publish","format-standard","has-post-thumbnail","category-moenchengladbach","tag-beginnt","tag-de","tag-deutschland","tag-erklaert","tag-eu","tag-europa","tag-europe","tag-germany","tag-headlines","tag-hueckelhoven","tag-hueckelhovener","tag-moenchengladbach","tag-nachrichten","tag-news","tag-nordrhein-westfalen","tag-prozess","tag-schlagzeilen","tag-staatsanwaltschaft","tag-strafkammer","tag-tochter"],"share_on_mastodon":{"url":"https:\/\/pubeurope.com\/@de\/116136487600084775","error":""},"_links":{"self":[{"href":"https:\/\/www.europesays.com\/de\/wp-json\/wp\/v2\/posts\/826898","targetHints":{"allow":["GET"]}}],"collection":[{"href":"https:\/\/www.europesays.com\/de\/wp-json\/wp\/v2\/posts"}],"about":[{"href":"https:\/\/www.europesays.com\/de\/wp-json\/wp\/v2\/types\/post"}],"author":[{"embeddable":true,"href":"https:\/\/www.europesays.com\/de\/wp-json\/wp\/v2\/users\/2"}],"replies":[{"embeddable":true,"href":"https:\/\/www.europesays.com\/de\/wp-json\/wp\/v2\/comments?post=826898"}],"version-history":[{"count":0,"href":"https:\/\/www.europesays.com\/de\/wp-json\/wp\/v2\/posts\/826898\/revisions"}],"wp:featuredmedia":[{"embeddable":true,"href":"https:\/\/www.europesays.com\/de\/wp-json\/wp\/v2\/media\/826899"}],"wp:attachment":[{"href":"https:\/\/www.europesays.com\/de\/wp-json\/wp\/v2\/media?parent=826898"}],"wp:term":[{"taxonomy":"category","embeddable":true,"href":"https:\/\/www.europesays.com\/de\/wp-json\/wp\/v2\/categories?post=826898"},{"taxonomy":"post_tag","embeddable":true,"href":"https:\/\/www.europesays.com\/de\/wp-json\/wp\/v2\/tags?post=826898"}],"curies":[{"name":"wp","href":"https:\/\/api.w.org\/{rel}","templated":true}]}}