{"id":827047,"date":"2026-02-26T11:54:11","date_gmt":"2026-02-26T11:54:11","guid":{"rendered":"https:\/\/www.europesays.com\/de\/827047\/"},"modified":"2026-02-26T11:54:11","modified_gmt":"2026-02-26T11:54:11","slug":"jugendlicher-von-auto-angefahren-polizei-sucht-zeugen","status":"publish","type":"post","link":"https:\/\/www.europesays.com\/de\/827047\/","title":{"rendered":"Jugendlicher von Auto angefahren \u2013 Polizei sucht Zeugen"},"content":{"rendered":"<p class=\"text_ohne_einzug richtext text-em-55 !leading-serif mx-6 desktop:mx-0\"> Am Dienstagmorgen, 24. Februar, ist es auf der Realschulstra\u00dfe zu einem Verkehrsunfall gekommen, bei dem ein Jugendlicher vermutlich verletzt wurde, wie die Polizei mitteilt. Sie sucht aber noch nach dem besagten Jugendlichen. Einer Zeugin zufolge hat ein Sch\u00fcler morgens die Realschulstra\u00dfe \u00fcberqueren wollen, als er von einem aus der Realschulstra\u00dfe in Richtung Giesenkirchener Stra\u00dfe kommenden Fahrer eines grauen Audi A3 angefahren worden sei.<\/p>\n","protected":false},"excerpt":{"rendered":"Am Dienstagmorgen, 24. Februar, ist es auf der Realschulstra\u00dfe zu einem Verkehrsunfall gekommen, bei dem ein Jugendlicher vermutlich&hellip;\n","protected":false},"author":2,"featured_media":827048,"comment_status":"","ping_status":"","sticky":false,"template":"","format":"standard","meta":{"footnotes":"","_share_on_mastodon":"0"},"categories":[1849],"tags":[3364,29,548,663,3934,4731,30,35232,13,4455,14,15,1209,185248,14252,12,1978,524,437,4996,84556],"class_list":["post-827047","post","type-post","status-publish","format-standard","has-post-thumbnail","category-moenchengladbach","tag-de","tag-deutschland","tag-eu","tag-europa","tag-europe","tag-fahrer","tag-germany","tag-giesenkirchener","tag-headlines","tag-moenchengladbach","tag-nachrichten","tag-news","tag-nordrhein-westfalen","tag-realschulstrasse","tag-richtung","tag-schlagzeilen","tag-schueler","tag-strasse","tag-sucht","tag-zeugen","tag-zeugin"],"share_on_mastodon":{"url":"https:\/\/pubeurope.com\/@de\/116136802185005651","error":""},"_links":{"self":[{"href":"https:\/\/www.europesays.com\/de\/wp-json\/wp\/v2\/posts\/827047","targetHints":{"allow":["GET"]}}],"collection":[{"href":"https:\/\/www.europesays.com\/de\/wp-json\/wp\/v2\/posts"}],"about":[{"href":"https:\/\/www.europesays.com\/de\/wp-json\/wp\/v2\/types\/post"}],"author":[{"embeddable":true,"href":"https:\/\/www.europesays.com\/de\/wp-json\/wp\/v2\/users\/2"}],"replies":[{"embeddable":true,"href":"https:\/\/www.europesays.com\/de\/wp-json\/wp\/v2\/comments?post=827047"}],"version-history":[{"count":0,"href":"https:\/\/www.europesays.com\/de\/wp-json\/wp\/v2\/posts\/827047\/revisions"}],"wp:featuredmedia":[{"embeddable":true,"href":"https:\/\/www.europesays.com\/de\/wp-json\/wp\/v2\/media\/827048"}],"wp:attachment":[{"href":"https:\/\/www.europesays.com\/de\/wp-json\/wp\/v2\/media?parent=827047"}],"wp:term":[{"taxonomy":"category","embeddable":true,"href":"https:\/\/www.europesays.com\/de\/wp-json\/wp\/v2\/categories?post=827047"},{"taxonomy":"post_tag","embeddable":true,"href":"https:\/\/www.europesays.com\/de\/wp-json\/wp\/v2\/tags?post=827047"}],"curies":[{"name":"wp","href":"https:\/\/api.w.org\/{rel}","templated":true}]}}