{"id":827175,"date":"2026-02-26T13:03:17","date_gmt":"2026-02-26T13:03:17","guid":{"rendered":"https:\/\/www.europesays.com\/de\/827175\/"},"modified":"2026-02-26T13:03:17","modified_gmt":"2026-02-26T13:03:17","slug":"epstein-suchte-mit-modelscouts-im-baltikum-nach-missbrauchsopfern","status":"publish","type":"post","link":"https:\/\/www.europesays.com\/de\/827175\/","title":{"rendered":"Epstein suchte mit Modelscouts im Baltikum nach Missbrauchsopfern"},"content":{"rendered":"<p>            <img loading=\"lazy\" decoding=\"async\" class=\"ts-image\" src=\"https:\/\/www.europesays.com\/de\/wp-content\/uploads\/2026\/02\/jeffrey-epstein-118.jpg\" alt=\"Jeffrey Epstein\" title=\"Jeffrey Epstein | HANDOUT PHOTO PROVIDED BY THE NEW YORK STATE SEX OFFENDER REGISTRY\"\/><\/p>\n<p class=\"metatextline\">Stand: 26.02.2026 \u2022 12:38 Uhr<\/p>\n<p class=\"article-head__shorttext\">\n        <strong>Junge Frauen und M\u00e4dchen, die auf eine Karriere als Model hofften: Diesen Traum nutzten Modelscouts im Auftrag von Jeffrey Epstein, um neue Missbrauchsopfer im Baltikum zu finden. In Lettland ermittelt jetzt die Polizei. <\/strong>\n    <\/p>\n<p>                                    <a class=\"authorline__link\" href=\"https:\/\/www.tagesschau.de\/korrespondenten\/arne-bartram-116.html\" rel=\"nofollow noopener\" target=\"_blank\"><br \/>\n                                        <img decoding=\"async\" class=\"authorline__img\" alt=\"Arne Bartram\" src=\"https:\/\/www.europesays.com\/de\/wp-content\/uploads\/2026\/01\/bartram-100.jpg\"\/><br \/>\n                                    <\/a><\/p>\n<p class=\"textabsatz m-ten m-offset-one l-eight l-offset-two columns twelve\">In einem sehr knappen Bikini und St\u00f6ckelschuhen l\u00e4uft eine 15-J\u00e4hrige \u00fcber den Boden einer Modelagentur in Lettland. Sie pr\u00e4sentiert ihren K\u00f6rper und stellt sich vor mit Namen, Gr\u00f6\u00dfe und Wohnort Riga. Eigentlich eine Szene aus einem Casting-Video f\u00fcr Modeljobs. Doch gelandet ist dieses Video am Ende bei dem US-Sexualstraft\u00e4ter Jeffrey Epstein und inzwischen als Teil der sogenannten &#8222;Epstein-Files&#8220; ver\u00f6ffentlicht.<\/p>\n<p class=\"textabsatz m-ten m-offset-one l-eight l-offset-two columns twelve\">In den Unterlagen des verstorbenen Sexualstraft\u00e4ters gibt es viele E-Mails aus denen hervorgeht, dass Epstein offenbar ein gro\u00dfes Interesse an Lettland hatte. Ein Freund schreibt etwa an ihn: &#8222;Riga ist toll, fast jedes M\u00e4dchen hier hat einen tollen K\u00f6rper (&#8230;), fast alle haben blaue oder gr\u00fcne Augen und es gibt tonnenweise Blondinen.&#8220;<\/p>\n<p>    F\u00fcr Epstein auf der Suche nach jungen Lettinnen<\/p>\n<p class=\"textabsatz m-ten m-offset-one l-eight l-offset-two columns twelve\">\u00dcber mehrere Jahre hinweg waren mindestens zwei M\u00e4nner f\u00fcr Epstein auf der Suche nach jungen Lettinnen, um sie zu dem Sexualstraft\u00e4ter zu locken. Im Jahr 2016 spricht einer der beiden eine junge Frau Anfang 20 bei ihrer Arbeit in einem Sch\u00f6nheitssalon an.<\/p>\n<p class=\"textabsatz m-ten m-offset-one l-eight l-offset-two columns twelve\">&#8222;Er hat meiner Mandantin gesagt: Du siehst sehr sch\u00f6n aus, bist du ein Model?&#8220; So beschreibt der Anwalt der Frau, Andris Tauri\u0146\u0161, das Vorgehen des Mannes im Interview mit der ARD. Der Mann habe sie zu einem Vorstellungsgespr\u00e4ch in die USA eingeladen, beim einflussreichen Epstein.<\/p>\n<p>    Modellbranche als Quelle f\u00fcr Missbrauch<\/p>\n<p class=\"textabsatz m-ten m-offset-one l-eight l-offset-two columns twelve\">&#8222;Jeffrey Epstein sagte dann, er k\u00f6nne sie leider doch nicht zu einem Model machen&#8220;, berichtet ihr Anwalt. &#8222;Aber er k\u00f6nne ihr eine zweite Chance geben: als pers\u00f6nliche Assistentin. Doch den Job hat sie nie bekommen, stattdessen hat er sie mehrfach missbraucht.&#8220;<\/p>\n<p class=\"textabsatz m-ten m-offset-one l-eight l-offset-two columns twelve\">Wie viele junge Lettinnen auf \u00e4hnliche Art zu Epstein gelockt wurden, ist unklar. Epstein scheint die Model-Branche im Baltikum aber als Quelle f\u00fcr m\u00f6gliche neue Missbrauchsopfer erkannt zu haben.<\/p>\n<p>    Modelwettbewerb mit Epstein-Vertrauten<\/p>\n<p class=\"textabsatz m-ten m-offset-one l-eight l-offset-two columns twelve\">2011 und 2012 fand in Riga der Modelwettbewerb &#8222;Baltic Beauty Contest&#8220; statt. In der Jury sa\u00df laut Recherchen des lettischen Rundfunks LSM auch der Inhaber einer franz\u00f6sischen Modelagentur, die von Epstein mitfinanziert wurde. Sein Name: Jean-Luc Brunel. Gegen ihn wurde sp\u00e4ter in Frankreich wegen seiner Verbindungen zu Epstein ermittelt, 2022 ist er in Untersuchungshaft gestorben.<\/p>\n<p class=\"textabsatz m-ten m-offset-one l-eight l-offset-two columns twelve\">Au\u00dferdem war auch einer von Epsteins-Modelscouts vor Ort. Epstein hat ihn gefragt, wie der Wettbewerb gelaufen sei. Das geht aus E-Mails hervor, die der lettische Rundfunk ausgewertet hat.<\/p>\n<p>    Agenturen weisen Verantwortung von sich<\/p>\n<p class=\"textabsatz m-ten m-offset-one l-eight l-offset-two columns twelve\">Doch was wussten die lettischen Modelagenturen, \u00fcber Epsteins Scouts? War ihnen klar, f\u00fcr welche Zwecke diese auch bei ihnen nach jungen Models suchten? Auf ARD-Anfrage antwortet der Inhaber einer Modelagentur, die unter anderem den Baltic Beauty Contest mitveranstaltet hat: &#8222;Mein Name taucht in E-Mails (mit einem der Scouts) vor 17-Jahren auf. Erst vor zwei Wochen, nachdem dieser Teil der Files ver\u00f6ffentlicht wurde, hat die ganze Welt erfahren, wer diese Person wirklich war. Ich habe nie mit dieser Person zusammengearbeitet.&#8220;<\/p>\n<p class=\"textabsatz m-ten m-offset-one l-eight l-offset-two columns twelve\">Auch andere Modelagenturen weisen auf Anfragen von ARD und lettischem Rundfunk LSM jede Verantwortung von sich oder melden sich gar nicht zur\u00fcck. Die lettischen Beh\u00f6rden wollen als Konsequenz aus dem Skandal in Zukunft genauer bei den Modelagenturen hinschauen.<\/p>\n<p>    Lettische Polizei ermittelt<\/p>\n<p class=\"textabsatz m-ten m-offset-one l-eight l-offset-two columns twelve\">In der Vergangenheit h\u00e4tten die einzelnen zust\u00e4ndigen Beh\u00f6rden ihre Informationen nicht schnell genug miteinander geteilt, erkl\u00e4rt Ako Karlis Cekulis von der staatlichen Kinderschutzagentur:<strong> &#8222;<\/strong>Heute sind wir darin deutlich besser als noch vor 20 Jahren, aber ich bin \u00fcberzeugt, das ist der Grund, warum die Minderj\u00e4hrigen nicht schon damals besser gesch\u00fctzt wurden.&#8220;<\/p>\n<p class=\"textabsatz m-ten m-offset-one l-eight l-offset-two columns twelve\">Inzwischen hat auch die lettische Polizei Ermittlungen aufgenommen, wegen des Verdachts auf sexuelle Ausbeutung. Sie bittet m\u00f6gliche weitere Opfer sich zu melden, um mehr \u00fcber Epsteins Netzwerk im Baltikum herauszufinden.<\/p>\n","protected":false},"excerpt":{"rendered":"Stand: 26.02.2026 \u2022 12:38 Uhr Junge Frauen und M\u00e4dchen, die auf eine Karriere als Model hofften: Diesen Traum&hellip;\n","protected":false},"author":2,"featured_media":827176,"comment_status":"","ping_status":"","sticky":false,"template":"","format":"standard","meta":{"footnotes":"","_share_on_mastodon":"0"},"categories":[155],"tags":[29,214,81660,30,3188,215],"class_list":["post-827175","post","type-post","status-publish","format-standard","has-post-thumbnail","category-unterhaltung","tag-deutschland","tag-entertainment","tag-epstein","tag-germany","tag-lettland","tag-unterhaltung"],"share_on_mastodon":{"url":"https:\/\/pubeurope.com\/@de\/116137073545526606","error":""},"_links":{"self":[{"href":"https:\/\/www.europesays.com\/de\/wp-json\/wp\/v2\/posts\/827175","targetHints":{"allow":["GET"]}}],"collection":[{"href":"https:\/\/www.europesays.com\/de\/wp-json\/wp\/v2\/posts"}],"about":[{"href":"https:\/\/www.europesays.com\/de\/wp-json\/wp\/v2\/types\/post"}],"author":[{"embeddable":true,"href":"https:\/\/www.europesays.com\/de\/wp-json\/wp\/v2\/users\/2"}],"replies":[{"embeddable":true,"href":"https:\/\/www.europesays.com\/de\/wp-json\/wp\/v2\/comments?post=827175"}],"version-history":[{"count":0,"href":"https:\/\/www.europesays.com\/de\/wp-json\/wp\/v2\/posts\/827175\/revisions"}],"wp:featuredmedia":[{"embeddable":true,"href":"https:\/\/www.europesays.com\/de\/wp-json\/wp\/v2\/media\/827176"}],"wp:attachment":[{"href":"https:\/\/www.europesays.com\/de\/wp-json\/wp\/v2\/media?parent=827175"}],"wp:term":[{"taxonomy":"category","embeddable":true,"href":"https:\/\/www.europesays.com\/de\/wp-json\/wp\/v2\/categories?post=827175"},{"taxonomy":"post_tag","embeddable":true,"href":"https:\/\/www.europesays.com\/de\/wp-json\/wp\/v2\/tags?post=827175"}],"curies":[{"name":"wp","href":"https:\/\/api.w.org\/{rel}","templated":true}]}}