{"id":827360,"date":"2026-02-26T14:49:21","date_gmt":"2026-02-26T14:49:21","guid":{"rendered":"https:\/\/www.europesays.com\/de\/827360\/"},"modified":"2026-02-26T14:49:21","modified_gmt":"2026-02-26T14:49:21","slug":"polizei-beschlagnahmt-fuehrerschein-und-pkw-in-wuppertal","status":"publish","type":"post","link":"https:\/\/www.europesays.com\/de\/827360\/","title":{"rendered":"Polizei beschlagnahmt F\u00fchrerschein und Pkw in Wuppertal"},"content":{"rendered":"<p class=\"richtext text-em-55 !leading-serif mx-6 desktop:mx-0\">Auf der Bundesallee in H\u00f6he der Wupperstra\u00dfe konnte die Polizei einen 20-j\u00e4hrigen Fahrer anhalten. Der Fahrer f\u00fchrte schnelle \u00dcberholman\u00f6ver, ohne zu blinken, soll, laut Polizei, die anderen Verkehrsteilnehmer gef\u00e4hrdet haben und zudem versucht haben, die h\u00f6chstm\u00f6gliche Geschwindigkeit zu erreichen. Mehrer Autos mussten wohl stark abbremsen umso eine Kollision zu vermeiden.<\/p>\n","protected":false},"excerpt":{"rendered":"Auf der Bundesallee in H\u00f6he der Wupperstra\u00dfe konnte die Polizei einen 20-j\u00e4hrigen Fahrer anhalten. Der Fahrer f\u00fchrte schnelle&hellip;\n","protected":false},"author":2,"featured_media":827361,"comment_status":"","ping_status":"","sticky":false,"template":"","format":"standard","meta":{"footnotes":"","_share_on_mastodon":"0"},"categories":[1840],"tags":[764,3364,29,35,19685,30,1209,1892,4418],"class_list":["post-827360","post","type-post","status-publish","format-standard","has-post-thumbnail","category-wuppertal","tag-audi","tag-de","tag-deutschland","tag-fuehrerschein","tag-gefaehrdet","tag-germany","tag-nordrhein-westfalen","tag-pkw","tag-wuppertal"],"share_on_mastodon":{"url":"https:\/\/pubeurope.com\/@de\/116137490194258171","error":""},"_links":{"self":[{"href":"https:\/\/www.europesays.com\/de\/wp-json\/wp\/v2\/posts\/827360","targetHints":{"allow":["GET"]}}],"collection":[{"href":"https:\/\/www.europesays.com\/de\/wp-json\/wp\/v2\/posts"}],"about":[{"href":"https:\/\/www.europesays.com\/de\/wp-json\/wp\/v2\/types\/post"}],"author":[{"embeddable":true,"href":"https:\/\/www.europesays.com\/de\/wp-json\/wp\/v2\/users\/2"}],"replies":[{"embeddable":true,"href":"https:\/\/www.europesays.com\/de\/wp-json\/wp\/v2\/comments?post=827360"}],"version-history":[{"count":0,"href":"https:\/\/www.europesays.com\/de\/wp-json\/wp\/v2\/posts\/827360\/revisions"}],"wp:featuredmedia":[{"embeddable":true,"href":"https:\/\/www.europesays.com\/de\/wp-json\/wp\/v2\/media\/827361"}],"wp:attachment":[{"href":"https:\/\/www.europesays.com\/de\/wp-json\/wp\/v2\/media?parent=827360"}],"wp:term":[{"taxonomy":"category","embeddable":true,"href":"https:\/\/www.europesays.com\/de\/wp-json\/wp\/v2\/categories?post=827360"},{"taxonomy":"post_tag","embeddable":true,"href":"https:\/\/www.europesays.com\/de\/wp-json\/wp\/v2\/tags?post=827360"}],"curies":[{"name":"wp","href":"https:\/\/api.w.org\/{rel}","templated":true}]}}