{"id":827483,"date":"2026-02-26T15:54:13","date_gmt":"2026-02-26T15:54:13","guid":{"rendered":"https:\/\/www.europesays.com\/de\/827483\/"},"modified":"2026-02-26T15:54:13","modified_gmt":"2026-02-26T15:54:13","slug":"2-fussball-bundesliga-kiels-walter-vor-elversberg-keine-wunderdinge-erwarten-sport","status":"publish","type":"post","link":"https:\/\/www.europesays.com\/de\/827483\/","title":{"rendered":"2. Fu\u00dfball-Bundesliga &#8211; Kiels Walter vor Elversberg: \u201eKeine Wunderdinge erwarten\u201c &#8211; Sport"},"content":{"rendered":"<p data-manual=\"paragraph\" data-schema-org-speakable=\"true\" class=\"css-1eosz7k\">Kiel (dpa\/lno) &#8211; Vor der anspruchsvollen Aufgabe von <a href=\"https:\/\/www.sueddeutsche.de\/thema\/Holstein_Kiel\" rel=\"nofollow noopener\" target=\"_blank\">Holstein Kiel<\/a> beim Aufstiegskandidaten SV Elversberg hat der neue Trainer Tim Walter um Nachsicht gebeten. \u201eMan kann jetzt keine Wunderdinge erwarten\u201c, sagte der 50 Jahre alte R\u00fcckkehrer \u00fcber seine ersten Tage beim abstiegsbedrohten Tabellen-14. vor der Partie in der 2. <a href=\"https:\/\/www.sueddeutsche.de\/thema\/Fu%C3%9Fball\" rel=\"nofollow noopener\" target=\"_blank\">Fu\u00dfball<\/a>-Bundesliga am Samstag (13.00 Uhr\/Sky).\u00a0<\/p>\n<p data-manual=\"paragraph\" data-schema-org-speakable=\"true\" class=\"css-1eosz7k\">\u201eJedes Spiel in der 2. Liga ist schwer\u201c, bekr\u00e4ftigte Walter, der am Mittwoch als Nachfolger des zuletzt erfolglosen Aufstiegstrainers Marcel Rapp vorgestellt worden war. Dennoch lobte er den Tabellendritten aus dem Saarland: \u201eIch finde, es ist eine sehr, sehr gute Mannschaft.\u201c<\/p>\n<p>Walter: \u201eKurze Schl\u00fcssel\u201c f\u00fcr die Spieler<\/p>\n<p data-manual=\"paragraph\" data-schema-org-speakable=\"true\" class=\"css-1eosz7k\">\u201eEs geht darum, die Dinge so einfach wie m\u00f6glich zu halten f\u00fcr die Jungs\u201c, sagte Walter auf die Frage, ob er seinen bekannten offensiv ausgerichteten Spielstil beibehalten wolle. \u201eEs geht vor allem darum, pragmatisch zu denken und den Jungs kurze Schl\u00fcssel an die Hand zu geben, wie sie vielleicht besser das Schloss aufschlie\u00dfen k\u00f6nnen. Und ich glaube, das ist jetzt das Entscheidende\u201c, f\u00fcgte er hinzu.\u00a0<\/p>\n<p data-manual=\"paragraph\" data-schema-org-speakable=\"true\" class=\"css-1eosz7k\">W\u00e4hrend Walters erster Station in Kiel zwischen Juli 2018 und Juni 2019 arbeitete der Coach in seinen ersten Trainerjob im Profigesch\u00e4ft. Danach war er f\u00fcr den VfB Stuttgart unter Vertrag und versuchte daraufhin in dreieinhalb Jahren vergeblich, als Trainer mit dem HSV in die Bundesliga zur\u00fcckzukehren. Anschlie\u00dfend folgte ein erfolgloses kurzes Engagement beim englischen Zweitligisten Hull City.\u00a0<\/p>\n<p>YouTubeDie SZ-Redaktion hat diesen Artikel mit einem Inhalt von YouTube angereichert<\/p>\n<p class=\"css-kxe210\">Um Ihre Daten zu sch\u00fctzen, wurde er nicht ohne Ihre Zustimmung geladen.<\/p>\n<p>Inhalt jetzt laden<\/p>\n<p class=\"css-orh8zx\">Ich bin damit einverstanden, dass mir Inhalte von YouTube angezeigt werden. Damit werden personenbezogene Daten an den Betreiber des Portals zur Nutzungsanalyse \u00fcbermittelt. Mehr Informationen und eine Widerrufsm\u00f6glichkeit finden Sie unter\u00a0<a href=\"https:\/\/datenschutz.sueddeutsche.de\/sz\" class=\"css-1wgy0d2\" rel=\"nofollow noopener\" target=\"_blank\">sz.de\/datenschutz<\/a>.<\/p>\n<p data-manual=\"paragraph\" data-schema-org-speakable=\"true\" class=\"css-1eosz7k\">\u00a9 dpa-infocom, dpa:260226-930-740296\/1<\/p>\n","protected":false},"excerpt":{"rendered":"Kiel (dpa\/lno) &#8211; Vor der anspruchsvollen Aufgabe von Holstein Kiel beim Aufstiegskandidaten SV Elversberg hat der neue Trainer&hellip;\n","protected":false},"author":2,"featured_media":827484,"comment_status":"","ping_status":"","sticky":false,"template":"","format":"standard","meta":{"footnotes":"","_share_on_mastodon":"0"},"categories":[1852],"tags":[621,3364,29,548,663,3934,347,30,13,10243,88811,4949,14,15,12,1971,265,149],"class_list":["post-827483","post","type-post","status-publish","format-standard","has-post-thumbnail","category-kiel","tag-2-bundesliga","tag-de","tag-deutschland","tag-eu","tag-europa","tag-europe","tag-fussball","tag-germany","tag-headlines","tag-holstein-kiel","tag-holstein-stadion","tag-kiel","tag-nachrichten","tag-news","tag-schlagzeilen","tag-schleswig-holstein","tag-sport","tag-sueddeutsche-zeitung"],"share_on_mastodon":{"url":"https:\/\/pubeurope.com\/@de\/116137745837624171","error":""},"_links":{"self":[{"href":"https:\/\/www.europesays.com\/de\/wp-json\/wp\/v2\/posts\/827483","targetHints":{"allow":["GET"]}}],"collection":[{"href":"https:\/\/www.europesays.com\/de\/wp-json\/wp\/v2\/posts"}],"about":[{"href":"https:\/\/www.europesays.com\/de\/wp-json\/wp\/v2\/types\/post"}],"author":[{"embeddable":true,"href":"https:\/\/www.europesays.com\/de\/wp-json\/wp\/v2\/users\/2"}],"replies":[{"embeddable":true,"href":"https:\/\/www.europesays.com\/de\/wp-json\/wp\/v2\/comments?post=827483"}],"version-history":[{"count":0,"href":"https:\/\/www.europesays.com\/de\/wp-json\/wp\/v2\/posts\/827483\/revisions"}],"wp:featuredmedia":[{"embeddable":true,"href":"https:\/\/www.europesays.com\/de\/wp-json\/wp\/v2\/media\/827484"}],"wp:attachment":[{"href":"https:\/\/www.europesays.com\/de\/wp-json\/wp\/v2\/media?parent=827483"}],"wp:term":[{"taxonomy":"category","embeddable":true,"href":"https:\/\/www.europesays.com\/de\/wp-json\/wp\/v2\/categories?post=827483"},{"taxonomy":"post_tag","embeddable":true,"href":"https:\/\/www.europesays.com\/de\/wp-json\/wp\/v2\/tags?post=827483"}],"curies":[{"name":"wp","href":"https:\/\/api.w.org\/{rel}","templated":true}]}}