{"id":827584,"date":"2026-02-26T16:50:13","date_gmt":"2026-02-26T16:50:13","guid":{"rendered":"https:\/\/www.europesays.com\/de\/827584\/"},"modified":"2026-02-26T16:50:13","modified_gmt":"2026-02-26T16:50:13","slug":"ueberlebender-der-amokfahrt-auf-verdi-demo-in-muenchen-sagt-aus-mein-erster-gedanke-war-er-hat-nicht-ueberlebt","status":"publish","type":"post","link":"https:\/\/www.europesays.com\/de\/827584\/","title":{"rendered":"\u00dcberlebender der Amokfahrt auf Verdi-Demo in M\u00fcnchen sagt aus: \u201eMein erster Gedanke war: Er hat nicht \u00fcberlebt\u201c"},"content":{"rendered":"<p class=\"mb-6 text-xs md:text-m lg:text-l font-serif group-[.font-sans]:font-sans \">\n    Mitten im Satz verstummte sein Kollege. Eben noch hatte er von \u201eden Befindlichkeiten seiner Mutter\u201c erz\u00e4hlt \u2013 dann sei er pl\u00f6tzlich weg gewesen. Mitgerissen von einem wei\u00dfen Mini-Cooper, <a href=\"https:\/\/www.augsburger-allgemeine.de\/bayern\/muenchen-mutter-und-kind-nach-anschlag-in-muenchen-gestorben-105991350\" target=\"_self\" class=\"underline \" rel=\"nofollow noopener\">dessen Fahrer am 13. Februar 2025 in eine Verdi-Demonstration in M\u00fcnchen raste<\/a>, zwei Menschen t\u00f6tete und mehr als 40 verletzte. Ein Ingenieur sagt nun ein Jahr sp\u00e4ter als Erster von mehreren \u00dcberlebenden vor dem Oberlandesgericht M\u00fcnchen aus.\n  <\/p>\n<p>            Der Zeuge zog seinen bewusstlosen Kollegen in seinen Scho\u00df<\/p>\n<p class=\"mb-6 text-xs md:text-m lg:text-l font-serif group-[.font-sans]:font-sans \">\n    Zun\u00e4chst habe er sich noch ge\u00e4rgert, warum der Kollege den Satz nicht beendete. Erst Sekunden sp\u00e4ter begriff er, was geschehen war. Etwa 20 Meter weiter fand er ihn bewusstlos am Boden, zog ihn in seinen Scho\u00df. \u201eMein erster Gedanke war: Er hat nicht \u00fcberlebt\u201c, berichtet der Zeuge. Doch sein Kollege \u00fcberlebte. Er selbst trug nur eine Verletzung an der Hand davon, mutma\u00dflich vom Seitenspiegel des Autos.\n  <\/p>\n<p class=\"mb-6 text-xs md:text-m lg:text-l font-serif group-[.font-sans]:font-sans \">\n    Die Bilder aber h\u00e4tten sich eingebrannt. Rechts von ihm ein Mann, der in seinem Erbrochenen lag. Wenige Meter weiter die junge Mutter, die reanimiert werden musste und sp\u00e4ter starb. Daneben der Kinderwagen ihres zweij\u00e4hrigen Kindes. \u201eGanz flach\u201c sei er gewesen, berichtet er mit leiser Stimme. \u201eDieses uns\u00e4gliche Leiden, was da war\u201c, sagt der Ingenieur, sichtlich angefasst, die verschr\u00e4nkten H\u00e4nde vor dem Mund. <a href=\"https:\/\/www.augsburger-allgemeine.de\/bayern\/toedlicher-anschlag-in-muenchen-ermittlungen-zu-islamistischem-motiv-des-taeters-105985397\" target=\"_self\" class=\"underline \" rel=\"nofollow noopener\">Der Angeklagte, der 25-j\u00e4hrige Afghane Farhad N<\/a>., verfolgt die Schilderungen scheinbar teilnahmslos. Die Ermittler gehen von einem islamistischen Motiv des Tatverd\u00e4chtigen aus.\n  <\/p>\n<p>            Ein Betroffener leide infolge des Anschlags an einer PTBS<\/p>\n<p class=\"mb-6 text-xs md:text-m lg:text-l font-serif group-[.font-sans]:font-sans \">\n    Ein weiterer Betroffener, ebenfalls als Zeuge geladen, bittet schriftlich darum, nicht pers\u00f6nlich erscheinen zu m\u00fcssen \u2013 auf Anraten seiner Psychologin. <a href=\"https:\/\/www.augsburger-allgemeine.de\/bayern\/augenzeuge-des-anschlags-von-muenchen-es-war-der-schrecklichste-tag-meines-lebens-113240605\" target=\"_self\" class=\"underline \" rel=\"nofollow noopener\">Er leide infolge des Anschlags an einer posttraumatischen Belastungsst\u00f6rung<\/a>. Auch der erste Zeuge berichtet, dass er gro\u00dfe Menschenmengen bis heute meidet. Dennoch sagt er, er habe den Tag inzwischen gut verarbeitet. In der kommenden Woche wolle er mit seinen Kollegen essen gehen. \u201eum unseren zweiten Geburtstag zu feiern\u201c, sagt er. \u201eWeil: Wir haben das \u00fcberlebt.\u201c\n  <\/p>\n<ul data-module-id=\"DragDropModule\" class=\"flex flex-wrap justify-start group-[.no-bookmarks]:hidden\">\n<li class=\"mb-3 mr-3\">\n    Sina-Lara Nachtrub<\/p>\n<p>      Icon Haken im Kreis gesetzt<\/p>\n<p>      Icon Plus im Kreis<\/p>\n<\/li>\n<li class=\"mb-3 mr-3\">\n    Amokfahrt<\/p>\n<p>      Icon Haken im Kreis gesetzt<\/p>\n<p>      Icon Plus im Kreis<\/p>\n<\/li>\n<li class=\"mb-3 mr-3\">\n    M\u00fcnchen<\/p>\n<p>      Icon Haken im Kreis gesetzt<\/p>\n<p>      Icon Plus im Kreis<\/p>\n<\/li>\n<\/ul>\n","protected":false},"excerpt":{"rendered":"Mitten im Satz verstummte sein Kollege. Eben noch hatte er von \u201eden Befindlichkeiten seiner Mutter\u201c erz\u00e4hlt \u2013 dann&hellip;\n","protected":false},"author":2,"featured_media":827585,"comment_status":"","ping_status":"","sticky":false,"template":"","format":"standard","meta":{"footnotes":"","_share_on_mastodon":"0"},"categories":[1827],"tags":[17872,513,772,29,2690,30,15158,1268,18329],"class_list":["post-827584","post","type-post","status-publish","format-standard","has-post-thumbnail","category-muenchen","tag-amokfahrt","tag-auto","tag-bayern","tag-deutschland","tag-gericht","tag-germany","tag-mini-cooper","tag-muenchen","tag-oberlandesgericht-muenchen"],"share_on_mastodon":{"url":"https:\/\/pubeurope.com\/@de\/116137966104450900","error":""},"_links":{"self":[{"href":"https:\/\/www.europesays.com\/de\/wp-json\/wp\/v2\/posts\/827584","targetHints":{"allow":["GET"]}}],"collection":[{"href":"https:\/\/www.europesays.com\/de\/wp-json\/wp\/v2\/posts"}],"about":[{"href":"https:\/\/www.europesays.com\/de\/wp-json\/wp\/v2\/types\/post"}],"author":[{"embeddable":true,"href":"https:\/\/www.europesays.com\/de\/wp-json\/wp\/v2\/users\/2"}],"replies":[{"embeddable":true,"href":"https:\/\/www.europesays.com\/de\/wp-json\/wp\/v2\/comments?post=827584"}],"version-history":[{"count":0,"href":"https:\/\/www.europesays.com\/de\/wp-json\/wp\/v2\/posts\/827584\/revisions"}],"wp:featuredmedia":[{"embeddable":true,"href":"https:\/\/www.europesays.com\/de\/wp-json\/wp\/v2\/media\/827585"}],"wp:attachment":[{"href":"https:\/\/www.europesays.com\/de\/wp-json\/wp\/v2\/media?parent=827584"}],"wp:term":[{"taxonomy":"category","embeddable":true,"href":"https:\/\/www.europesays.com\/de\/wp-json\/wp\/v2\/categories?post=827584"},{"taxonomy":"post_tag","embeddable":true,"href":"https:\/\/www.europesays.com\/de\/wp-json\/wp\/v2\/tags?post=827584"}],"curies":[{"name":"wp","href":"https:\/\/api.w.org\/{rel}","templated":true}]}}