{"id":827607,"date":"2026-02-26T17:03:13","date_gmt":"2026-02-26T17:03:13","guid":{"rendered":"https:\/\/www.europesays.com\/de\/827607\/"},"modified":"2026-02-26T17:03:13","modified_gmt":"2026-02-26T17:03:13","slug":"eric-stehfest-prominent-getrennt-gestaendnis-edith-hat-sich-nicht-mehr-bei-produktion-gemeldet","status":"publish","type":"post","link":"https:\/\/www.europesays.com\/de\/827607\/","title":{"rendered":"Eric Stehfest: &#8222;Prominent getrennt&#8220;-Gest\u00e4ndnis &#8211; &#8222;Edith hat sich nicht mehr bei Produktion gemeldet&#8220;"},"content":{"rendered":"<p>  Eric Stehfest: &#8222;Prominent getrennt&#8220;-Gest\u00e4ndnis &#8211; &#8222;Edith hat sich nicht mehr bei Produktion gemeldet&#8220;<\/p>\n<p>H\u00e4tten wir Eric und Edith Stehfest etwa unter anderen Umst\u00e4nden bei &#8222;Prominent getrennt&#8220; gesehen? Das zumindest offenbarte der einstige GZSZ-Star nun \u00fcberraschend &#8230;<\/p>\n<p>Edith &amp; Eric Stehfest: Wollten sie nach &#8222;Promis unter Palmen&#8220; zu &#8222;Prominent getrennt&#8220;?<\/p>\n<p>Im Herbst 2025 wurde bekannt, dass sich Edith (30) und Eric Stehfest (36) nach mehreren gemeinsamen Jahren getrennt haben. Dabei gaben die beiden zu, schon seit Monaten kein Paar mehr gewesen zu sein, dennoch nahmen sie <a href=\"https:\/\/www.ok-magazin.de\/people\/eric-edith-stehfest-trotz-trennung-sie-nahmen-gemeinsam-promis-unter-palmen-teil-110288.html\" data-entity-type=\"node\" data-entity-uuid=\"067d22d3-ceba-4f90-a3b6-f61b9db62033\" data-entity-substitution=\"canonical\" rel=\"nofollow noopener\" target=\"_blank\">als &#8222;Team&#8220; gemeinsam an der Reality-Show &#8222;Promis unter Palmen&#8220; teil.<\/a> Das Ex-Paar spielte gleich zu Beginn mit offenen Karten, indem er seine Trennung vor den anderen Promi-Kandidaten klar und deutlich kommunizierte. Dennoch hatte offenbar der ein oder andere Star Zweifel an der Echtheit es Ehe-Aus&#8216; &#8211; und damit nicht genug &#8230;<\/p>\n<p>Eric Stehfest \u00fcber &#8222;Prominent getrennt&#8220;: &#8222;Edith hatte sich nicht mehr bei der Produktion gemeldet&#8220;<\/p>\n<p>Wie der Instagram-Account &#8222;trashuniversum&#8220; unter Berufung auf ein YouTube-Interview zwischen K\u00fcnstlermanager Ramon Wagner und &#8222;Promis unter Palmen&#8220;-Kandidat Martin Angelo (32) berichtet, habe Letzterer anfangs nicht geglaubt, dass Eric und Edith wirklich getrennt sind: &#8222;Ich habe erstmal nach gewissen Gespr\u00e4chen <strong>gar nicht so richtig geglaubt, dass sie getrennt sind. Weil ich erfahren habe, dass die im Anschluss bei &#8218;Prominent getrennt&#8216; stattfinden sollten. <\/strong>Dementsprechend dachte ich, dass die beiden nur mit dieser Story da drin sind, weil sie bei &#8218;Prominent getrennt&#8216; auftauchen werden&#8220;, so Martin.\u00a0<\/p>\n<p>Mittlerweile ist allerdings klar, dass die Stehfests in der kommenden Staffel der RTL-Show definitiv nicht mit von der Partie sind, denn der K\u00f6lner Privatsender <a href=\"https:\/\/www.ok-magazin.de\/tv-streaming\/prominent-getrennt-2026-das-sind-die-ex-paare-der-5-staffel-110797.html\" data-entity-type=\"node\" data-entity-uuid=\"d81df080-d1fa-4cb8-bd7d-9f3406c3eba8\" data-entity-substitution=\"canonical\" rel=\"nofollow noopener\" target=\"_blank\">l\u00fcftete das Geheimnis um die Ex-Paare bereits vor einigen Wochen<\/a>: &#8222;Ich glaube, aufgrund von gewissen Dingen, die sie in der \u00d6ffentlichkeit ausgetragen haben, ist es nicht mehr zustande gekommen&#8220;, mutma\u00dfte Martin Angelo. Eine Anspielung auf den anf\u00e4nglichen Trennungskrieg der beiden, bei dem sogar <a href=\"https:\/\/www.ok-magazin.de\/people\/eric-stehfest-jugendamt-co-streit-mit-edith-stehfest-um-die-kinder-eskaliert-110684.html\" data-entity-type=\"node\" data-entity-uuid=\"bb048998-76d4-4089-ace8-30d2a840d9a4\" data-entity-substitution=\"canonical\" rel=\"nofollow noopener\" target=\"_blank\">von Handgreiflichkeiten und Jugendamt die Rede war.<\/a> Doch das stimmt so offenbar nicht: Eric Stehfest soll sich gegen\u00fcber dem Account &#8222;realitydings&#8220; zu dem Thema ge\u00e4u\u00dfert und klargestellt haben, dass er und Edith aus anderen Gr\u00fcnden letztlich nicht bei &#8222;Prominent getrennt&#8220; dabei waren:\u00a0<\/p>\n<blockquote>\n<p>Das war anders mit &#8218;Prominent getrennt&#8216;. <strong>Edith hatte sich einfach nicht mehr bei der Produktion gemeldet,<\/strong> sonst w\u00e4ren wir dabei gewesen.<\/p>\n<\/blockquote>\n<p>Mittlerweile gibt es wohl auch keine Zweifel mehr daran, dass Edith und Eric Stehfest wirklich getrennt sind. Abgesehen davon, dass die 30-J\u00e4hrige der \u00d6ffentlichkeit bereits mehrere neue Partner vorgestellt hatte, ist <a href=\"https:\/\/www.ok-magazin.de\/people\/eric-stehfest-franzi-temme-ausgeplaudert-bei-promis-unter-palmen-sieht-man-was-bei-uns-los-ist-112073.html\" data-entity-type=\"node\" data-entity-uuid=\"65651297-24e0-4831-ae8f-b4b970ac853d\" data-entity-substitution=\"canonical\" rel=\"nofollow noopener\" target=\"_blank\">auch der einstige GZSZ-Star mittlerweile mit Franzi Temme (30) zusammen.<\/a><\/p>\n<p><strong>Verwendete Quellen<\/strong>: Instagram (trashuniversum, realitydings), YouTube\/Ramon Wagner<\/p>\n","protected":false},"excerpt":{"rendered":"Eric Stehfest: &#8222;Prominent getrennt&#8220;-Gest\u00e4ndnis &#8211; &#8222;Edith hat sich nicht mehr bei Produktion gemeldet&#8220; H\u00e4tten wir Eric und Edith&hellip;\n","protected":false},"author":2,"featured_media":827608,"comment_status":"","ping_status":"","sticky":false,"template":"","format":"standard","meta":{"footnotes":"","_share_on_mastodon":"0"},"categories":[1773],"tags":[106064,29,116596,214,116597,30,185360,168661,471,1780,10865,215],"class_list":["post-827607","post","type-post","status-publish","format-standard","has-post-thumbnail","category-serien","tag-deutsche-stars","tag-deutschland","tag-edith-stehfest","tag-entertainment","tag-eric-stehfest","tag-germany","tag-prominent-getrennt","tag-reality-shows","tag-serien","tag-series","tag-trennung","tag-unterhaltung"],"share_on_mastodon":{"url":"https:\/\/pubeurope.com\/@de\/116138017292700249","error":""},"_links":{"self":[{"href":"https:\/\/www.europesays.com\/de\/wp-json\/wp\/v2\/posts\/827607","targetHints":{"allow":["GET"]}}],"collection":[{"href":"https:\/\/www.europesays.com\/de\/wp-json\/wp\/v2\/posts"}],"about":[{"href":"https:\/\/www.europesays.com\/de\/wp-json\/wp\/v2\/types\/post"}],"author":[{"embeddable":true,"href":"https:\/\/www.europesays.com\/de\/wp-json\/wp\/v2\/users\/2"}],"replies":[{"embeddable":true,"href":"https:\/\/www.europesays.com\/de\/wp-json\/wp\/v2\/comments?post=827607"}],"version-history":[{"count":0,"href":"https:\/\/www.europesays.com\/de\/wp-json\/wp\/v2\/posts\/827607\/revisions"}],"wp:featuredmedia":[{"embeddable":true,"href":"https:\/\/www.europesays.com\/de\/wp-json\/wp\/v2\/media\/827608"}],"wp:attachment":[{"href":"https:\/\/www.europesays.com\/de\/wp-json\/wp\/v2\/media?parent=827607"}],"wp:term":[{"taxonomy":"category","embeddable":true,"href":"https:\/\/www.europesays.com\/de\/wp-json\/wp\/v2\/categories?post=827607"},{"taxonomy":"post_tag","embeddable":true,"href":"https:\/\/www.europesays.com\/de\/wp-json\/wp\/v2\/tags?post=827607"}],"curies":[{"name":"wp","href":"https:\/\/api.w.org\/{rel}","templated":true}]}}