{"id":827667,"date":"2026-02-26T17:35:11","date_gmt":"2026-02-26T17:35:11","guid":{"rendered":"https:\/\/www.europesays.com\/de\/827667\/"},"modified":"2026-02-26T17:35:11","modified_gmt":"2026-02-26T17:35:11","slug":"ukraine-hilfen-orban-deutet-einlenken-im-streit-um-blockierte-ukraine-hilfen-an","status":"publish","type":"post","link":"https:\/\/www.europesays.com\/de\/827667\/","title":{"rendered":"Ukraine-Hilfen: Orb\u00e1n deutet Einlenken im Streit um blockierte Ukraine-Hilfen an"},"content":{"rendered":"<p class=\"paragraph article__item\">Nach seiner Blockade neuer EU-Hilfen f\u00fcr die<br \/>\n<a class=\"rtr-entity\" href=\"https:\/\/www.zeit.de\/politik\/ausland\/ukraine-krieg-news-liveblog\" rel=\"nofollow noopener\" target=\"_blank\">Ukraine<\/a> im Streit um die besch\u00e4digte Druschba-\u00d6lpipeline hat Ungarns<br \/>\nRegierungschef Viktor Orb\u00e1n ein m\u00f6gliches<br \/>\n Einlenken angedeutet. Ungarn unterst\u00fctze die Entsendung einer<br \/>\nExpertenkommission zur Inspektion der Pipeline in die Ukraine und werde<br \/>\n&#8222;die Ergebnisse eines solchen Einsatzes anerkennen&#8220;, schrieb Orb\u00e1n in einem Brief an EU-Ratspr\u00e4sident Ant\u00f3nio Costa.<\/p>\n<p class=\"paragraph article__item\">Durch die Druschba-Pipeline wird normalerweise<br \/>\nrussisches \u00d6l durch die Ukraine nach <a class=\"rtr-entity\" href=\"https:\/\/www.zeit.de\/thema\/ungarn\" rel=\"nofollow noopener\" target=\"_blank\">Ungarn<\/a> und in die<br \/>\nSlowakei geleitet. Die Pipeline war nach ukrainischen Angaben bei<br \/>\nAngriffen der russischen Armee besch\u00e4digt und deshalb stillgelegt<br \/>\nworden. Sowohl Ungarn als auch die Slowakei haben deshalb ihre<br \/>\n\u00d6lreserven angebrochen.\n<\/p>\n<p class=\"paragraph article__item\">Unter Verweis auf die unterbrochenen \u00d6llieferungen blockiert <a class=\"rtr-entity\" href=\"https:\/\/www.zeit.de\/thema\/viktor-orban\" rel=\"nofollow noopener\" target=\"_blank\">Orb\u00e1n<\/a><br \/>\n derzeit sowohl ein EU-Hilfspaket f\u00fcr die Ukraine in H\u00f6he von 90 Milliarden<br \/>\n Euro als auch ein neues Sanktionspaket gegen Russland. Beide h\u00e4tten<br \/>\neigentlich vor dem vierten Jahrestag des russischen Angriffs auf die<br \/>\nUkraine am Dienstag beschlossen werden sollen.\n<\/p>\n<p>        M\u00f6gliches Einlenken des ungarischen Regierungschefs        <\/p>\n<p class=\"paragraph article__item\">Er sei sich &#8222;der Schwierigkeiten bewusst&#8220;, die durch die Verz\u00f6gerung entst\u00fcnden, schrieb Orb\u00e1n in seinem Brief an Costa. Der Vorschlag einer Expertenkommission ziele darauf ab, &#8222;eine rechtzeitige L\u00f6sung des Problems zu erleichtern&#8220;. Sowohl Ungarn als auch die <a class=\"rtr-entity\" href=\"https:\/\/www.zeit.de\/thema\/slowakei\" rel=\"nofollow noopener\" target=\"_blank\">Slowakei<\/a> sollen demnach an dem Einsatz in der Ukraine beteiligt sein.\n<\/p>\n<p class=\"paragraph article__item\">EU-Diplomaten in Br\u00fcssel deuteten Orb\u00e1ns Brief als Hinweis auf ein m\u00f6gliches Einlenken des ungarischen Regierungschefs. Das Schreiben klinge &#8222;nach dem Beginn eines R\u00fcckzugs&#8220;, sagte ein EU-Diplomat, f\u00fcgte jedoch hinzu: &#8222;Bei Orb\u00e1n ist aber immer schwer vorherzusagen, was er tut.&#8220;\n<\/p>\n<p>                            \u00a9\u00a0Lea Dohle<\/p>\n<p>\n                                        Newsletter<br \/>\n                                        Was jetzt? \u2013 Der t\u00e4gliche Morgen\u00fcberblick<\/p>\n<p class=\"newsletter-signup__text\">Starten Sie mit unserem kurzen Nachrichten-Newsletter in den Tag. Erhalten Sie zudem freitags das digitale Magazin ZEIT am Wochenende.<\/p>\n<p class=\"newsletter-signup__datapolicy\" hidden=\"\">\n            Mit Ihrer Registrierung nehmen Sie die <a href=\"https:\/\/datenschutz.zeit.de\/zon#Newsletter\" target=\"_blank\" rel=\"nofollow noopener\">Datenschutzerkl\u00e4rung<\/a> zur Kenntnis.\n        <\/p>\n<p>    Vielen Dank! Wir haben Ihnen eine E-Mail geschickt.<\/p>\n<p>Pr\u00fcfen Sie Ihr Postfach und best\u00e4tigen Sie das Newsletter-Abonnement.<\/p>\n<p class=\"paragraph article__item\">In Ungarn wird im April ein neues Parlament gew\u00e4hlt, erstmals seit Jahren droht Orb\u00e1n eine Niederlage. Die Blockade der EU-Hilfen f\u00fcr die Ukraine gilt deshalb vor allem als politisches Druckmittel. Die \u00d6lversorgung in Ungarn und der Slowakei ist nach Einsch\u00e4tzung aus Br\u00fcssel nicht in Gefahr. Beide L\u00e4nder haben demnach \u00d6lreserven f\u00fcr drei Monate, au\u00dferdem k\u00f6nnen sie \u00d6l \u00fcber die von Kroatien betriebene Adria-Pipeline kaufen.<\/p>\n","protected":false},"excerpt":{"rendered":"Nach seiner Blockade neuer EU-Hilfen f\u00fcr die Ukraine im Streit um die besch\u00e4digte Druschba-\u00d6lpipeline hat Ungarns Regierungschef Viktor&hellip;\n","protected":false},"author":2,"featured_media":827668,"comment_status":"","ping_status":"","sticky":false,"template":"","format":"standard","meta":{"footnotes":"","_share_on_mastodon":"0"},"categories":[4012],"tags":[331,332,158,13,1435,76236,27710,14,15,16,12,7376,317,64212,501,500],"class_list":["post-827667","post","type-post","status-publish","format-standard","has-post-thumbnail","category-ukraine","tag-aktuelle-nachrichten","tag-aktuelle-news","tag-europaeische-union","tag-headlines","tag-krieg-in-der-ukraine","tag-kurswechsel","tag-milliardenhoehe","tag-nachrichten","tag-news","tag-politik","tag-schlagzeilen","tag-slowakei","tag-ukraine","tag-ukraine-hilfen","tag-ungarn","tag-viktor-orban"],"share_on_mastodon":{"url":"https:\/\/pubeurope.com\/@de\/116138142963570794","error":""},"_links":{"self":[{"href":"https:\/\/www.europesays.com\/de\/wp-json\/wp\/v2\/posts\/827667","targetHints":{"allow":["GET"]}}],"collection":[{"href":"https:\/\/www.europesays.com\/de\/wp-json\/wp\/v2\/posts"}],"about":[{"href":"https:\/\/www.europesays.com\/de\/wp-json\/wp\/v2\/types\/post"}],"author":[{"embeddable":true,"href":"https:\/\/www.europesays.com\/de\/wp-json\/wp\/v2\/users\/2"}],"replies":[{"embeddable":true,"href":"https:\/\/www.europesays.com\/de\/wp-json\/wp\/v2\/comments?post=827667"}],"version-history":[{"count":0,"href":"https:\/\/www.europesays.com\/de\/wp-json\/wp\/v2\/posts\/827667\/revisions"}],"wp:featuredmedia":[{"embeddable":true,"href":"https:\/\/www.europesays.com\/de\/wp-json\/wp\/v2\/media\/827668"}],"wp:attachment":[{"href":"https:\/\/www.europesays.com\/de\/wp-json\/wp\/v2\/media?parent=827667"}],"wp:term":[{"taxonomy":"category","embeddable":true,"href":"https:\/\/www.europesays.com\/de\/wp-json\/wp\/v2\/categories?post=827667"},{"taxonomy":"post_tag","embeddable":true,"href":"https:\/\/www.europesays.com\/de\/wp-json\/wp\/v2\/tags?post=827667"}],"curies":[{"name":"wp","href":"https:\/\/api.w.org\/{rel}","templated":true}]}}