{"id":827918,"date":"2026-02-26T19:52:12","date_gmt":"2026-02-26T19:52:12","guid":{"rendered":"https:\/\/www.europesays.com\/de\/827918\/"},"modified":"2026-02-26T19:52:12","modified_gmt":"2026-02-26T19:52:12","slug":"daenemark-nach-groenland-streit-frederiksen-kuendigt-ueberraschend-neuwahlen-an","status":"publish","type":"post","link":"https:\/\/www.europesays.com\/de\/827918\/","title":{"rendered":"D\u00e4nemark: Nach Gr\u00f6nland-Streit \u2013 Frederiksen k\u00fcndigt \u00fcberraschend Neuwahlen an"},"content":{"rendered":"<p>D\u00e4nemarks Ministerpr\u00e4sidentin Frederiksen hofft, dass ihr Auftreten gegen\u00fcber Trump in der Gr\u00f6nland-Krise ihr R\u00fcckenwind verschafft. Im M\u00e4rz schon sollen die D\u00e4nen ein neues Parlament w\u00e4hlen. Die Wahlkampfthemen d\u00fcrften klar sein.<\/p>\n<p class=\"is-first-paragraph\" data-external=\"Article.FirstParagraph\">D\u00e4nemark w\u00e4hlt am 24. M\u00e4rz ein neues Parlament. Ministerpr\u00e4sidentin Mette Frederiksen gab den Termin f\u00fcr die vorgezogene Wahl am Donnerstag bekannt. \u201eEs liegt nun an Ihnen, den W\u00e4hlern, zu entscheiden, welche Richtung D\u00e4nemark in den n\u00e4chsten vier Jahren einschlagen wird. Und ich freue mich darauf\u201c, sagte die 48-j\u00e4hrige Sozialdemokratin im Parlament.<\/p>\n<p>175 der 179 Sitze des d\u00e4nischen Parlaments, bekannt als Folketing, gehen an Abgeordnete, die Wahlkreise in D\u00e4nemark vertreten. Jeweils zwei Sitze gehen an die halbautonomen Territorien Gr\u00f6nland und die F\u00e4r\u00f6er-Inseln.<\/p>\n<p>Entschlossene Haltung gegen\u00fcber Trump<\/p>\n<p>Nicht nur in Gr\u00f6nland d\u00fcrfte der Versuch von US-Pr\u00e4sident Donald Trump, die gr\u00f6\u00dfte Insel der Welt unter die Kontrolle der Vereinigten Staaten zu bringen, ein Wahlkampfthema sein. Frederiksen hofft, dass ihre entschlossene Haltung gegen\u00fcber Trump von den W\u00e4hlern gew\u00fcrdigt wird.<\/p>\n<p>Frederiksen hatte gewarnt, dass eine \u00dcbernahme Gr\u00f6nlands durch die USA das Ende der Nato bedeuten w\u00fcrde, und Trumps Avancen klar zur\u00fcckgewiesen. Sie erhielt dabei R\u00fcckendeckung von zahlreichen anderen europ\u00e4ischen Regierungschefs.<\/p>\n<p>Auch wenn Trump schlie\u00dflich von seinen Forderungen abr\u00fcckte, und die USA Gespr\u00e4che mit D\u00e4nemark und Gr\u00f6nland \u00fcber einen Sicherheitspakt f\u00fcr die Arktisregion begannen, warnte Frederiksen ihre Landsleute davor, sich in Sicherheit zu wiegen. Auf die Frage, ob die Krise um Gr\u00f6nland vorbei sei, sagte sie bei der M\u00fcnchner Sicherheitskonferenz: \u201eNein, leider nicht. Ich denke, der Wunsch des US-Pr\u00e4sidenten ist genau derselbe. Er nimmt dieses Thema sehr ernst.\u201c<\/p>\n<p>Hart in Migrationsfragen<\/p>\n<p>Innenpolitisch setzt Frederiksen auf eine strikte Migrationspolitik. Im Januar stellte ihre Regierung eine Gesetzesreform vor, die die Abschiebung von Ausl\u00e4ndern erm\u00f6glicht, die wegen schwerer Straftaten zu mindestens einem Jahr Freiheitsstrafe ohne Bew\u00e4hrung verurteilt wurden.<\/p>\n<p>Jahre bevor andere europ\u00e4ische L\u00e4nder versuchten, Asylverfahren an Drittl\u00e4nder auszulagern oder sogenannte R\u00fcckf\u00fchrungszentren f\u00fcr abgelehnte Asylbewerber au\u00dferhalb der Europ\u00e4ischen Union einzurichten, hatte Fredriksen solche Ideen bereits vorgebracht.<\/p>\n<p>Dreierkoalition \u00fcber Blockgrenzen hinaus<\/p>\n<p>Parlamentswahlen m\u00fcssen in D\u00e4nemark mindestens alle vier Jahre stattfinden, aber der Ministerpr\u00e4sident oder die Ministerpr\u00e4sidentin kann jederzeit Neuwahlen ausrufen. Die letzte Wahl fanden am 1. November 2022 statt und f\u00fchrten zu einer Dreiparteienkoalition \u00fcber die traditionellen Blockgrenzen hinaus. Fredriksen, die bereits seit 2019 Regierungschefin ist, f\u00fchrt derzeit ein B\u00fcndnis mit der Partei Venstre von Verteidigungsminister Troels Lund Poulsen und den Moderaten von Au\u00dfenminister Lars L\u00f8kke Rasmussen an.<\/p>\n<p>Als sie am Donnerstag die Wahl ank\u00fcndigte, sagte Frederiksen im Parlament: \u201eDies wird eine entscheidende Wahl f\u00fcr uns sein, denn in den n\u00e4chsten vier Jahren m\u00fcssen wir als D\u00e4nen und als Europ\u00e4er wirklich auf eigenen Beinen stehen. Wir m\u00fcssen unsere Beziehung zu den USA definieren. Wir m\u00fcssen uns bewaffnen, um den Frieden auf unserem Kontinent zu sichern. Wir m\u00fcssen Europa zusammenhalten.\u201c<\/p>\n<p>AP\/rct<\/p>\n","protected":false},"excerpt":{"rendered":"D\u00e4nemarks Ministerpr\u00e4sidentin Frederiksen hofft, dass ihr Auftreten gegen\u00fcber Trump in der Gr\u00f6nland-Krise ihr R\u00fcckenwind verschafft. Im M\u00e4rz schon&hellip;\n","protected":false},"author":2,"featured_media":827919,"comment_status":"","ping_status":"","sticky":false,"template":"","format":"standard","meta":{"footnotes":"","_share_on_mastodon":"0"},"categories":[3],"tags":[15323,1160,114,51374,452,13,51375,14,15,110,12,10,8,9,11,113,103,104],"class_list":["post-827918","post","type-post","status-publish","format-standard","has-post-thumbnail","category-welt","tag-balken-inbox","tag-daenemark","tag-donald-geb-1946","tag-frederiksen","tag-groenland","tag-headlines","tag-mette","tag-nachrichten","tag-news","tag-newsteam","tag-schlagzeilen","tag-top-news","tag-top-meldungen","tag-topmeldungen","tag-topnews","tag-trump","tag-welt","tag-world"],"share_on_mastodon":{"url":"https:\/\/pubeurope.com\/@de\/116138681833754719","error":""},"_links":{"self":[{"href":"https:\/\/www.europesays.com\/de\/wp-json\/wp\/v2\/posts\/827918","targetHints":{"allow":["GET"]}}],"collection":[{"href":"https:\/\/www.europesays.com\/de\/wp-json\/wp\/v2\/posts"}],"about":[{"href":"https:\/\/www.europesays.com\/de\/wp-json\/wp\/v2\/types\/post"}],"author":[{"embeddable":true,"href":"https:\/\/www.europesays.com\/de\/wp-json\/wp\/v2\/users\/2"}],"replies":[{"embeddable":true,"href":"https:\/\/www.europesays.com\/de\/wp-json\/wp\/v2\/comments?post=827918"}],"version-history":[{"count":0,"href":"https:\/\/www.europesays.com\/de\/wp-json\/wp\/v2\/posts\/827918\/revisions"}],"wp:featuredmedia":[{"embeddable":true,"href":"https:\/\/www.europesays.com\/de\/wp-json\/wp\/v2\/media\/827919"}],"wp:attachment":[{"href":"https:\/\/www.europesays.com\/de\/wp-json\/wp\/v2\/media?parent=827918"}],"wp:term":[{"taxonomy":"category","embeddable":true,"href":"https:\/\/www.europesays.com\/de\/wp-json\/wp\/v2\/categories?post=827918"},{"taxonomy":"post_tag","embeddable":true,"href":"https:\/\/www.europesays.com\/de\/wp-json\/wp\/v2\/tags?post=827918"}],"curies":[{"name":"wp","href":"https:\/\/api.w.org\/{rel}","templated":true}]}}