{"id":828080,"date":"2026-02-26T21:24:20","date_gmt":"2026-02-26T21:24:20","guid":{"rendered":"https:\/\/www.europesays.com\/de\/828080\/"},"modified":"2026-02-26T21:24:20","modified_gmt":"2026-02-26T21:24:20","slug":"gefaengnis-zu-verkaufen-immobilie-mit-potenzial","status":"publish","type":"post","link":"https:\/\/www.europesays.com\/de\/828080\/","title":{"rendered":"Gef\u00e4ngnis zu verkaufen: Immobilie mit &#8222;Potenzial&#8220;"},"content":{"rendered":"<p>        Gef\u00e4ngnis zu verkaufen: Immobilie mit &#8222;Potenzial&#8220; | ndr.de<\/p>\n<p>    <a id=\"anchor-content\"\/><\/p>\n<p>\n                Stand: 26.02.2026 21:14 Uhr<\/p>\n<p class=\"preface\">Die fr\u00fchere JVA Rennelberg in Braunschweig soll verkauft werden. Der Startpreis: 3,6 Millionen Euro. Daf\u00fcr gibt es enge Zellen, kalte G\u00e4nge und echten Gef\u00e4ngnis-Charme.<\/p>\n<p class=\"textauthor\">von Sabine Hausherr<\/p>\n<p class=\"\">Das ehemalige Braunschweiger Gef\u00e4ngnis aus dem Jahr 1884 ist in die Jahre gekommen. Hinter den dicken Mauern ist es in diesen Tagen noch k\u00e4lter als drau\u00dfen. Der Putz br\u00f6ckelt von der Decke &#8211; geheizt wird hier schon l\u00e4nger nicht mehr. Die vergitterten kleinen Fenster lassen nur wenig Tageslicht ins Innere. Viel Inventar ist verschwunden. Nur noch die Waschbecken und die Toiletten h\u00e4ngen an den W\u00e4nden. Verblasste Zeichnungen erinnern an Menschen, die hier fr\u00fcher einsa\u00dfen. Im April 2024 zogen die verbliebenen <a href=\"https:\/\/www.ndr.de\/nachrichten\/niedersachsen\/Gefaengnis-in-Braunschweig-schliesst-44-Haeftlinge-muessen-umziehen,jva616.html\" title=\"Gef\u00e4ngnis in Braunschweig schlie\u00dft - 44 H\u00e4ftlinge m\u00fcssen umziehen\" rel=\"nofollow noopener\" target=\"_blank\">44 Untersuchungsh\u00e4ftlinge in die Hauptanstalt nach Wolfenb\u00fcttel um<\/a>. Nun steht das Areal zum Verkauf.<\/p>\n<p>    Startpreis: 3,6 Millionen Euro<\/p>\n<p>                    <a href=\"https:\/\/www.europesays.com\/de\/wp-content\/uploads\/2026\/02\/rennelberg-110.webp.webp\" class=\"zoomimage\" title=\"Bild vergr\u00f6\u00dfern\"><\/p>\n<p>        <img decoding=\"async\" src=\"https:\/\/www.europesays.com\/de\/wp-content\/uploads\/2026\/02\/rennelberg-110.webp.webp\" alt=\"Eine schwere Gef\u00e4ngnist\u00fcr aus Holz mit Schloss\" title=\"Hinter diesen T\u00fcren sa\u00dfen M\u00f6rder, Einbrecher und Betr\u00fcger. | NDR, Sabine Hausherr\" class=\"responsive\" loading=\"lazy\"\/><\/p>\n<p>                    <\/a><\/p>\n<p>                    Hinter diesen T\u00fcren sa\u00dfen M\u00f6rder, Einbrecher und Betr\u00fcger.<\/p>\n<p class=\"\">3,6 Millionen Euro betr\u00e4gt der Startpreis f\u00fcr das 13.400 Quadratmeter gro\u00dfe Gel\u00e4nde in bester westlicher Innenstadtlage. Zust\u00e4ndig f\u00fcr den Verkauf ist das Nieders\u00e4chsische Landesamt f\u00fcr Bau und Liegenschaften. In den vergangenen Wochen und Monaten habe er zehn Interessenten durch die Geb\u00e4ude gef\u00fchrt, berichtet Mitarbeiter Oliver Wahnschaff. &#8222;Was diese mit dem Gel\u00e4nde und Geb\u00e4ude vorhaben, wei\u00df ich allerdings nicht&#8220;, sagt er. Da habe sich niemand in die Karten schauen lassen. Und bislang seien auch noch keine Angebote f\u00fcr das Objekt eingegangen.<\/p>\n<p>    Ideen f\u00fcr k\u00fcnftige Nutzung<\/p>\n<p>                    <a href=\"https:\/\/www.europesays.com\/de\/wp-content\/uploads\/2026\/02\/rennelberg-114.webp.webp\" class=\"zoomimage\" title=\"Bild vergr\u00f6\u00dfern\"><\/p>\n<p>        <img decoding=\"async\" src=\"https:\/\/www.europesays.com\/de\/wp-content\/uploads\/2026\/02\/rennelberg-114.webp.webp\" alt=\"Eine Kapelle mit gelben W\u00e4nden und roten Vorh\u00e4ngen\" title=\"Auch eine Kapelle befindet sich auf dem 13.400 Quadratmeter gro\u00dfen Gel\u00e4nde. | NDR, Sabine Hausherr\" class=\"responsive\" loading=\"lazy\"\/><\/p>\n<p>                    <\/a><\/p>\n<p>                    Auch eine Kapelle befindet sich auf dem 13.400 Quadratmeter gro\u00dfen Gel\u00e4nde.<\/p>\n<p class=\"\">Zum Areal geh\u00f6ren Werkst\u00e4tten, eine Gro\u00dfk\u00fcche, Sportfl\u00e4chen und eine Kapelle. Das Landesamt nennt Gastronomie, Kleingewerbe, Kunst- und Kulturprojekte sowie Hotelkonzepte als denkbare Nutzungen. Auch Wohnungen seien m\u00f6glich. Ausgeschlossen seien hingegen &#8222;unpassende Nutzungen&#8220; wie Spielhallen oder Bordelle. &#8222;Interessenten m\u00fcssen ein tragf\u00e4higes Konzept vorlegen und die Finanzierung nachweisen&#8220;, sagt Oliver Wahnschaff. Das Land behalte sich aber vor, \u00fcber Zeitpunkt und Bedingungen der Vergabe frei zu entscheiden.<\/p>\n<p>    Denkmalschutz als Herausforderung<\/p>\n<p class=\"\">Das Problem f\u00fcr k\u00fcnftige Eigent\u00fcmer: Ein Gro\u00dfteil der Geb\u00e4ude steht unter Denkmalschutz. Wer umbauen will, muss strenge Vorgaben beachten &#8211; etwa bei den Fenstern oder bei der Raumaufteilung. Mehr Licht in die Zellen zu bringen oder gr\u00f6\u00dfere \u00d6ffnungen zu schaffen, d\u00fcrfte aufwendig werden. Und ganz allgemein: Der Sanierungsstau ist enorm. Auch aus diesem Grund hat das Land Niedersachsen den Standort aufgegeben, weil eine umfassende Sanierung zu einem zeitgem\u00e4\u00dfen Gef\u00e4ngnisbetrieb zu teuer geworden w\u00e4re. Immerhin, hei\u00dft es im Expos\u00e9: &#8222;Ein Energieausweis ist nicht notwendig.&#8220;<\/p>\n<p>    In Helsinki gibt es ein Gef\u00e4ngnishotel<\/p>\n<p>                    <a href=\"https:\/\/www.europesays.com\/de\/wp-content\/uploads\/2026\/02\/gefaengnis-130.webp.webp\" class=\"zoomimage\" title=\"Bild vergr\u00f6\u00dfern\"><\/p>\n<p>        <img decoding=\"async\" src=\"https:\/\/www.europesays.com\/de\/wp-content\/uploads\/2026\/02\/gefaengnis-130.webp.webp\" alt=\"Hotel Katajanokka, ein ehemaliges Gef\u00e4ngnis ist jetzt ein Hotel in Helsinki.\" title=\"Hotel Katajanokka in Helsinki war fr\u00fcher ein Gef\u00e4ngnis. | picture alliance \/ imageBROKER | Michael Runkel\" class=\"responsive\" loading=\"lazy\"\/><\/p>\n<p>                    <\/a><\/p>\n<p>                    Hotel Katajanokka in Helsinki war fr\u00fcher ein Gef\u00e4ngnis.<\/p>\n<p class=\"\">Auch in anderen St\u00e4dten wie etwa in G\u00f6ttingen stehen Gef\u00e4ngnisse leer. Im finnischen Helsinki wurde ein Gef\u00e4ngnis zum Hotel umgebaut. Auch dieses stammt aus dem 19. Jahrhundert und \u00e4hnelt dem Braunschweiger Gef\u00e4ngnis verbl\u00fcffend. Wo einst Zellent\u00fcren ins Schloss fielen, \u00fcbernachten nun Touristinnen und Touristen. Die historische Architektur blieb dabei weitgehend erhalten &#8211; darin aber schicke M\u00f6bel und modernster Komfort. Auch in Berlin und Kaiserslautern gibt es seit einigen Jahren ein Gef\u00e4ngnishotel. In Hamburg-Wandsbek ist dagegen das Amtsgericht in ein ehemaliges Gef\u00e4ngnis eingezogen.<\/p>\n<p>    Gebaut 1884 &#8211; ein Ort mit dunkler Vergangenheit<\/p>\n<p>                    <a href=\"https:\/\/www.europesays.com\/de\/wp-content\/uploads\/2026\/02\/rennelberg-112.webp.webp\" class=\"zoomimage\" title=\"Bild vergr\u00f6\u00dfern\"><\/p>\n<p>        <img decoding=\"async\" src=\"https:\/\/www.europesays.com\/de\/wp-content\/uploads\/2026\/02\/rennelberg-112.webp.webp\" alt=\"Eine Gef\u00e4ngniszelle mit Metallbett und Metalltisch. \" title=\"In diesen sogenannten Todeszellen wurden w\u00e4hrend des Zweiten Weltkriegs Menschen eingesperrt.  | NDR, Sabine Hausherr\" class=\"responsive\" loading=\"lazy\"\/><\/p>\n<p>                    <\/a><\/p>\n<p>                    In diesen sogenannten Todeszellen wurden w\u00e4hrend des Zweiten Weltkriegs Menschen eingesperrt. <\/p>\n<p class=\"\">Errichtet wurde das Braunschweiger Gef\u00e4ngnis 1884 als Kreis- und Untersuchungsgef\u00e4ngnis. Es unterstand dem Strafgef\u00e4ngnis Wolfenb\u00fcttel und diente als zentrale Frauenhaftanstalt. W\u00e4hrend der NS-Zeit war es f\u00fcr viele Inhaftierte eine Zwischenstation auf dem Weg in andere Gef\u00e4ngnisse, Hinrichtungsst\u00e4tten oder Konzentrationslager. W\u00e4hrend des Zweiten Weltkriegs wurde es auch von der Wehrmacht und der SS als Haftort genutzt. Einige Braunschweiger fordern deshalb, dass an dieser Stelle auch eine Gedenkst\u00e4tte entstehen m\u00fcsse. Drei Zellen, so will es die Stadt Braunschweig, sollen originalgetreu erhalten bleiben.<\/p>\n<p>    Staatstheater plant Auff\u00fchrung im ehemaligen Gef\u00e4ngnis<\/p>\n<p class=\"\">Noch ist vollkommen unklar, was aus dem ehemaligen Gef\u00e4ngnis werden wird. Sollte bis Ende April 2026 kein geeignetes Angebot eingehen, will das Land die Frist verl\u00e4ngern oder alles neu ausschreiben. Immerhin: Einen ersten konkreten Interessenten gibt es, sagt Wahnschaff. &#8222;Das Staatstheater Braunschweig will das ehemalige Gef\u00e4ngnis im Sommer f\u00fcr kurze Zeit als Veranstaltungsst\u00e4tte nutzen&#8220;, erz\u00e4hlt er. Vielleicht die Gelegenheit f\u00fcr alle Braunschweiger, &#8222;ihren Rennelberg&#8220; mal von innen zu sehen.<\/p>\n<p>        <img decoding=\"async\" src=\"https:\/\/www.europesays.com\/de\/wp-content\/uploads\/2026\/02\/jva-114.webp.webp\" alt=\"Au\u00dfenansicht der ehemaligen Justizvollzuganstalt Braunschweig-Rennelberg.\" title=\"Au\u00dfenansicht der ehemaligen Justizvollzuganstalt Braunschweig-Rennelberg. | picture alliance \/ dpa | Holger Hollemann\" class=\"responsive\" loading=\"lazy\"\/><\/p>\n<p>Das Mindestgebot f\u00fcr die Immobilie mit mehreren Geb\u00e4uden in Innenstadtn\u00e4he liegt bei 3,6 Millionen Euro.<\/p>\n<p>        <img decoding=\"async\" src=\"https:\/\/www.europesays.com\/de\/wp-content\/uploads\/2026\/02\/goettingen2140.webp.webp\" alt=\"Das Bild zeigt die ehemalige JVA in der G\u00f6ttinger Innenstadt. Auf einer Mauer sind \u00fcbergro\u00dfe Personen aufgemalt.\" title=\"Das Bild zeigt die ehemalige JVA in der G\u00f6ttinger Innenstadt. Auf einer Mauer sind \u00fcbergro\u00dfe Personen aufgemalt. | NDR\/B\u00e4rbel Wiethoff, B\u00e4rbel Wiethoff\" class=\"responsive\" loading=\"lazy\"\/><\/p>\n<p>Alle rechnen laut Stadtverwaltung mit einem siebenstelligen Investitionsbetrag. Die JVA steht seit 16 Jahren leer.<\/p>\n<p>        <img decoding=\"async\" src=\"https:\/\/www.europesays.com\/de\/wp-content\/uploads\/2026\/02\/screenshot1730808.webp.webp\" alt=\"H\u00e4ftlinge der JVA Braunschweig warten mit gepackten Umzugskisten im Flur des Gef\u00e4ngnis.\" title=\"H\u00e4ftlinge der JVA Braunschweig warten mit gepackten Umzugskisten im Flur des Gef\u00e4ngnis. | Screenshot\" class=\"responsive\" loading=\"lazy\"\/><\/p>\n<p>Der Sanierungsstau der JVA Braunschweig aus dem Jahr 1884 ist zu hoch und die marode Bausubstanz bietet zu viele kreative Verstecke.<\/p>\n","protected":false},"excerpt":{"rendered":"Gef\u00e4ngnis zu verkaufen: Immobilie mit &#8222;Potenzial&#8220; | ndr.de Stand: 26.02.2026 21:14 Uhr Die fr\u00fchere JVA Rennelberg in Braunschweig&hellip;\n","protected":false},"author":2,"featured_media":828081,"comment_status":"","ping_status":"","sticky":false,"template":"","format":"standard","meta":{"footnotes":"","_share_on_mastodon":"0"},"categories":[1850],"tags":[6429,3364,29,548,663,3934,3647,30,13,5411,6209,8677,14,15,1411,113589,12],"class_list":["post-828080","post","type-post","status-publish","format-standard","has-post-thumbnail","category-braunschweig","tag-braunschweig","tag-de","tag-deutschland","tag-eu","tag-europa","tag-europe","tag-gefaengnis","tag-germany","tag-headlines","tag-immobilie","tag-jva","tag-leerstand","tag-nachrichten","tag-news","tag-niedersachsen","tag-rennelberg","tag-schlagzeilen"],"share_on_mastodon":{"url":"https:\/\/pubeurope.com\/@de\/116139043936037608","error":""},"_links":{"self":[{"href":"https:\/\/www.europesays.com\/de\/wp-json\/wp\/v2\/posts\/828080","targetHints":{"allow":["GET"]}}],"collection":[{"href":"https:\/\/www.europesays.com\/de\/wp-json\/wp\/v2\/posts"}],"about":[{"href":"https:\/\/www.europesays.com\/de\/wp-json\/wp\/v2\/types\/post"}],"author":[{"embeddable":true,"href":"https:\/\/www.europesays.com\/de\/wp-json\/wp\/v2\/users\/2"}],"replies":[{"embeddable":true,"href":"https:\/\/www.europesays.com\/de\/wp-json\/wp\/v2\/comments?post=828080"}],"version-history":[{"count":0,"href":"https:\/\/www.europesays.com\/de\/wp-json\/wp\/v2\/posts\/828080\/revisions"}],"wp:featuredmedia":[{"embeddable":true,"href":"https:\/\/www.europesays.com\/de\/wp-json\/wp\/v2\/media\/828081"}],"wp:attachment":[{"href":"https:\/\/www.europesays.com\/de\/wp-json\/wp\/v2\/media?parent=828080"}],"wp:term":[{"taxonomy":"category","embeddable":true,"href":"https:\/\/www.europesays.com\/de\/wp-json\/wp\/v2\/categories?post=828080"},{"taxonomy":"post_tag","embeddable":true,"href":"https:\/\/www.europesays.com\/de\/wp-json\/wp\/v2\/tags?post=828080"}],"curies":[{"name":"wp","href":"https:\/\/api.w.org\/{rel}","templated":true}]}}