{"id":828360,"date":"2026-02-27T00:02:15","date_gmt":"2026-02-27T00:02:15","guid":{"rendered":"https:\/\/www.europesays.com\/de\/828360\/"},"modified":"2026-02-27T00:02:15","modified_gmt":"2026-02-27T00:02:15","slug":"flughafen-muenchen-feuerwehr-kritisiert-zwangsuebernachtung-im-flugzeug","status":"publish","type":"post","link":"https:\/\/www.europesays.com\/de\/828360\/","title":{"rendered":"Flughafen M\u00fcnchen: Feuerwehr kritisiert Zwangs\u00fcbernachtung im Flugzeug"},"content":{"rendered":"<p class=\"paragraph article__item\">Nach der <a href=\"https:\/\/www.zeit.de\/gesellschaft\/zeitgeschehen\/2026-02\/flughafen-schnee-muenchen-fluggaeste-lufthansa-gxe\" target=\"_blank\" rel=\"nofollow noopener\">unfreiwilligen \u00dcbernachtung Hunderter Passagiere<\/a> in Flugzeugen am M\u00fcnchner Flughafen gibt es nun auch Kritik von der <a class=\"rtr-entity\" href=\"https:\/\/www.zeit.de\/thema\/feuerwehr\" rel=\"nofollow noopener\" target=\"_blank\">Feuerwehr<\/a>. Der Bundesvorsitzende der Deutschen Feuerwehr-Gewerkschaft,<br \/>\n Siegfried Maier, sagte, &#8222;dass es nicht zu einer Alarmierung der<br \/>\nFlughafenfeuerwehr gekommen ist&#8220;, wie er der Nachrichtenagentur dpa best\u00e4tigte. Zuvor hatte die Bild-Zeitung berichtet.\n<\/p>\n<p class=\"paragraph article__item\">&#8222;Flughafenfeuerwehren halten spezielle Treppen vor, um Menschen in besonderen Situationen das Aussteigen aus einem Flugzeug<br \/>\n zu erm\u00f6glichen. Auch am Flughafen M\u00fcnchen werden solche Treppen, bei<br \/>\nder Flughafenfeuerwehr, vorgehalten&#8220;, sagte Maier. Es fehlten Informationen, weshalb die Flughafenfeuerwehr nicht zum Einsatz gekommen sei, sagte er.\n<\/p>\n<p class=\"paragraph article__item\">Denn w\u00e4re sie zum Einsatz gekommen, h\u00e4tten die<br \/>\nEinsatzkr\u00e4fte laut Maier daf\u00fcr gesorgt, dass die Passagiere aussteigen k\u00f6nnen. &#8222;Ein<br \/>\n eventueller Transport in ein Flughafengeb\u00e4ude w\u00e4re ebenfalls zu<br \/>\norganisieren m\u00f6glich gewesen&#8220;, sagte Maier. Dazu h\u00e4tten beispielsweise<br \/>\n auch Fahrzeuge von Feuerwehr<br \/>\n und Bundespolizei genutzt werden k\u00f6nnen. &#8222;Ein Notausstieg und Transport<br \/>\n in ein Geb\u00e4ude w\u00e4re vielleicht nicht f\u00fcr alle Betroffenen zeitgleich zu<br \/>\n realisieren, aber m\u00f6glich gewesen&#8220;, sagte er.\n<\/p>\n<p>        Feuerwehr-Gewerkschaft fordert &#8222;Schl\u00fcsse f\u00fcr die Zukunft&#8220;        <\/p>\n<p class=\"paragraph article__item\">Vielleicht gebe es bislang unver\u00f6ffentlichte Gr\u00fcnde daf\u00fcr, dass die Feuerwehr nicht alarmiert wurde. Sollte das aber gar nicht erwogen worden sein, obwohl die Feuerwehr<br \/>\n doch extra f\u00fcr besondere Situationen da sei, &#8222;dann muss ein kritisches<br \/>\nHinterfragen nicht nur erlaubt sein, sondern es m\u00fcssen Schl\u00fcsse f\u00fcr die<br \/>\nZukunft gezogen werden&#8220;, sagte der Feuerwehrgewerkschafter.\n<\/p>\n<p class=\"paragraph article__item\">Insgesamt waren laut Flughafen in der Nacht zum<br \/>\n Freitag vergangener Woche sechs Fl\u00fcge mit rund 600 Passagieren<br \/>\nbetroffen, die bereits an Bord waren und eigentlich starten sollten. Als<br \/>\n die <a class=\"rtr-entity\" href=\"https:\/\/www.zeit.de\/thema\/flugzeug\" rel=\"nofollow noopener\" target=\"_blank\">Flugzeuge<\/a> dann aber wegen des<br \/>\nstarken Schneefalls wider Erwarten doch nicht abheben durften, fehlten<br \/>\nBusse, um die Flugg\u00e4ste ins Flughafengeb\u00e4ude zur\u00fcckzubringen.\n<\/p>\n<p class=\"paragraph article__item\">Der Flughafen und die <a href=\"https:\/\/www.zeit.de\/2026\/10\/lufthansa-regel-handgepaeck-geigenkaesten-carolin-widmann\" target=\"_blank\" rel=\"nofollow noopener\">Lufthansa<\/a> haben f\u00fcr<br \/>\ndiesen Freitag eine Pressekonferenz zu dem Vorfall angek\u00fcndigt. In der<br \/>\nEinladung dazu hei\u00dft es: &#8222;Die Flughafen M\u00fcnchen GmbH und Lufthansa<br \/>\narbeiten intensiv an der Aufkl\u00e4rung der Abl\u00e4ufe.&#8220;\n<\/p>\n<p>Mehr zum Thema<\/p>\n<p>            Flugverkehr        <\/p>\n<p>                <a href=\"https:\/\/www.zeit.de\/mobilitaet\/2026-02\/flughafen-ber-golf-airline-emirates-lufthansa-langstreckenfluege\" data-ct-label=\"Flughafen BER: Wie der Kanzler der Lufthansa in die Quere kommt\" data-uuid=\"8e632f38-dcf9-4114-8f38-007dec8e2dd8\" rel=\"nofollow noopener\" target=\"_blank\"><\/p>\n<p>        Z+ (abopflichtiger Inhalt);<\/p>\n<p>    Flughafen BER:<br \/>\n                        Wie der Kanzler der Lufthansa in die Quere kommt<\/p>\n<p>                <\/a><\/p>\n<p>                <a href=\"https:\/\/www.zeit.de\/arbeit\/2026-02\/julia-peukert-pilotin-arbeit-podcast\" data-ct-label=\"Julia Peukert: Wie gef\u00e4hrlich ist Fliegen wirklich, Julia Peukert?\" data-uuid=\"1d1775ca-b9f1-42e6-94e9-1eb0592aab19\" rel=\"nofollow noopener\" target=\"_blank\"><\/p>\n<p>                        Julia Peukert:<br \/>\n                        Wie gef\u00e4hrlich ist Fliegen wirklich, Julia Peukert?<\/p>\n<p>                <\/a><\/p>\n<p>                <a href=\"https:\/\/www.zeit.de\/arbeit\/2026-02\/pilotin-julia-peukert-berufsalltag-passagiere-highlights\" data-ct-label=\"Pilotin Julia Peukert: &quot;Auch ich bin Mama und habe eine Familie \u2013 das funktioniert&quot; \" data-uuid=\"961ea576-5423-490c-9ac3-392fadf08940\" rel=\"nofollow noopener\" target=\"_blank\"><\/p>\n<p>        Z+ (abopflichtiger Inhalt);<\/p>\n<p>    Pilotin Julia Peukert:<br \/>\n                        &#8222;Auch ich bin Mama und habe eine Familie \u2013 das funktioniert&#8220; <\/p>\n<p>                <\/a><\/p>\n","protected":false},"excerpt":{"rendered":"Nach der unfreiwilligen \u00dcbernachtung Hunderter Passagiere in Flugzeugen am M\u00fcnchner Flughafen gibt es nun auch Kritik von der&hellip;\n","protected":false},"author":2,"featured_media":828361,"comment_status":"","ping_status":"","sticky":false,"template":"","format":"standard","meta":{"footnotes":"","_share_on_mastodon":"0"},"categories":[5],"tags":[985,10647,10074,1724,13,1268,14,15,12,137711,185474,10,8,9,11,185475],"class_list":["post-828360","post","type-post","status-publish","format-standard","has-post-thumbnail","category-nachrichten","tag-feuerwehr","tag-flughafen-muenchen","tag-flugzeug","tag-gesellschaft","tag-headlines","tag-muenchen","tag-nachrichten","tag-news","tag-schlagzeilen","tag-schneefall","tag-siegfried-maier","tag-top-news","tag-top-meldungen","tag-topmeldungen","tag-topnews","tag-zwangsuebernachtung"],"share_on_mastodon":{"url":"https:\/\/pubeurope.com\/@de\/116139664674807147","error":""},"_links":{"self":[{"href":"https:\/\/www.europesays.com\/de\/wp-json\/wp\/v2\/posts\/828360","targetHints":{"allow":["GET"]}}],"collection":[{"href":"https:\/\/www.europesays.com\/de\/wp-json\/wp\/v2\/posts"}],"about":[{"href":"https:\/\/www.europesays.com\/de\/wp-json\/wp\/v2\/types\/post"}],"author":[{"embeddable":true,"href":"https:\/\/www.europesays.com\/de\/wp-json\/wp\/v2\/users\/2"}],"replies":[{"embeddable":true,"href":"https:\/\/www.europesays.com\/de\/wp-json\/wp\/v2\/comments?post=828360"}],"version-history":[{"count":0,"href":"https:\/\/www.europesays.com\/de\/wp-json\/wp\/v2\/posts\/828360\/revisions"}],"wp:featuredmedia":[{"embeddable":true,"href":"https:\/\/www.europesays.com\/de\/wp-json\/wp\/v2\/media\/828361"}],"wp:attachment":[{"href":"https:\/\/www.europesays.com\/de\/wp-json\/wp\/v2\/media?parent=828360"}],"wp:term":[{"taxonomy":"category","embeddable":true,"href":"https:\/\/www.europesays.com\/de\/wp-json\/wp\/v2\/categories?post=828360"},{"taxonomy":"post_tag","embeddable":true,"href":"https:\/\/www.europesays.com\/de\/wp-json\/wp\/v2\/tags?post=828360"}],"curies":[{"name":"wp","href":"https:\/\/api.w.org\/{rel}","templated":true}]}}