{"id":828549,"date":"2026-02-27T01:52:14","date_gmt":"2026-02-27T01:52:14","guid":{"rendered":"https:\/\/www.europesays.com\/de\/828549\/"},"modified":"2026-02-27T01:52:14","modified_gmt":"2026-02-27T01:52:14","slug":"die-behauptung-er-sei-in-die-karibik-geflohen-ist-frei-erfunden-agenzia-nova","status":"publish","type":"post","link":"https:\/\/www.europesays.com\/de\/828549\/","title":{"rendered":"\u201eDie Behauptung, er sei in die Karibik geflohen, ist frei erfunden.\u201c \u2013 Agenzia Nova"},"content":{"rendered":"<p class=\"tdm-descr\">\u00a9 Agenzia Nova \u2013 Nachdruck vorbehalten<\/p>\n<p class=\"gt-block\"><strong>Peter Mandelson<\/strong>Mandelson, ehemaliger Labour-Minister und ehemaliger britischer Botschafter in Washington, bezeichnete die Behauptung, er habe Gro\u00dfbritannien verlassen wollen, um auf die Britischen Jungferninseln zu fliehen \u2013 was am Montagnachmittag zu seiner Verhaftung f\u00fchrte \u2013, laut der Zeitung \u201eThe Times\u201c als \u201ev\u00f6llig erfunden\u201c. Die Metropolitan Police hatte zun\u00e4chst einer freiwilligen Befragung Anfang M\u00e4rz im Zusammenhang mit dem Vorwurf zugestimmt, er habe vertrauliche Regierungsdokumente an den ehemaligen Finanzier Jeffrey Epstein, einen verurteilten P\u00e4dophilen und Menschenh\u00e4ndler, weitergegeben. Berichten zufolge handelte die Polizei jedoch, nachdem sie Informationen erhalten hatte, dass bei Mandelson Fluchtgefahr bestehe.<\/p>\n<p>Mandelson wurde am fr\u00fchen Dienstagmorgen gegen Kaution freigelassen und muss im Mai erneut vor Gericht erscheinen. Dann k\u00f6nnte er formell angeklagt werden, es k\u00f6nnten keine weiteren Ma\u00dfnahmen gegen ihn ergriffen werden oder seine Kaution k\u00f6nnte verl\u00e4ngert werden. Die Metropolitan Police lehnte eine Stellungnahme zu den Kautionsauflagen ab, die unter anderem die Abgabe seines Reisepasses und die Pflicht zum Wohnsitzhalten umfassen k\u00f6nnten. \u201eDie Polizei hat mich verhaftet und behauptet, ich w\u00fcrde meinen Mann Reinaldo, meine Familie und meinen Hund Jock verlassen. Ich brauche Ihnen nicht zu sagen, dass das frei erfunden ist\u201c, sagte Mandelson und fragte sich: \u201eWer oder was steckt dahinter?\u201c Mandelson bestreitet jegliches Fehlverhalten und jeglichen finanziellen Gewinn.<\/p>\n<p class=\"gt-block\">Lesen Sie auch andere Nachrichten \u00fcber <strong><a href=\"https:\/\/www.agenzianova.com\/de\/news\" target=\"_blank\" rel=\"noopener nofollow\">Nova-News<\/a><\/strong><\/p>\n<p class=\"gt-block\"><strong><a style=\"color: #0000ff;\" href=\" https:\/\/whatsapp.com\/channel\/0029VaZNLBP6BIEk5MzqOb2Q \">Klicken Sie hier und erhalten Sie Updates auf WhatsApp<\/a><\/strong><\/p>\n<p class=\"gt-block\">Folgen Sie uns auf den sozialen Kan\u00e4len von Nova News <strong><a href=\"https:\/\/twitter.com\/agenzia_nova\" target=\"_blank\" rel=\"noopener nofollow\">Twitter<\/a>, <a href=\"https:\/\/www.linkedin.com\/company\/64989554\/admin\/\" target=\"_blank\" rel=\"noopener nofollow\"> LinkedIn<\/a>, <a href=\"https:\/\/www.instagram.com\/agenzia.nova\/\" target=\"_blank\" rel=\"noopener nofollow\">Instagram, <\/a><a href=\"https:\/\/t.me\/novanewsagenzia\" rel=\"nofollow\">Telegram<\/a><\/strong><\/p>\n<p class=\"tdm-descr\">\u00a9 Agenzia Nova \u2013 Nachdruck vorbehalten<\/p>\n<p><script async src=\"https:\/\/platform.twitter.com\/widgets.js\" charset=\"utf-8\"><\/script><script async src=\"\/\/www.instagram.com\/embed.js\"><\/script><\/p>\n","protected":false},"excerpt":{"rendered":"\u00a9 Agenzia Nova \u2013 Nachdruck vorbehalten Peter MandelsonMandelson, ehemaliger Labour-Minister und ehemaliger britischer Botschafter in Washington, bezeichnete die&hellip;\n","protected":false},"author":2,"featured_media":828550,"comment_status":"","ping_status":"","sticky":false,"template":"","format":"standard","meta":{"footnotes":"","_share_on_mastodon":"0"},"categories":[3976],"tags":[331,332,13,185499,175298,14,15,12,3992,3993,3994,3995,3996,3997],"class_list":["post-828549","post","type-post","status-publish","format-standard","has-post-thumbnail","category-vereinigtes-koenigreich","tag-aktuelle-nachrichten","tag-aktuelle-news","tag-headlines","tag-karibikurlaub","tag-mandelson","tag-nachrichten","tag-news","tag-schlagzeilen","tag-uk","tag-united-kingdom","tag-united-kingdom-of-great-britain-and-northern-ireland","tag-vereinigtes-koenigreich","tag-vereinigtes-koenigreich-grossbritannien-und-nordirland","tag-vereinigtes-koenigreich-von-grossbritannien-und-nordirland"],"share_on_mastodon":{"url":"https:\/\/pubeurope.com\/@de\/116140097466168376","error":""},"_links":{"self":[{"href":"https:\/\/www.europesays.com\/de\/wp-json\/wp\/v2\/posts\/828549","targetHints":{"allow":["GET"]}}],"collection":[{"href":"https:\/\/www.europesays.com\/de\/wp-json\/wp\/v2\/posts"}],"about":[{"href":"https:\/\/www.europesays.com\/de\/wp-json\/wp\/v2\/types\/post"}],"author":[{"embeddable":true,"href":"https:\/\/www.europesays.com\/de\/wp-json\/wp\/v2\/users\/2"}],"replies":[{"embeddable":true,"href":"https:\/\/www.europesays.com\/de\/wp-json\/wp\/v2\/comments?post=828549"}],"version-history":[{"count":0,"href":"https:\/\/www.europesays.com\/de\/wp-json\/wp\/v2\/posts\/828549\/revisions"}],"wp:featuredmedia":[{"embeddable":true,"href":"https:\/\/www.europesays.com\/de\/wp-json\/wp\/v2\/media\/828550"}],"wp:attachment":[{"href":"https:\/\/www.europesays.com\/de\/wp-json\/wp\/v2\/media?parent=828549"}],"wp:term":[{"taxonomy":"category","embeddable":true,"href":"https:\/\/www.europesays.com\/de\/wp-json\/wp\/v2\/categories?post=828549"},{"taxonomy":"post_tag","embeddable":true,"href":"https:\/\/www.europesays.com\/de\/wp-json\/wp\/v2\/tags?post=828549"}],"curies":[{"name":"wp","href":"https:\/\/api.w.org\/{rel}","templated":true}]}}