{"id":828595,"date":"2026-02-27T02:20:12","date_gmt":"2026-02-27T02:20:12","guid":{"rendered":"https:\/\/www.europesays.com\/de\/828595\/"},"modified":"2026-02-27T02:20:12","modified_gmt":"2026-02-27T02:20:12","slug":"veranstaltungstipps-fuer-stuttgart-und-umgebung","status":"publish","type":"post","link":"https:\/\/www.europesays.com\/de\/828595\/","title":{"rendered":"Veranstaltungstipps f\u00fcr Stuttgart und Umgebung"},"content":{"rendered":"<p>Wenn der Fr\u00fchling nach Stuttgart kommt, wird auch die Osterzeit bunt und vielf\u00e4ltig: Von Osterm\u00e4rkten und besonderen Brunchangeboten \u00fcber Familienerlebnisse bis hin zu bewegenden Konzerten ist f\u00fcr jeden etwas dabei. Hier kommen die sch\u00f6nsten Veranstaltungstipps f\u00fcr <a href=\"https:\/\/www.stuttgarter-zeitung.de\/thema\/Ostern\" title=\"Ostern\" class=\"art_thema\" rel=\"nofollow noopener\" target=\"_blank\">Ostern<\/a> 2026 in und um Stuttgart.<\/p>\n<p>Im H\u00e4sle-Express durch den Killesberg-Park <\/p>\n<p>Am <strong>5. April<\/strong> steigen kleine und gro\u00dfe Passagiere wieder in den H\u00e4sle-Express am Killesberg. Um 12 Uhr geht es los. Eine <a href=\"https:\/\/www.ssb-ag.de\/fuer-dich\/killesbergbahn\/\" rel=\"nofollow noopener\" target=\"_blank\">Anmeldung\u00a0<\/a>ist zwingend im Vorfeld n\u00f6tig.<\/p>\n<p>Passionsgeschichte erleben im Ostergarten Stuttgart <\/p>\n<p>Vom <strong>16. M\u00e4rz bis zum 7. April <\/strong>wird die Ostergeschichte im Ostergarten Stuttgart lebendig. Auf ganzen 4000 Quadratmetern wird in den Gew\u00e4chsh\u00e4usern einer ehemaligen G\u00e4rtnerei die biblische Ostergeschichte hautnah erfahrbar gemacht. \u00dcber 500 Mitarbeitende, darunter talentierte Laiendarsteller, und authentische Kulissen laden Besucher ein auf eine Reise durch enge Gassen, hohe Stadttore und mitten ins Geschehen. Der gr\u00f6\u00dfte Ostergarten Deutschlands ist ein unvergessliches Erlebnis f\u00fcr gro\u00dfe und kleine Besucher.<\/p>\n<p>Schlemmen beim Osterbrunch in Stuttgart <\/p>\n<p>Wer vor den Osterfeiertagen nicht selbst in der K\u00fcche stehen m\u00f6chte, um zu backen und vorzubereiten, kann sich auf die verschiedenen Brunchangebote in Stuttgart freuen. Traditionell bieten einige Locations einen besonderen Osterbrunch an. Dazu geh\u00f6rt beispielsweise der beliebte Sonntagsbrunch im <strong>Arcotel Camino<\/strong>, der am <strong>6. April<\/strong> in einer Sonderauflage als Osterbrunch stattfindet. Bei <strong>Wilma Wunder<\/strong> in der Stuttgarter Innenstadt wird am <strong>Karfreitag, Ostersonntag und Ostermontag<\/strong> jeweils zwischen 9 und 12 Uhr und 12.30 und 15 Uhr gebruncht. Neben einem Glas Sekt und Orangensaft kommen leckere Osterl\u00e4mmer oder Osterfladen auf den Teller. Auf einen gro\u00dfen Osterbrunch k\u00f6nnen sich auch Fans vom <strong>Riverhouse <\/strong>freuen. Von 10 bis 15 Uhr wird hier am <strong>Ostersamstag, Ostersonntag und Ostermontag <\/strong>gebruncht.<\/p>\n<p>Osterm\u00e4rkte in Stuttgart und Umgebung <\/p>\n<p>Am <strong>21. M\u00e4rz 2026<\/strong> \u00f6ffnet das Haus der Heimat in der Schlossstra\u00dfe 92 zum 17. Mal seine T\u00fcren f\u00fcr den <strong>Ostdeutschen Ostermarkt<\/strong>. Von 10 bis 16 Uhr erwarten Besucher hier kulinarische K\u00f6stlichkeiten wie K\u00f6nigsberger Marzipan, schlesischer Mohn- und Streuselkuchen oder Danziger Goldwasser, eine hinrei\u00dfende Ausstellung handwerklicher Kunst sowie Trachten, Literatur und Musik.<\/p>\n<p>Am <strong>7. Und 8. M\u00e4rz<\/strong> findet im <strong>Kloster Maulbronn<\/strong> der traditionelle <strong>Ostereiermarkt <\/strong>statt. Der ber\u00fchmte Markt bietet zahlreichen talentierten K\u00fcnstlern und Ausstellern eine Plattform und lockt j\u00e4hrlich viele Besucher an. Im Ausstellungsraum gibt es f\u00fcr Besucher auch Kaffee und Kuchen.<\/p>\n<p>Am<strong> 22. M\u00e4rz<\/strong> findet in <strong>Waiblingen<\/strong>, am verkaufsoffenen Sonntag, der traditionelle <strong>Ostermarkt <\/strong>statt. Fast 100 erlesene Kr\u00e4mer, Kunsthandwerker und Gastronomen reihen sich an diesem Sonntag in der Waiblinger Innenstadt aneinander. G\u00e4ste d\u00fcrfen sich auf \u00f6sterliches Handwerk, Geschenkartikel sowie Dekoration f\u00fcr Haus und Garten freuen. Los geht\u2019s um 11 Uhr.<\/p>\n<p>Am selben Tag findet auch in <strong>N\u00fcrtingen <\/strong>der verkaufsoffene Sonntag mit <strong>Osternestlemarkt <\/strong>statt. Die H\u00e4ndler dekorieren ihre St\u00e4nde liebevoll im Oster-Thema und bieten in den gem\u00fctlichen Gassen ihre Waren an. Zahlreiche talentierte Kunsthandwerker freuen sich auf die Besucher an diesem Sonntag im M\u00e4rz. Beginn ist ebenfalls um 11 Uhr.<\/p>\n<p> Fr\u00fchling in Esslingen am Neckar <\/p>\n<p>Wenn die ersten bunten Blumen bereits bl\u00fchen und die Tage endlich wieder l\u00e4nger sind, feiert Esslingen traditionell den<strong> Esslinger Fr\u00fchling<\/strong>. Das bunte Wochenende wird zentral in der malerischen Altstadt gefeiert. Am <strong>Samstag, den 25. Und Sonntag, den 26. April <\/strong>bietet sich Besuchern das Beste aus Unterhaltung, Information und Shoppingm\u00f6glichkeiten. In der Ritterstra\u00dfe und auf dem Rathausplatz finden von 11 bis 17 Uhr die Gartentage statt. Auf dem Marktplatz und in der Bahnhofstra\u00dfe wird au\u00dferdem ein B\u00fcchermarkt organisiert. Am Sonntag \u00f6ffnen die Esslinger Fachgesch\u00e4fte ebenfalls ihre T\u00fcren f\u00fcr die Besucher. Auch der absolute Publikumsliebling, das traditionelle Entenrennen in der Maille, darf auf dem Programm nicht fehlen.<\/p>\n<p> Konzert zur Sterbestunde Jesu in der Lutherkirche <\/p>\n<p>In der Lutherkirche in Bad Cannstatt findet am <strong>3. April<\/strong> um 15 Uhr das Sonderkonzert zur Sterbestunde Jesu statt. Unter der Leitung von J\u00f6rg-Hannes Hahn singt unter anderem der Bachchor Stuttgart und \u201eEnde und Anfang. Der bleibende Ruf des Dietrich Bonhoeffer\u201c wird erstaufgef\u00fchrt. Karten sind entweder im Vorfeld online oder telefonisch zu erwerben oder an der Abendkasse erh\u00e4ltlich.<\/p>\n<p> Johann Sebastian Bach: Johannespassion in der Paul-Gerhardt-Kirche <\/p>\n<p>Unter der Leitung von Ulrich Mangold wird am<strong> 3. April <\/strong>in der Paul-Gerhardt-Kirche im Stuttgarter Westen die Johannespassion aufgef\u00fchrt. Gesanglich gl\u00e4nzen Judith Wiesebrock, Johannes Held, der Paul-Gerhardt-Chor, der Kammerchor der Johanneskirche, Leo-vokal und der Eltern-Chor. Beginn ist um 17 Uhr.<\/p>\n<p> Karfreitagskonzert mit Bach und Mendelssohn <\/p>\n<p>In der Stuttgarter Stiftskirche finden sich am <strong>3. April<\/strong> Freunde der Musik zusammen und lauschen Bachs Matth\u00e4uspassion in der Fassung Mendelssohn Bartholdys. Beginn ist um 19 Uhr. Tickets sind im Voraus online, telefonisch oder am Infostand der Stiftskirche zu erwerben.<\/p>\n<p> Die Musik von Hans Zimmer in der Liederhalle <\/p>\n<p>Am <strong>4. April<\/strong> klingen die epischen Melodien von Hans Zimmer durch den Hegelsaal in der Liederhalle Stuttgart. Das Hollywood Philharmonic Orchestra bringt Hits aus zahlreichen Filmklassikern wie \u201eFluch der Karibik\u201c, \u201eK\u00f6nig der L\u00f6wen\u201c oder \u201eGladiator\u201c auf die B\u00fchne und begeistert das Stuttgarter Publikum.<\/p>\n<p> Philharmonie der Solisten <\/p>\n<p>Am<strong> 5. April<\/strong> begeistert im Mozartsaal der Liederhalle die Philharmonie der Solisten. Das Kammerorchester besticht durch seine einzigartige Besetzung und brilliert bei der Darbietung klassischer Meisterwerke und zeitgen\u00f6ssischer Kompositionen.<\/p>\n<p> Konzertabend in Mittelerde <\/p>\n<p>Ebenfalls am <strong>5. April<\/strong> in der Liederhalle, diesmal im Hegelsaal, \u00fcberzeugt ein Orchester mit Chor mit den eindrucksvollen Kompositionen Howard Shores. Die sch\u00f6nsten Lieder und Melodien aus \u201eDer Hobbit\u201c, \u201eDer Herr der Ringe\u201c und \u201eDie Ringe der Macht\u201c erwarten Mittelerde-Fans am Ostersonntag.<\/p>\n","protected":false},"excerpt":{"rendered":"Wenn der Fr\u00fchling nach Stuttgart kommt, wird auch die Osterzeit bunt und vielf\u00e4ltig: Von Osterm\u00e4rkten und besonderen Brunchangeboten&hellip;\n","protected":false},"author":2,"featured_media":828596,"comment_status":"","ping_status":"","sticky":false,"template":"","format":"standard","meta":{"footnotes":"","_share_on_mastodon":"0"},"categories":[1830],"tags":[3386,1634,3364,29,30,2454,9517,1441,123882,3699],"class_list":["post-828595","post","type-post","status-publish","format-standard","has-post-thumbnail","category-stuttgart","tag-advertorial","tag-baden-wuerttemberg","tag-de","tag-deutschland","tag-germany","tag-ostern","tag-seo_cm","tag-stuttgart","tag-themenwelt_showroom","tag-veranstaltung"],"share_on_mastodon":{"url":"https:\/\/pubeurope.com\/@de\/116140207216937123","error":""},"_links":{"self":[{"href":"https:\/\/www.europesays.com\/de\/wp-json\/wp\/v2\/posts\/828595","targetHints":{"allow":["GET"]}}],"collection":[{"href":"https:\/\/www.europesays.com\/de\/wp-json\/wp\/v2\/posts"}],"about":[{"href":"https:\/\/www.europesays.com\/de\/wp-json\/wp\/v2\/types\/post"}],"author":[{"embeddable":true,"href":"https:\/\/www.europesays.com\/de\/wp-json\/wp\/v2\/users\/2"}],"replies":[{"embeddable":true,"href":"https:\/\/www.europesays.com\/de\/wp-json\/wp\/v2\/comments?post=828595"}],"version-history":[{"count":0,"href":"https:\/\/www.europesays.com\/de\/wp-json\/wp\/v2\/posts\/828595\/revisions"}],"wp:featuredmedia":[{"embeddable":true,"href":"https:\/\/www.europesays.com\/de\/wp-json\/wp\/v2\/media\/828596"}],"wp:attachment":[{"href":"https:\/\/www.europesays.com\/de\/wp-json\/wp\/v2\/media?parent=828595"}],"wp:term":[{"taxonomy":"category","embeddable":true,"href":"https:\/\/www.europesays.com\/de\/wp-json\/wp\/v2\/categories?post=828595"},{"taxonomy":"post_tag","embeddable":true,"href":"https:\/\/www.europesays.com\/de\/wp-json\/wp\/v2\/tags?post=828595"}],"curies":[{"name":"wp","href":"https:\/\/api.w.org\/{rel}","templated":true}]}}