{"id":828681,"date":"2026-02-27T03:06:14","date_gmt":"2026-02-27T03:06:14","guid":{"rendered":"https:\/\/www.europesays.com\/de\/828681\/"},"modified":"2026-02-27T03:06:14","modified_gmt":"2026-02-27T03:06:14","slug":"parkverbotszonen-fuer-leihscooter-offenbar-nur-schall-und-rauch","status":"publish","type":"post","link":"https:\/\/www.europesays.com\/de\/828681\/","title":{"rendered":"\u201eParkverbotszonen\u201c f\u00fcr Leihscooter offenbar nur Schall und Rauch"},"content":{"rendered":"<p>\ud835\udde1\ud835\uddee\ud835\ude01\ud835\ude02\u0308\ud835\uddff\ud835\uddf9\ud835\uddf6\ud835\uddf0\ud835\uddf5 erfolgreiche Beendigung des Leihvorgangs in der \u201eZone\u201c<\/p>\n<p><img decoding=\"async\" src=\"https:\/\/www.europesays.com\/de\/wp-content\/uploads\/2026\/02\/50622451ht.jpg\"\/><\/p>\n<p><b>Bild 1: N.Bernhardt.<\/b> Ein junger Mann stellt den VOI-Scooter auf den Gehweg ab, macht ein Abschiedsfoto und latscht von dannen (kleines Bild unten links).<\/p>\n<p><a href=\"https:\/\/www.njuuz.de\/home\/politik\/auf-den-lime-gegangen\/\" target=\"_blank\" rel=\"nofollow noopener\">Auflagen und Bedingungen<\/a> zu Sondernutzungserlaubnissen haben den Zweck, im Einzelfall konkrete Regeln f\u00fcr das Miteinander festzulegen. Das Abstellen tausender Leihscooter im Wuppertaler Stadtgebiet ist kein sogenannter Gemeingebrauch mehr.<\/p>\n<p>In Anlage 1 zu  VO\/0354\/23 wurde f\u00fcr das Elberfelder Zentrum eine \u201eParkverbotszone\u201c festgelegt, in der das Abstellen und das Beenden des Mietvorgangs nur in festgelegten Abstellbereichen erlaubt ist. In der Drucksache geh\u00f6rt die Ecke Luisen-\/Laurentiusstra\u00dfe nicht dazu. Nat\u00fcrlich ist in einem dokumentierten Fall (Foto 1) die Beendigung trotzdem m\u00f6glich. <\/p>\n<p>Die Vertragsstrafe f\u00fcr VOI betr\u00e4gt in diesem Fall 0,00 \u20ac. Das ist nat\u00fcrlich ein gro\u00dfer Antrieb f\u00fcr Verleiher wie deren Kunden, k\u00fcnftig die vertraglichen Pflichten auch zu erf\u00fcllen.<\/p>\n<p><img decoding=\"async\" src=\"https:\/\/www.europesays.com\/de\/wp-content\/uploads\/2026\/02\/50622452ez.png\"\/><\/p>\n<p><b>Bild 2: Openstreetmap.org, mit Bearbeitung durch den Autor.<\/b> \u201eParkverbotszone\u201c Elberfeld. Quelle: <a href=\"https:\/\/ris.wuppertal.de\/getfile.asp?id=311805&amp;type=do\" rel=\"nofollow noopener\" target=\"_blank\">VO\/0354\/23, Anlage 01: Parkzonen Sharingangebote Elberfeld (PDF)<\/a>. \u201eX\u201c markiert die Stelle innerhalb der Zone, in der \u2013 rein theoretisch \u2013 das Abstellen des Leihscooters und das Beenden des Leihvorgangs vom Anbieter zu unterbinden, aber nat\u00fcrlich weiterhin m\u00f6glich ist.<\/p>\n<p>Hintergrundberichte<\/p>\n<blockquote class=\"wp-embedded-content\" data-secret=\"ViTlZuxWor\">\n<p><a href=\"https:\/\/www.njuuz.de\/home\/politik\/ueber-parkverbotszonen-maerchen-und-abstellbereichs-mythen\/\" rel=\"nofollow noopener\" target=\"_blank\">\u00dcber Parkverbotszonen-M\u00e4rchen und Abstellbereichs-Mythen.<\/a><\/p>\n<\/blockquote>\n<blockquote class=\"wp-embedded-content\" data-secret=\"mxDs1CdWGr\">\n<p><a href=\"https:\/\/www.njuuz.de\/home\/politik\/lime-scooter-kleben-besonders-gut-auf-gehwegen-und-wupperbruecken\/\" rel=\"nofollow noopener\" target=\"_blank\">Lime-Scooter kleben besonders gut auf Gehwegen und Wupperbr\u00fccken.<\/a><\/p>\n<\/blockquote>\n<blockquote class=\"wp-embedded-content\" data-secret=\"O06lIPMRF5\">\n<p><a href=\"https:\/\/www.njuuz.de\/home\/politik\/auf-den-lime-gegangen\/\" rel=\"nofollow noopener\" target=\"_blank\">Auf den \u201eLime\u201c gegangen<\/a><\/p>\n<\/blockquote>\n","protected":false},"excerpt":{"rendered":"\ud835\udde1\ud835\uddee\ud835\ude01\ud835\ude02\u0308\ud835\uddff\ud835\uddf9\ud835\uddf6\ud835\uddf0\ud835\uddf5 erfolgreiche Beendigung des Leihvorgangs in der \u201eZone\u201c Bild 1: N.Bernhardt. Ein junger Mann stellt den VOI-Scooter auf&hellip;\n","protected":false},"author":2,"featured_media":828682,"comment_status":"","ping_status":"","sticky":false,"template":"","format":"standard","meta":{"footnotes":"","_share_on_mastodon":"0"},"categories":[1840],"tags":[3364,29,30,1209,4418],"class_list":["post-828681","post","type-post","status-publish","format-standard","has-post-thumbnail","category-wuppertal","tag-de","tag-deutschland","tag-germany","tag-nordrhein-westfalen","tag-wuppertal"],"share_on_mastodon":{"url":"https:\/\/pubeurope.com\/@de\/116140388217192077","error":""},"_links":{"self":[{"href":"https:\/\/www.europesays.com\/de\/wp-json\/wp\/v2\/posts\/828681","targetHints":{"allow":["GET"]}}],"collection":[{"href":"https:\/\/www.europesays.com\/de\/wp-json\/wp\/v2\/posts"}],"about":[{"href":"https:\/\/www.europesays.com\/de\/wp-json\/wp\/v2\/types\/post"}],"author":[{"embeddable":true,"href":"https:\/\/www.europesays.com\/de\/wp-json\/wp\/v2\/users\/2"}],"replies":[{"embeddable":true,"href":"https:\/\/www.europesays.com\/de\/wp-json\/wp\/v2\/comments?post=828681"}],"version-history":[{"count":0,"href":"https:\/\/www.europesays.com\/de\/wp-json\/wp\/v2\/posts\/828681\/revisions"}],"wp:featuredmedia":[{"embeddable":true,"href":"https:\/\/www.europesays.com\/de\/wp-json\/wp\/v2\/media\/828682"}],"wp:attachment":[{"href":"https:\/\/www.europesays.com\/de\/wp-json\/wp\/v2\/media?parent=828681"}],"wp:term":[{"taxonomy":"category","embeddable":true,"href":"https:\/\/www.europesays.com\/de\/wp-json\/wp\/v2\/categories?post=828681"},{"taxonomy":"post_tag","embeddable":true,"href":"https:\/\/www.europesays.com\/de\/wp-json\/wp\/v2\/tags?post=828681"}],"curies":[{"name":"wp","href":"https:\/\/api.w.org\/{rel}","templated":true}]}}