{"id":829028,"date":"2026-02-27T06:23:17","date_gmt":"2026-02-27T06:23:17","guid":{"rendered":"https:\/\/www.europesays.com\/de\/829028\/"},"modified":"2026-02-27T06:23:17","modified_gmt":"2026-02-27T06:23:17","slug":"politik-stimmt-plaenen-fuer-mehr-als-90-wohnungen-zu","status":"publish","type":"post","link":"https:\/\/www.europesays.com\/de\/829028\/","title":{"rendered":"Politik stimmt Pl\u00e4nen f\u00fcr mehr als 90 Wohnungen zu"},"content":{"rendered":"<p class=\"text_ohne_einzug richtext text-em-55 !leading-serif mx-6 desktop:mx-0\">Die B\u00f6hlerstra\u00dfe in B\u00fcderich liegt nahe der D\u00fcsseldorfer Stadtgrenze. Dort warten bereits einige Brachfl\u00e4chen auf eine Entwicklung. Pl\u00e4ne daf\u00fcr gibt es seit Jahren. Zum Beispiel f\u00fcr das gemischte Wohngebiet B\u00f6hlerleben angrenzend an das Areal B\u00f6hler. Au\u00dferdem soll auf der Stra\u00dfe sp\u00e4ter einmal die Linie <a href=\"https:\/\/rp-online.de\/thema\/u81\/\" rel=\"nofollow noopener\" target=\"_blank\">U81<\/a> weitergef\u00fchrt werden. An der B\u00f6hlerstra\u00dfe mit den Hausnummern 32, 35, 37, 39 m\u00f6chte der Berliner Projektentwickler Atrium Development Group in gr\u00f6\u00dferem Umfang Wohnungen mit Gewerbe anbieten.<\/p>\n","protected":false},"excerpt":{"rendered":"Die B\u00f6hlerstra\u00dfe in B\u00fcderich liegt nahe der D\u00fcsseldorfer Stadtgrenze. Dort warten bereits einige Brachfl\u00e4chen auf eine Entwicklung. Pl\u00e4ne&hellip;\n","protected":false},"author":2,"featured_media":829029,"comment_status":"","ping_status":"","sticky":false,"template":"","format":"standard","meta":{"footnotes":"","_share_on_mastodon":"0"},"categories":[1831],"tags":[7140,3364,29,3405,30,1209],"class_list":["post-829028","post","type-post","status-publish","format-standard","has-post-thumbnail","category-duesseldorf","tag-buederich","tag-de","tag-deutschland","tag-duesseldorf","tag-germany","tag-nordrhein-westfalen"],"share_on_mastodon":{"url":"https:\/\/pubeurope.com\/@de\/116141162976704565","error":""},"_links":{"self":[{"href":"https:\/\/www.europesays.com\/de\/wp-json\/wp\/v2\/posts\/829028","targetHints":{"allow":["GET"]}}],"collection":[{"href":"https:\/\/www.europesays.com\/de\/wp-json\/wp\/v2\/posts"}],"about":[{"href":"https:\/\/www.europesays.com\/de\/wp-json\/wp\/v2\/types\/post"}],"author":[{"embeddable":true,"href":"https:\/\/www.europesays.com\/de\/wp-json\/wp\/v2\/users\/2"}],"replies":[{"embeddable":true,"href":"https:\/\/www.europesays.com\/de\/wp-json\/wp\/v2\/comments?post=829028"}],"version-history":[{"count":0,"href":"https:\/\/www.europesays.com\/de\/wp-json\/wp\/v2\/posts\/829028\/revisions"}],"wp:featuredmedia":[{"embeddable":true,"href":"https:\/\/www.europesays.com\/de\/wp-json\/wp\/v2\/media\/829029"}],"wp:attachment":[{"href":"https:\/\/www.europesays.com\/de\/wp-json\/wp\/v2\/media?parent=829028"}],"wp:term":[{"taxonomy":"category","embeddable":true,"href":"https:\/\/www.europesays.com\/de\/wp-json\/wp\/v2\/categories?post=829028"},{"taxonomy":"post_tag","embeddable":true,"href":"https:\/\/www.europesays.com\/de\/wp-json\/wp\/v2\/tags?post=829028"}],"curies":[{"name":"wp","href":"https:\/\/api.w.org\/{rel}","templated":true}]}}