{"id":829465,"date":"2026-02-27T10:30:15","date_gmt":"2026-02-27T10:30:15","guid":{"rendered":"https:\/\/www.europesays.com\/de\/829465\/"},"modified":"2026-02-27T10:30:15","modified_gmt":"2026-02-27T10:30:15","slug":"erst-20-grad-dann-bringt-eine-eisfront-minusgrade","status":"publish","type":"post","link":"https:\/\/www.europesays.com\/de\/829465\/","title":{"rendered":"Erst 20 Grad \u2013 dann bringt eine Eisfront Minusgrade"},"content":{"rendered":"<p>Kurzes Fr\u00fchlingscomeback <\/p>\n<p>20 Grad in K\u00f6ln und NRW \u2013 dann drohen Minusgrade<\/p>\n<p>27.02.2026 &#8211; 11:24 UhrLesedauer: 2 Min.<\/p>\n<p><a href=\"#focus-0\" class=\"transition-colors duration-200 block text-current relative\" data-sctrack=\"FocusGalleryImage.Reference\"><img fetchpriority=\"high\" data-testid=\"Opener.Image\" style=\"--lqipURL:url('https:\/\/images.t-online.de\/2026\/02\/2JH9P1RIk347\/0x416:4000x2250\/fit-in\/150x0\/filters:blur(25)\/frost-und-schnee-liegen-auf-den-zweigen-einer-pflanze-symbolbild-nach-dem-fruehlingshoch-kehrt-nach-koeln-und-nordrhein-westfalen-der-frost-zurueck.jpg')\"   loading=\"eager\" src=\"https:\/\/www.europesays.com\/de\/wp-content\/uploads\/2026\/02\/frost-und-schnee-liegen-auf-den-zweigen-einer-pflanze-symbolbild-nach-dem-fruehlingshoch-kehrt-nach-.jpeg\" alt=\"Frost und Schnee liegen auf den Zweigen einer Pflanze (Symbolbild): Nach dem Fr\u00fchlingshoch kehrt nach K\u00f6ln und Nordrhein-Westfalen der Frost zur\u00fcck.\" title=\"Frost und Schnee liegen auf den Zweigen einer Pflanze (Symbolbild): Nach dem Fr\u00fchlingshoch kehrt nach K\u00f6ln und Nordrhein-Westfalen der Frost zur\u00fcck.\" width=\"4000\" height=\"2250\" class=\"bg-[url:var(--lqipURL)] bg-cover bg-center flex h-full w-full max-w-full\" decoding=\"async\"\/><img style=\"--width:32;--height:32\" loading=\"lazy\" src=\"https:\/\/koeln.t-online.de\/s\/paper\/_next\/static\/media\/zoom-in.f7dae02f.svg\" alt=\"Vergr\u00f6\u00dfern des Bildes\" title=\"Vergr\u00f6\u00dfern des Bildes\" class=\"block h-[calc(var(--height)_\/_16_*_1rem)] w-[calc(var(--width)_\/_16_*_1rem)] max-w-none absolute bottom-8 right-8 rounded-4 bg-snow p-8\" decoding=\"async\"\/><\/a><\/p>\n<p>Frost und Schnee liegen auf den Zweigen einer Pflanze (Symbolbild): Nach dem Fr\u00fchlingshoch kehrt nach K\u00f6ln und Nordrhein-Westfalen der Frost zur\u00fcck. (Quelle: IMAGO\/Eibner-Pressefoto\/Juergen Augst)<\/p>\n<p class=\"font-bold text-18 leading-17 user-text-lg:text-22 user-text-xl:text-24\">Die milden Temperaturen in K\u00f6ln und NRW halten am Samstag und Sonntag an. Doch schon zu Wochenbeginn wird es vor allem nachts eisig.<\/p>\n<p>Video | Temperaturen \u00fcber 20 Grad: So wird das Wetter in Ihrer Region<\/p>\n<p><img style=\"--width:66;--height:64\" loading=\"lazy\" src=\"https:\/\/koeln.t-online.de\/s\/paper\/_next\/static\/media\/loading-indicator.1490436c.svg\" alt=\"Video l\u00e4dt\" title=\"Video l\u00e4dt\" class=\"block h-[calc(var(--height)_\/_16_*_1rem)] w-[calc(var(--width)_\/_16_*_1rem)] max-w-none undefined\" decoding=\"async\"\/><img   loading=\"lazy\" src=\"https:\/\/www.europesays.com\/de\/wp-content\/uploads\/2026\/02\/deutschlands-start-in-den-maerz-das-ecmwf-modell-geht-von-deutlich-ueberdurchschnittlichen-temperatu.png\" alt=\"Deutschlands Start in den M\u00e4rz: das ECMWF-Modell geht von deutlich \u00fcberdurchschnittlichen Temperaturen aus.\" title=\"Deutschlands Start in den M\u00e4rz: das ECMWF-Modell geht von deutlich \u00fcberdurchschnittlichen Temperaturen aus.\" width=\"910\" height=\"512\" class=\"w-full [grid-area:stack]\" decoding=\"async\"\/>Quelle: Glomex<\/p>\n<p class=\"text-18 leading-17 user-text-lg:text-22 user-text-xl:text-24\">Bereits in der Nacht zu Sonntag wird es dann deutlich k\u00e4lter, der DWD h\u00e4lt Tiefstwerte zwischen 5 und 2 Grad f\u00fcr m\u00f6glich. In der Eifel oder dem Sauerland k\u00f6nnen die Temperaturen auf bis zu 0 Grad sinken. Da der Boden oft noch deutlich k\u00e4lter ist, ist Frost trotz der derzeit fr\u00fchlingshaften Temperaturen am Tag nicht ausgeschlossen.<\/p>\n<p class=\"text-18 leading-17 user-text-lg:text-22 user-text-xl:text-24\">Dabei sollen Schneef\u00e4lle allerdings ausbleiben. Das Wettermodell des Europ\u00e4ischen Zentrums f\u00fcr mittelfristige Wettervorhersagen (ECMWF) hatte zu Wochenbeginn noch mit ein paar Zentimetern Neuschnee Anfang M\u00e4rz gerechnet. Mittlerweile rechnen die Wettermodelle aber vermehrt mit Regen. Bis Mitte kommender Woche sollen in K\u00f6ln bis zu 15 Liter Regen pro Quadratmeter fallen.<\/p>\n","protected":false},"excerpt":{"rendered":"Kurzes Fr\u00fchlingscomeback 20 Grad in K\u00f6ln und NRW \u2013 dann drohen Minusgrade 27.02.2026 &#8211; 11:24 UhrLesedauer: 2 Min.&hellip;\n","protected":false},"author":2,"featured_media":829466,"comment_status":"","ping_status":"","sticky":false,"template":"","format":"standard","meta":{"footnotes":"","_share_on_mastodon":"0"},"categories":[1828],"tags":[1424,950,29,9056,3405,4906,1418,2214,185658,185659,30,1420,8120,1209,33548,27551,13619,33547,6848,2256,51242,5415,2255],"class_list":["post-829465","post","type-post","status-publish","format-standard","has-post-thumbnail","category-koeln","tag-aachen","tag-deutscher-wetterdienst","tag-deutschland","tag-dueren","tag-duesseldorf","tag-dwd","tag-eifel","tag-euskirchen","tag-fruehlingscomeback","tag-fruehlingshoch","tag-germany","tag-koeln","tag-minusgrad","tag-nordrhein-westfalen","tag-oberbergischer-kreis","tag-rhein-erft-kreis","tag-rhein-sieg-kreis","tag-rheinisch-bergischer-kreis","tag-temperatur","tag-wetterausblick","tag-wettermodell","tag-wetterprognose","tag-wettervorhersage"],"share_on_mastodon":{"url":"https:\/\/pubeurope.com\/@de\/116142134346199454","error":""},"_links":{"self":[{"href":"https:\/\/www.europesays.com\/de\/wp-json\/wp\/v2\/posts\/829465","targetHints":{"allow":["GET"]}}],"collection":[{"href":"https:\/\/www.europesays.com\/de\/wp-json\/wp\/v2\/posts"}],"about":[{"href":"https:\/\/www.europesays.com\/de\/wp-json\/wp\/v2\/types\/post"}],"author":[{"embeddable":true,"href":"https:\/\/www.europesays.com\/de\/wp-json\/wp\/v2\/users\/2"}],"replies":[{"embeddable":true,"href":"https:\/\/www.europesays.com\/de\/wp-json\/wp\/v2\/comments?post=829465"}],"version-history":[{"count":0,"href":"https:\/\/www.europesays.com\/de\/wp-json\/wp\/v2\/posts\/829465\/revisions"}],"wp:featuredmedia":[{"embeddable":true,"href":"https:\/\/www.europesays.com\/de\/wp-json\/wp\/v2\/media\/829466"}],"wp:attachment":[{"href":"https:\/\/www.europesays.com\/de\/wp-json\/wp\/v2\/media?parent=829465"}],"wp:term":[{"taxonomy":"category","embeddable":true,"href":"https:\/\/www.europesays.com\/de\/wp-json\/wp\/v2\/categories?post=829465"},{"taxonomy":"post_tag","embeddable":true,"href":"https:\/\/www.europesays.com\/de\/wp-json\/wp\/v2\/tags?post=829465"}],"curies":[{"name":"wp","href":"https:\/\/api.w.org\/{rel}","templated":true}]}}