{"id":829837,"date":"2026-02-27T13:50:17","date_gmt":"2026-02-27T13:50:17","guid":{"rendered":"https:\/\/www.europesays.com\/de\/829837\/"},"modified":"2026-02-27T13:50:17","modified_gmt":"2026-02-27T13:50:17","slug":"abschaffung-des-habeck-heizungsgesetzes-ist-wichtiges-signal-fuer-eigentuemer-und-hand","status":"publish","type":"post","link":"https:\/\/www.europesays.com\/de\/829837\/","title":{"rendered":"Abschaffung des \u201eHabeck-Heizungsgesetzes\u201c ist wichtiges Signal f\u00fcr Eigent\u00fcmer und Hand"},"content":{"rendered":"<p>&#13;<br \/>\n            <b>Kreis Cochem-Zell.<\/b> Die angek\u00fcndigte Abschaffung des sogenannten \u201eHabeck-Heizungsgesetzes\u201c wird von der CDU ausdr\u00fccklich begr\u00fc\u00dft. <\/p>\n<p>Jens M\u00fcnster, Mitglied des Landtags und Kreisvorsitzender der CDU Cochem-Zell, sieht darin ein wichtiges Signal f\u00fcr die Menschen in Eifel, Mosel und Hunsr\u00fcck. <\/p>\n<p>\u201eGerade bei uns im l\u00e4ndlichen Raum \u2013 in der Eifel, an der Mosel und im Hunsr\u00fcck \u2013 hat das Heizungsgesetz viele B\u00fcrgerinnen und B\u00fcrger massiv verunsichert. <\/p>\n<p>Viele Eigenheimbesitzer wussten nicht mehr, welche Investitionen auf sie zukommen und wie sie das finanziell stemmen sollen\u201c, erkl\u00e4rt M\u00fcnster. \u201eDie nun angek\u00fcndigte Abschaffung ist deshalb ein Schritt in die richtige Richtung.\u201c <\/p>\n<p>Viele Geb\u00e4ude im Kreis Cochem-Zell seien \u00e4lterer Bauart und k\u00f6nnten nicht ohne Weiteres auf bestimmte Heizsysteme umger\u00fcstet werden. \u201eWer ein Einfamilienhaus in der Eifel oder im Hunsr\u00fcck hat oder einen Winzerbetrieb an der Mosel f\u00fchrt, braucht praktikable und bezahlbare L\u00f6sungen statt immer neuer Vorschriften\u201c, so M\u00fcnster weiter. Auch f\u00fcr das regionale Handwerk sei Planungssicherheit entscheidend. <\/p>\n<p>Mit Blick auf die Landespolitik erg\u00e4nzt M\u00fcnster: \u201eAuch in Rheinland-Pfalz m\u00fcssen wir aufpassen, dass Klimaschutz nicht zur \u00dcberforderung f\u00fcr Eigent\u00fcmer, Betriebe und Kommunen wird. Zus\u00e4tzliche Belastungen darf es gerade f\u00fcr unsere mittelst\u00e4ndischen Unternehmen, das Handwerk und die Industrie in unserer Region nicht geben.\u201c <\/p>\n<p>Die CDU stehe f\u00fcr eine Energiepolitik, die Klimaschutz mit wirtschaftlicher Vernunft verbinde. \u201eWir brauchen Technologieoffenheit statt ideologischer Vorgaben. Klimaschutz funktioniert nur mit Akzeptanz und Bezahlbarkeit \u2013 nicht mit der Brechstange\u201c, betont M\u00fcnster. Dazu geh\u00f6re auch, die Menschen bei steigenden Energiepreisen zu entlasten und sich weiterhin f\u00fcr eine sp\u00fcrbare Senkung der Stromsteuer einzusetzen. <\/p>\n<p>Abschlie\u00dfend macht Jens M\u00fcnster deutlich: \u201eF\u00fcr uns im Kreis Cochem-Zell ist klar: Wir wollen eine Energiepolitik, die bezahlbar, sicher und wirtschaftsfreundlich ist \u2013 und die die besonderen Herausforderungen unserer l\u00e4ndlichen Region von Eifel, Mosel und Hunsr\u00fcck ernst nimmt.\u201c <\/p>\n<p>&#13;<br \/>\n            Pressemitteilung B\u00fcro Jens M\u00fcnster <\/p>\n<p>                <a href=\"https:\/\/www.blick-aktuell.de\/Berichte\/Kreiselternausschuss-Cochem-Zell-im-Austausch-mit-Jens-Muenster-655448.html?StoryId=655735\" rel=\"nofollow noopener\" target=\"_blank\">&#13;<br \/>\n                  <img decoding=\"async\" class=\"img-responsive WebStoryLink-Image\" src=\"https:\/\/www.europesays.com\/de\/wp-content\/uploads\/2026\/02\/Kreiselternausschuss-Cochem-Zell-im-Austausch-mit-Jens-Muenster-655448t.jpg\" alt=\"Kreiselternausschuss Cochem-Zell im Austausch mit Jens M\u00fcnster\"\/>&#13;<br \/>\n                <\/a><\/p>\n<p>                <a href=\"https:\/\/www.blick-aktuell.de\/Politik\/Jens-Muenster-stand-Rede-und-Antwort-655222.html?StoryId=655735\" rel=\"nofollow noopener\" target=\"_blank\">&#13;<br \/>\n                  <img decoding=\"async\" class=\"img-responsive WebStoryLink-Image\" src=\"https:\/\/www.europesays.com\/de\/wp-content\/uploads\/2026\/02\/Jens-Muenster-stand-Rede-und-Antwort-655222t.jpg\" alt=\"Jens M\u00fcnster stand Rede und Antwort\"\/>&#13;<br \/>\n                <\/a><\/p>\n<p>                <a href=\"https:\/\/www.blick-aktuell.de\/Politik\/Politik-mit-dem-Ohr-am-Buerger-Format-Fraktion-vor-Ort-zieht-erste-Bilanz-654714.html?StoryId=655735\" rel=\"nofollow noopener\" target=\"_blank\">&#13;<br \/>\n                  <img decoding=\"async\" class=\"img-responsive WebStoryLink-Image\" src=\"https:\/\/www.europesays.com\/de\/wp-content\/uploads\/2026\/02\/Politik-mit-dem-Ohr-am-Buerger-Format-Fraktion-vor-Ort-zieht-erste-Bilanz-654714t.jpg\" alt=\"Politik mit dem Ohr am B\u00fcrger \u2013 Format \u201eFraktion vor Ort\u201c zieht erste Bilanz\"\/>&#13;<br \/>\n                <\/a><\/p>\n<p>                <a href=\"https:\/\/www.blick-aktuell.de\/Politik\/700-Berliner-fuer-Seniorinnen-und-Senioren-Jens-Muenster-besucht-Seniorenheime-im-Kreis-Cochem-Zell-654659.html?StoryId=655735\" rel=\"nofollow noopener\" target=\"_blank\">&#13;<br \/>\n                  <img decoding=\"async\" class=\"img-responsive WebStoryLink-Image\" src=\"https:\/\/www.europesays.com\/de\/wp-content\/uploads\/2026\/02\/700-Berliner-fuer-Seniorinnen-und-Senioren-Jens-Muenster-besucht-Seniorenheime-im-Kreis-Cochem-Zell-.jpeg\" alt=\"700 Berliner f\u00fcr Seniorinnen und Senioren \u2013 Jens M\u00fcnster besucht Seniorenheime im Kreis Cochem-Zell\"\/>&#13;<br \/>\n                <\/a><\/p>\n","protected":false},"excerpt":{"rendered":"&#13; Kreis Cochem-Zell. Die angek\u00fcndigte Abschaffung des sogenannten \u201eHabeck-Heizungsgesetzes\u201c wird von der CDU ausdr\u00fccklich begr\u00fc\u00dft. Jens M\u00fcnster, Mitglied&hellip;\n","protected":false},"author":2,"featured_media":829838,"comment_status":"","ping_status":"","sticky":false,"template":"","format":"standard","meta":{"footnotes":"","_share_on_mastodon":"0"},"categories":[1843],"tags":[31,51149,3364,29,1418,30,185725,51147,51148,62223,8970,1209,1756],"class_list":["post-829837","post","type-post","status-publish","format-standard","has-post-thumbnail","category-muenster","tag-cdu","tag-cochem","tag-de","tag-deutschland","tag-eifel","tag-germany","tag-hunsrck","tag-jens-mnster","tag-landkreis-cochem-zell","tag-mosel","tag-muenster","tag-nordrhein-westfalen","tag-rheinland-pfalz"],"share_on_mastodon":{"url":"https:\/\/pubeurope.com\/@de\/116142920752613718","error":""},"_links":{"self":[{"href":"https:\/\/www.europesays.com\/de\/wp-json\/wp\/v2\/posts\/829837","targetHints":{"allow":["GET"]}}],"collection":[{"href":"https:\/\/www.europesays.com\/de\/wp-json\/wp\/v2\/posts"}],"about":[{"href":"https:\/\/www.europesays.com\/de\/wp-json\/wp\/v2\/types\/post"}],"author":[{"embeddable":true,"href":"https:\/\/www.europesays.com\/de\/wp-json\/wp\/v2\/users\/2"}],"replies":[{"embeddable":true,"href":"https:\/\/www.europesays.com\/de\/wp-json\/wp\/v2\/comments?post=829837"}],"version-history":[{"count":0,"href":"https:\/\/www.europesays.com\/de\/wp-json\/wp\/v2\/posts\/829837\/revisions"}],"wp:featuredmedia":[{"embeddable":true,"href":"https:\/\/www.europesays.com\/de\/wp-json\/wp\/v2\/media\/829838"}],"wp:attachment":[{"href":"https:\/\/www.europesays.com\/de\/wp-json\/wp\/v2\/media?parent=829837"}],"wp:term":[{"taxonomy":"category","embeddable":true,"href":"https:\/\/www.europesays.com\/de\/wp-json\/wp\/v2\/categories?post=829837"},{"taxonomy":"post_tag","embeddable":true,"href":"https:\/\/www.europesays.com\/de\/wp-json\/wp\/v2\/tags?post=829837"}],"curies":[{"name":"wp","href":"https:\/\/api.w.org\/{rel}","templated":true}]}}