{"id":829947,"date":"2026-02-27T14:51:19","date_gmt":"2026-02-27T14:51:19","guid":{"rendered":"https:\/\/www.europesays.com\/de\/829947\/"},"modified":"2026-02-27T14:51:19","modified_gmt":"2026-02-27T14:51:19","slug":"bayern-star-verpasst-klassiker-beim-bvb","status":"publish","type":"post","link":"https:\/\/www.europesays.com\/de\/829947\/","title":{"rendered":"Bayern-Star verpasst Klassiker beim BVB"},"content":{"rendered":"<p><strong>Der FC Bayern muss vor dem Bundesliga-Topspiel bei Borussia Dortmund den n\u00e4chsten R\u00fcckschlag hinnehmen. Hiroki Ito hat sich eine Verletzung zugezogen und wird das Spitzenduell beim BVB verpassen.<\/strong><\/p>\n<p>Der Japaner verletze bei der Einheit am Donnerstag. Zun\u00e4chst war nur von muskul\u00e4ren Problemen die Rede, nun steht die Diagnose fest: Muskelfaserriss im Oberschenkel. Das best\u00e4tigte Bayern-Sportdirektor Christoph Freund nach der Champions-League-Auslosung bei Sky. Ito wird demnach zwei bis drei Wochen ausfallen. Sp\u00e4ter best\u00e4tigte der FC Bayern auch in einer offiziellen Mitteilung die Diagnose Muskelfaserriss im rechten, hinteren Oberschenkel.<\/p>\n<p>Damit verpasst Ito sicher den Meisterschafts-Gipfel am Samstag (18.30 Uhr, Sky) im Signal Iduna Park.<\/p>\n<p>Ito hatte das Training gemeinsam mit Minjae Kim vorzeitig beendet. W\u00e4hrend Kim \u00fcber Knieprobleme klagte, trifft es Ito nun konkret muskul\u00e4r.<\/p>\n<p>Personalsorgen vor dem Gipfel<\/p>\n<p>Noch vor wenigen Wochen konnte sich der FC Bayern \u00fcber einen nahezu komplett fitten Kader freuen. Ausgerechnet vor dem Duell mit dem direkten Konkurrenten mehren sich nun die Fragezeichen.<\/p>\n<p>Unter der Woche fehlten bereits Michael Olise und Aleksandar Pavlovic im Mannschaftstraining. Beide arbeiteten individuell und sollten durch gezielte Belastungssteuerung rechtzeitig fit werden. Pavlovic stand zuletzt wieder mit der Mannschaft auf dem Platz.<\/p>\n<p>Auch hinter Manuel Neuer steht weiterhin ein dickes Fragezeichen. Der 39-J\u00e4hrige hatte sich Mitte Februar einen Faserriss in der linken Wade zugezogen und arbeitet intensiv an seinem Comeback. Am Donnerstag trainierte er wieder mit der Mannschaft und absolvierte sogar erste Flugeinlagen.<\/p>\n<p><img loading=\"lazy\" decoding=\"async\" class=\"size-large wp-image-1410228\" src=\"https:\/\/www.europesays.com\/de\/wp-content\/uploads\/2026\/02\/Hiroki-Ito-16-1024x683.jpg\" alt=\"Hiroki Ito\" width=\"1024\" height=\"683\"\/>Foto: IMAGO<\/p>\n<p>Nach rund 20 Minuten sprach Neuer jedoch mit Reha-Coach Simon Martinello und Torwart-Trainer Michael Rechner \u00fcber Beschwerden im unteren R\u00fccken, im Ges\u00e4\u00dfbereich sowie an der Wade. Die Einheit wurde daraufhin beendet \u2013 nach Klubangaben jedoch im Rahmen der geplanten Belastungssteuerung. Eine endg\u00fcltige Entscheidung \u00fcber seinen Einsatz soll kurzfristig fallen.<\/p>\n<p>Mit Ito fehlt Trainer Vincent Kompany eine Alternative in der Defensive, die er nach der Verletzung von Alphonso Davies h\u00e4tte gut gebrauchen k\u00f6nnen.<\/p>\n<p><img decoding=\"async\" class=\"wp-worthy-pixel-img skip-lazy \" src=\"https:\/\/www.europesays.com\/de\/wp-content\/uploads\/2026\/02\/e9457b928cc845a1ae4c0c8cdc27d764.gif\" loading=\"eager\" data-no-lazy=\"1\" data-skip-lazy=\"1\" height=\"1\" width=\"1\" alt=\"\"\/> <\/p>\n","protected":false},"excerpt":{"rendered":"Der FC Bayern muss vor dem Bundesliga-Topspiel bei Borussia Dortmund den n\u00e4chsten R\u00fcckschlag hinnehmen. Hiroki Ito hat sich&hellip;\n","protected":false},"author":2,"featured_media":814828,"comment_status":"","ping_status":"","sticky":false,"template":"","format":"standard","meta":{"footnotes":"","_share_on_mastodon":"0"},"categories":[136],"tags":[29,30,5285,265],"class_list":["post-829947","post","type-post","status-publish","format-standard","has-post-thumbnail","category-sport","tag-deutschland","tag-germany","tag-hiroki-ito","tag-sport"],"share_on_mastodon":{"url":"https:\/\/pubeurope.com\/@de\/116143160594574871","error":""},"_links":{"self":[{"href":"https:\/\/www.europesays.com\/de\/wp-json\/wp\/v2\/posts\/829947","targetHints":{"allow":["GET"]}}],"collection":[{"href":"https:\/\/www.europesays.com\/de\/wp-json\/wp\/v2\/posts"}],"about":[{"href":"https:\/\/www.europesays.com\/de\/wp-json\/wp\/v2\/types\/post"}],"author":[{"embeddable":true,"href":"https:\/\/www.europesays.com\/de\/wp-json\/wp\/v2\/users\/2"}],"replies":[{"embeddable":true,"href":"https:\/\/www.europesays.com\/de\/wp-json\/wp\/v2\/comments?post=829947"}],"version-history":[{"count":0,"href":"https:\/\/www.europesays.com\/de\/wp-json\/wp\/v2\/posts\/829947\/revisions"}],"wp:featuredmedia":[{"embeddable":true,"href":"https:\/\/www.europesays.com\/de\/wp-json\/wp\/v2\/media\/814828"}],"wp:attachment":[{"href":"https:\/\/www.europesays.com\/de\/wp-json\/wp\/v2\/media?parent=829947"}],"wp:term":[{"taxonomy":"category","embeddable":true,"href":"https:\/\/www.europesays.com\/de\/wp-json\/wp\/v2\/categories?post=829947"},{"taxonomy":"post_tag","embeddable":true,"href":"https:\/\/www.europesays.com\/de\/wp-json\/wp\/v2\/tags?post=829947"}],"curies":[{"name":"wp","href":"https:\/\/api.w.org\/{rel}","templated":true}]}}