{"id":830228,"date":"2026-02-27T17:20:18","date_gmt":"2026-02-27T17:20:18","guid":{"rendered":"https:\/\/www.europesays.com\/de\/830228\/"},"modified":"2026-02-27T17:20:18","modified_gmt":"2026-02-27T17:20:18","slug":"berlin-erfurt-einfach-clueso-musik-auf-der-suche-nach-was-echtem","status":"publish","type":"post","link":"https:\/\/www.europesays.com\/de\/830228\/","title":{"rendered":"Berlin\/Erfurt | \u00abEinfach Clueso-Musik\u00bb: Auf der Suche nach was Echtem"},"content":{"rendered":"<p>Berlin\/Erfurt (dpa) &#8211; \u00abGib mir was Echtes\u00bb: Clueso stellt diesen Song an den Anfang seines neuen Albums &#8211; und nimmt seine Fans mit in die Tiefe. Auf der Platte geht es immer wieder um echte Momente, echte Verbindungen, um das, was in einer fl\u00fcchtigen Welt bleibt. \u00abDeja Vu 1\/2\u00bb erscheint heute.<\/p>\n<p>\u00abWenn wir in uns gehen, uns Zeit nehmen, dann finden wir Bilder, die versch\u00fcttet sind zwischen all den digitalen\u00bb, sagt der Musiker, der mit b\u00fcrgerlichem Namen Thomas H\u00fcbner hei\u00dft, der Deutschen Presse-Agentur. \u00abDie kleinen Dinge sind oft im Nachgang sch\u00f6n und manche \u00fcbersieht man auch einfach in diesem ICE, in dem man f\u00e4hrt.\u00bb<\/p>\n<p>Seit mehr als 20 Jahren ist Clueso (\u00abChicago\u00bb, \u00abGewinner\u00bb) eine Konstante im deutschen Musikgesch\u00e4ft. Es ist sein zehntes Album &#8211; und mit dem hat er sich Zeit gelassen. Seine letzte Platte mit dem schlichten Titel \u00abAlbum\u00bb erschien 2021. In der Zwischenzeit f\u00fcllte er trotzdem Halle um Halle mit seinen Konzerten, war Jury-Mitglied in der Castingshow \u00abThe Voice Kids\u00bb bei Sat.1 und machte mit bei \u00abSing meinen Song &#8211; Das Tauschkonzert\u00bb (Vox).\u00a0<\/p>\n<p>Waldb\u00fchnen-Konzert als Schl\u00fcsselmoment<\/p>\n<p>Das Album steht am Ende eines Findungsprozesses. \u00abEs kommen manchmal so \u00c4ngste, dass man denkt, man wird \u00fcberrannt, \u00fcberholt, es gibt so viele Kunstformen, so viele K\u00fcnstler &#8211; wo finde ich meinen Platz, ist das hier mein Platz?\u00bb, sagt Clueso der dpa. Ein Schl\u00fcsselmoment sei sein lange ertr\u00e4umtes Konzert auf der Berliner Waldb\u00fchne im Sommer 2024 gewesen.\u00a0<\/p>\n<p>\u00abAuf einmal stand ich da, und da waren 22.000 Leute. Und ich habe in die Gesichter geschaut, die M\u00e4nner schon mit ein paar grauen Haaren im Bart, und die Kids waren dabei &#8211; ich hab` das Publikum gesehen, das mitgewachsen ist\u00bb, erz\u00e4hlt der Musiker und Produzent. \u00abDas waren 22.000 Leute, die gekommen sind, ohne, dass ich ein Album hatte. Sie waren da wegen alten Bildern, die ich gemalt hatte. Das hat mich so best\u00e4rkt: Ich muss einfach meine Bilder malen. Ich muss ins Studio und schei\u00df auf alles.\u00bb<\/p>\n<p>Das, was er beim Waldb\u00fchnen-Konzert gesp\u00fcrt habe, sei eine andere Art von Erfolg gewesen. \u00abFr\u00fcher wollte ich einfach gesehen werden, ich wollte raus, ich wollte mitspielen in dem Business, ich wollte mich da irgendwie durchbei\u00dfen und erkannt werden und eine Rolle spielen\u00bb, erz\u00e4hlt Clueso. \u00abHeute wei\u00df ich: Ich bin super bekannt f\u00fcr das, was ich mache und gemacht habe.\u00bb Klingt nach angekommen sein &#8211; und ein bisschen Altersweisheit.\u00a0<\/p>\n<p>\u00abIch hatte einfach Bock, diese Mucke zu machen &#8211; meine Mucke. Und es hat mir so viel Seelenheil gegeben\u00bb, erz\u00e4hlt Clueso. \u00abMan muss sein eigenes Ding machen. Das habe ich zwar schon immer gemacht, aber beim Machen habe ich`s noch nie so vor Augen gehabt die ganze Zeit wie dieses Mal.\u00bb<\/p>\n<p>\u00abEinfach Clueso-Musik\u00bb<\/p>\n<p>Das Album ist \u00fcber weite Strecken leise, verlangt Zeit und Aufmerksamkeit, um sich ganz entfalten zu k\u00f6nnen. \u00abIch h\u00e4tte auch einfach 15 Radiohits schreiben k\u00f6nnen, das h\u00e4tte mehr gepasst in die Zeit\u00bb, sagt der S\u00e4nger und Songwriter. \u00abAber das war gerade absolut nicht mein Flavour.\u00bb\u00a0<\/p>\n<p>Wer Cluesos Wirken schon l\u00e4nger verfolgt, wird sich erinnert f\u00fchlen an \u00e4ltere Alben des Erfurters. \u00abIch hab` einfach Clueso-Musik gemacht\u00bb, sagt er. \u00abF\u00fcr mich ist es mal wieder ein richtiges Album, keine Sammlung von Songs, sondern ein Kunstwerk, das f\u00fcr sich steht.\u00bb<\/p>\n<p>Und Teil 2 von \u00abDeja Vu 1\/2\u00bb soll nachkommen &#8211; wann genau, ist noch offen. \u00abIch torpediere gern mit jedem Werk das Werk davor\u00bb, sagt Clueso. \u00abEs muss anders klingen.\u00bb Ungef\u00e4hr 30 Skizzen habe er daf\u00fcr schon zusammen &#8211; und es werde darauf wohl auch wieder mehr Features geben. Aber erstmal geht es im M\u00e4rz los auf Tour mit Teil 1 &#8211; \u00abdie gr\u00f6\u00dfte Tour, die wir je gespielt haben.\u00bb<\/p>\n<p>\u00abIch f\u00fchl` mich wahnsinnig fresh\u00bb<\/p>\n<p>Clueso ist inzwischen 45 &#8211; er, der seit jeher darauf angesprochen wird, wie jung er aussieht. \u00abManchmal sagen die Leute jetzt im Internet: &#8222;Oh Junge, du siehst m\u00fcde aus!&#8220; Und ich denk` so: &#8222;Nein, Mann, ich f\u00fchl` mich wahnsinnig fresh, ich bin einfach nur \u00e4lter&#8220;\u00bb, sagt er und lacht. \u00abIch seh`s entspannt. Wir werden \u00e4lter, das wird passieren, wir werden alle damit dealen m\u00fcssen. Ich werde die Leute schon mitnehmen, damit sie sich nicht pl\u00f6tzlich erschrecken.\u00bb\u00a0<\/p>\n<p>Clueso lebt weiterhin in Erfurt, festgelegt ist er auf die Stadt aber nicht. \u00abIch bin sehr sehr gerne zu Hause, wenn ich da bin, aber ich bin`s nie\u00bb, sagt er und lacht. \u00abIch kann \u00fcberall sein, ich bin jetzt gerade nicht auf der Suche nach `nem neuen Standort. Was ich nice finde, sind lichte R\u00e4ume &#8211; das kann ich in Hamburg haben, das kann ich in Erfurt haben.\u00bb\u00a0<\/p>\n<p>Drau\u00dfen zerbreche gerade alles, singt Clueso in dem Song \u00abPlattenladen\u00bb. Bei diesem leisen Hinweis auf das Zeitgeschehen bel\u00e4sst er es auf dem Album. \u00abAlle stehen unter dem Druck, eine Meinung haben zu m\u00fcssen zu der aktuellen Weltlage &#8211; und das ist jetzt bei dem aktuellen Album nicht der Fall\u00bb, sagt Clueso. \u00abIch m\u00f6chte eher, dass die Leute sich auf sich besinnen und dann auf die Idee kommen, menschlich zu agieren, was auch politisch ist.\u00bb Ihm gehe es darum, Freir\u00e4ume in sich selbst zu schaffen.<\/p>\n","protected":false},"excerpt":{"rendered":"Berlin\/Erfurt (dpa) &#8211; \u00abGib mir was Echtes\u00bb: Clueso stellt diesen Song an den Anfang seines neuen Albums &#8211;&hellip;\n","protected":false},"author":2,"featured_media":830229,"comment_status":"","ping_status":"","sticky":false,"template":"","format":"standard","meta":{"footnotes":"","_share_on_mastodon":"0"},"categories":[1825],"tags":[1941,1939,296,1937,29,30,2549,810,1940,1938,861],"class_list":["post-830228","post","type-post","status-publish","format-standard","has-post-thumbnail","category-berlin","tag-aktuelle-nachrichten-aus-berlin","tag-aktuelle-news-aus-berlin","tag-berlin","tag-berlin-news","tag-deutschland","tag-germany","tag-leute","tag-musik","tag-nachrichten-aus-berlin","tag-news-aus-berlin","tag-thueringen"],"share_on_mastodon":{"url":"https:\/\/pubeurope.com\/@de\/116143746422519460","error":""},"_links":{"self":[{"href":"https:\/\/www.europesays.com\/de\/wp-json\/wp\/v2\/posts\/830228","targetHints":{"allow":["GET"]}}],"collection":[{"href":"https:\/\/www.europesays.com\/de\/wp-json\/wp\/v2\/posts"}],"about":[{"href":"https:\/\/www.europesays.com\/de\/wp-json\/wp\/v2\/types\/post"}],"author":[{"embeddable":true,"href":"https:\/\/www.europesays.com\/de\/wp-json\/wp\/v2\/users\/2"}],"replies":[{"embeddable":true,"href":"https:\/\/www.europesays.com\/de\/wp-json\/wp\/v2\/comments?post=830228"}],"version-history":[{"count":0,"href":"https:\/\/www.europesays.com\/de\/wp-json\/wp\/v2\/posts\/830228\/revisions"}],"wp:featuredmedia":[{"embeddable":true,"href":"https:\/\/www.europesays.com\/de\/wp-json\/wp\/v2\/media\/830229"}],"wp:attachment":[{"href":"https:\/\/www.europesays.com\/de\/wp-json\/wp\/v2\/media?parent=830228"}],"wp:term":[{"taxonomy":"category","embeddable":true,"href":"https:\/\/www.europesays.com\/de\/wp-json\/wp\/v2\/categories?post=830228"},{"taxonomy":"post_tag","embeddable":true,"href":"https:\/\/www.europesays.com\/de\/wp-json\/wp\/v2\/tags?post=830228"}],"curies":[{"name":"wp","href":"https:\/\/api.w.org\/{rel}","templated":true}]}}