{"id":830260,"date":"2026-02-27T17:37:14","date_gmt":"2026-02-27T17:37:14","guid":{"rendered":"https:\/\/www.europesays.com\/de\/830260\/"},"modified":"2026-02-27T17:37:14","modified_gmt":"2026-02-27T17:37:14","slug":"bundestag-genehmigt-durchsuchungen-bei-afd-abgeordnetem-maximilian-krah","status":"publish","type":"post","link":"https:\/\/www.europesays.com\/de\/830260\/","title":{"rendered":"Bundestag genehmigt Durchsuchungen bei AfD-Abgeordnetem Maximilian Krah"},"content":{"rendered":"<p class=\"is-first-paragraph\" data-external=\"Article.FirstParagraph\">Der Bundestag hat den Weg f\u00fcr erneute Durchsuchungen beim AfD-Abgeordneten <a class=\"is-link c-block-items__link c-link--rich-text-renderer\" href=\"https:\/\/www.welt.de\/kultur\/article69958d48d20e9c276518ec5a\/literatur-die-masslose-selbstueberschaetzung-des-maximilian-krah.html\" data-internal-tracking-enabled=\"true\" data-internal-tracking=\"{&quot;action&quot;:&quot;click&quot;,&quot;label&quot;:&quot;link&quot;,&quot;name&quot;:&quot;Inline Element&quot;,&quot;data&quot;:{&quot;source&quot;:&quot;&quot;,&quot;target&quot;:&quot;https:\/\/www.welt.de\/kultur\/article69958d48d20e9c276518ec5a\/literatur-die-masslose-selbstueberschaetzung-des-maximilian-krah.html&quot;,&quot;trackingName&quot;:&quot;&quot;,&quot;trackingLabel&quot;:&quot;&quot;}}\" rel=\"nofollow noopener\" target=\"_blank\">Maximilian Krah<\/a> freigemacht. Das Parlament erteilte am sp\u00e4ten Donnerstagnachmittag einstimmig eine entsprechende Genehmigung \u2013 also auch mit den Stimmen der AfD. Der Hintergrund der vom Bundestag gebilligten \u201egerichtlichen Durchsuchungs- und Beschlagnahmebeschl\u00fcsse\u201c blieb unklar.<\/p>\n<p>Bereits Anfang September vergangenen Jahres war die Immunit\u00e4t Krahs aufgehoben worden. Zuvor war ein fr\u00fcherer Mitarbeiter Krahs wegen Spionage f\u00fcr China verurteilt worden. <\/p>\n<p>In der Folge durchsuchten Ermittler auch Krahs B\u00fcror\u00e4ume. Nach Angaben der Staatsanwaltschaft Dresden lauten die erhobenen Vorw\u00fcrfe Bestechlichkeit als Mandatstr\u00e4ger im Europ\u00e4ischen Parlament sowie Geldw\u00e4sche.<\/p>\n","protected":false},"excerpt":{"rendered":"Der Bundestag hat den Weg f\u00fcr erneute Durchsuchungen beim AfD-Abgeordneten Maximilian Krah freigemacht. Das Parlament erteilte am sp\u00e4ten&hellip;\n","protected":false},"author":2,"featured_media":830261,"comment_status":"","ping_status":"","sticky":false,"template":"","format":"standard","meta":{"footnotes":"","_share_on_mastodon":"0"},"categories":[2],"tags":[186,150,49688,29,74858,30,13,31147,8690,14,15,110,12,10,8,9,11],"class_list":["post-830260","post","type-post","status-publish","format-standard","has-post-thumbnail","category-deutschland","tag-afd","tag-alternative-fuer-deutschland","tag-bundestag-ks","tag-deutschland","tag-durchsuchung-ks","tag-germany","tag-headlines","tag-krah","tag-maximilian","tag-nachrichten","tag-news","tag-newsteam","tag-schlagzeilen","tag-top-news","tag-top-meldungen","tag-topmeldungen","tag-topnews"],"share_on_mastodon":{"url":"https:\/\/pubeurope.com\/@de\/116143813208138362","error":""},"_links":{"self":[{"href":"https:\/\/www.europesays.com\/de\/wp-json\/wp\/v2\/posts\/830260","targetHints":{"allow":["GET"]}}],"collection":[{"href":"https:\/\/www.europesays.com\/de\/wp-json\/wp\/v2\/posts"}],"about":[{"href":"https:\/\/www.europesays.com\/de\/wp-json\/wp\/v2\/types\/post"}],"author":[{"embeddable":true,"href":"https:\/\/www.europesays.com\/de\/wp-json\/wp\/v2\/users\/2"}],"replies":[{"embeddable":true,"href":"https:\/\/www.europesays.com\/de\/wp-json\/wp\/v2\/comments?post=830260"}],"version-history":[{"count":0,"href":"https:\/\/www.europesays.com\/de\/wp-json\/wp\/v2\/posts\/830260\/revisions"}],"wp:featuredmedia":[{"embeddable":true,"href":"https:\/\/www.europesays.com\/de\/wp-json\/wp\/v2\/media\/830261"}],"wp:attachment":[{"href":"https:\/\/www.europesays.com\/de\/wp-json\/wp\/v2\/media?parent=830260"}],"wp:term":[{"taxonomy":"category","embeddable":true,"href":"https:\/\/www.europesays.com\/de\/wp-json\/wp\/v2\/categories?post=830260"},{"taxonomy":"post_tag","embeddable":true,"href":"https:\/\/www.europesays.com\/de\/wp-json\/wp\/v2\/tags?post=830260"}],"curies":[{"name":"wp","href":"https:\/\/api.w.org\/{rel}","templated":true}]}}